{"id":30844,"date":"2024-02-23T12:35:32","date_gmt":"2024-02-23T09:35:32","guid":{"rendered":"http:\/\/mersinkadingazetesi.com\/?p=30844"},"modified":"2024-02-23T12:35:32","modified_gmt":"2024-02-23T09:35:32","slug":"toroslar-ticaretin-merkezi-olacak","status":"publish","type":"post","link":"https:\/\/mersinkadingazetesi.com\/?p=30844","title":{"rendered":"&#8220;Toroslar, ticaretin merkezi olacak&#8221;"},"content":{"rendered":"<p>Hayata ge\u00e7irece\u011fi projelerle birlikte Toroslar&#8217;\u0131n ad\u0131n\u0131 d\u00fcnyaya duyuraca\u011f\u0131n\u0131 vurgulayan \u00d6z, &#8220;Haz\u0131rlad\u0131\u011f\u0131m\u0131z ve hayata ge\u00e7irece\u011fimiz projelerde; kad\u0131nlara, gen\u00e7lere, tar\u0131m ve hayvanc\u0131l\u0131kla u\u011fra\u015fan vatanda\u015flar\u0131m\u0131za \u00f6ncelik vererek Toroslar&#8217;\u0131 ticaretin merkezi haline getirece\u011fiz ve Toroslar&#8217;\u0131n ad\u0131n\u0131 d\u00fcnyaya duyuraca\u011f\u0131z&#8221; dedi.<\/p>\n<p>Se\u00e7im \u00e7al\u0131\u015fmalar\u0131 kapsam\u0131nda esnaf ve mahalle ziyaretlerine aral\u0131ks\u0131z devam eden Cumhur \u0130ttifak\u0131 Toroslar Belediye Ba\u015fkan Aday\u0131 Dr. Ali \u00d6z, \u00c7a\u011fda\u015fkent Mahallesinde bulunan semt pazar\u0131n\u0131 ziyaret etti. Ziyarette pazar esnaf\u0131 ve vatanda\u015flar taraf\u0131ndan b\u00fcy\u00fck ilgiyle kar\u015f\u0131la\u015fan \u00d6z, hem pazarc\u0131 esnaf\u0131ndan al\u0131\u015fveri\u015f yaparak taleplerini dinledi hem de vatanda\u015flarla sohbet ederek Toroslar il\u00e7esiyle ilgili \u00f6nerilerini tek tek not ald\u0131.<\/p>\n<p>&#8220;TOROSLAR \u0130\u00c7\u0130N BAKANLIK KAPILARINDA YATARIM&#8221;<\/p>\n<p>Ziyarette elini s\u0131kt\u0131\u011f\u0131 her bir vatanda\u015ftan ve pazar esnaf\u0131ndan destek s\u00f6z\u00fc alan \u00d6z, &#8220;Vatanda\u015f\u0131m\u0131z\u0131n bize olan g\u00fcvenini bo\u015fa \u00e7\u0131karmayaca\u011f\u0131z. Kimsenin bu konudan \u015f\u00fcphesi olmas\u0131n. Hayalim olan Toroslar i\u00e7in haz\u0131rlad\u0131\u011f\u0131m\u0131z her bir projeyi hayata ge\u00e7irece\u011fiz. Gerekirse ilgili bakanl\u0131klar\u0131n kap\u0131s\u0131nda yatar\u0131m, ama o projeyi bakanl\u0131ktan onaylat\u0131r\u0131m. Milletvekili oldu\u011fum d\u00f6nemde de bunu bir\u00e7ok kez yapm\u0131\u015ft\u0131m, s\u00f6z konusu Toroslar olunca yine yapar\u0131m. Benim tek bir hayalim var; o da Toroslar. Hayalim olan Toroslar&#8217;da hedefim, geli\u015fen bir Toroslar yaratmak&#8221; dedi.<\/p>\n<p>&#8220;T\u0130CARET\u0130N KALB\u0130 TOROSLAR&#8217;DA ATACAK&#8221;<\/p>\n<p>Se\u00e7ildi\u011fi takdirde Toroslar&#8217;\u0131 cazibe merkezi haline getirece\u011fini belirten \u00d6z, &#8220;\u0130l\u00e7emizde ticaret ve ekonomi a\u00e7\u0131s\u0131ndan baz\u0131 eksikliklerimiz olmu\u015ftur. \u0130l\u00e7emizin geli\u015fmesi ve istihdam\u0131 art\u0131rmak i\u00e7in \u00e7e\u015fitli sekt\u00f6rleri kapsayan b\u00fcy\u00fck bir ticaret merkezine ihtiya\u00e7 duyulmaktad\u0131r. Se\u00e7ildikten sonra hayata ge\u00e7irece\u011fimiz projelerle birlikte, ticaret sekt\u00f6rlerinin i\u015fyerlerinin olaca\u011f\u0131 ve b\u00fcnyesinde 150 i\u015fyeri bar\u0131nd\u0131racak olan Toroslar Ticaret Merkezi&#8217;nin kurulmas\u0131n\u0131 sa\u011flayaca\u011f\u0131z. Bu sayede de Toroslar&#8217;\u0131 ticaret merkezi haline getirece\u011fiz. Ticaretin kalbini Toroslar&#8217;da att\u0131raca\u011f\u0131z. Toroslar&#8217;\u0131n ad\u0131n\u0131 d\u00fcnyaya duyuraca\u011f\u0131z&#8221; ifadelerini kulland\u0131.<\/p>\n","protected":false},"excerpt":{"rendered":"<p>Hayata ge\u00e7irece\u011fi projelerle birlikte Toroslar&#8217;\u0131n ad\u0131n\u0131 d\u00fcnyaya duyuraca\u011f\u0131n\u0131 vurgulayan \u00d6z, &#8220;Haz\u0131rlad\u0131\u011f\u0131m\u0131z ve hayata ge\u00e7irece\u011fimiz projelerde; kad\u0131nlara, gen\u00e7lere, tar\u0131m ve hayvanc\u0131l\u0131kla u\u011fra\u015fan vatanda\u015flar\u0131m\u0131za \u00f6ncelik vererek Toroslar&#8217;\u0131 ticaretin merkezi haline getirece\u011fiz ve Toroslar&#8217;\u0131n ad\u0131n\u0131 d\u00fcnyaya duyuraca\u011f\u0131z&#8221; dedi. Se\u00e7im \u00e7al\u0131\u015fmalar\u0131 kapsam\u0131nda esnaf ve mahalle ziyaretlerine aral\u0131ks\u0131z devam eden Cumhur \u0130ttifak\u0131 Toroslar Belediye Ba\u015fkan Aday\u0131 Dr. Ali \u00d6z, \u00c7a\u011fda\u015fkent [&hellip;]<\/p>\n","protected":false},"author":2,"featured_media":30845,"comment_status":"open","ping_status":"open","sticky":false,"template":"","format":"standard","meta":{"footnotes":""},"categories":[2,3,6],"tags":[],"class_list":["post-30844","post","type-post","status-publish","format-standard","has-post-thumbnail","hentry","category-gundem","category-manset","category-siyaset-2"],"views":2,"_links":{"self":[{"href":"https:\/\/mersinkadingazetesi.com\/index.php?rest_route=\/wp\/v2\/posts\/30844"}],"collection":[{"href":"https:\/\/mersinkadingazetesi.com\/index.php?rest_route=\/wp\/v2\/posts"}],"about":[{"href":"https:\/\/mersinkadingazetesi.com\/index.php?rest_route=\/wp\/v2\/types\/post"}],"author":[{"embeddable":true,"href":"https:\/\/mersinkadingazetesi.com\/index.php?rest_route=\/wp\/v2\/users\/2"}],"replies":[{"embeddable":true,"href":"https:\/\/mersinkadingazetesi.com\/index.php?rest_route=%2Fwp%2Fv2%2Fcomments&post=30844"}],"version-history":[{"count":0,"href":"https:\/\/mersinkadingazetesi.com\/index.php?rest_route=\/wp\/v2\/posts\/30844\/revisions"}],"wp:featuredmedia":[{"embeddable":true,"href":"https:\/\/mersinkadingazetesi.com\/index.php?rest_route=\/wp\/v2\/media\/30845"}],"wp:attachment":[{"href":"https:\/\/mersinkadingazetesi.com\/index.php?rest_route=%2Fwp%2Fv2%2Fmedia&parent=30844"}],"wp:term":[{"taxonomy":"category","embeddable":true,"href":"https:\/\/mersinkadingazetesi.com\/index.php?rest_route=%2Fwp%2Fv2%2Fcategories&post=30844"},{"taxonomy":"post_tag","embeddable":true,"href":"https:\/\/mersinkadingazetesi.com\/index.php?rest_route=%2Fwp%2Fv2%2Ftags&post=30844"}],"curies":[{"name":"wp","href":"https:\/\/api.w.org\/{rel}","templated":true}]}}