{"id":30847,"date":"2024-02-23T12:36:30","date_gmt":"2024-02-23T09:36:30","guid":{"rendered":"http:\/\/mersinkadingazetesi.com\/?p=30847"},"modified":"2024-02-23T12:36:30","modified_gmt":"2024-02-23T09:36:30","slug":"tuncer-mezitli-merkez-mahallesinde-esnaflarla-bir-araya-geldi","status":"publish","type":"post","link":"https:\/\/mersinkadingazetesi.com\/?p=30847","title":{"rendered":"Tuncer, Mezitli Merkez Mahallesi&#8217;nde esnaflarla bir araya geldi"},"content":{"rendered":"<p>CHP Mezitli Belediye Ba\u015fkan Aday\u0131 Ahmet Serkan Tuncer, Mezitli Merkez Mahallesi&#8217;nde esnaflarla bir araya geldi.<\/p>\n<p>D\u00fczenli olarak esnaf ve vatanda\u015flar\u0131n talep ve \u00f6nerilerini yerinde dinlemeye \u00f6zen g\u00f6steren Tuncer, bu kapsamda Merkez Mahallesi&#8217;ndeki esnaf ve vatanda\u015flar ile bir araya geldi.<\/p>\n<p>Tuncer; esnaf ve vatanda\u015flarla sohbet ederek, talep ve \u00f6nerilerini dinledi.<\/p>\n<p>Esnaflar\u0131 tek tek gezen Tuncer; esnaflara hay\u0131rl\u0131 i\u015fler ve bereketli kazan\u00e7lar dilerken, vatanda\u015flarla da sohbet etmeyi ihmal etmedi.<\/p>\n<p>Vatanda\u015flar ve esnaflar taraf\u0131ndan ilgiyle kar\u015f\u0131lanan Tuncer&#8217;e, se\u00e7ildikten sonra Mezitli&#8217;nin hak etti\u011fi de\u011fere kavu\u015faca\u011f\u0131n\u0131 vurgulad\u0131lar.<\/p>\n<p>Tuncer;  &#8220;Hava biraz so\u011fuk fakat esnaflar\u0131m\u0131z\u0131n ve vatanda\u015flar\u0131m\u0131z\u0131n ilgisi her zaman oldu\u011fu gibi i\u00e7imizi \u0131s\u0131tt\u0131. 1 Nisan sabah\u0131 halk\u0131m\u0131z\u0131n takdiriyle g\u00f6reve gelene kadar, tempomuzu d\u00fc\u015f\u00fcrmeden halk ile i\u00e7 i\u00e7e olmaya devam edece\u011fiz.&#8221; diye konu\u015ftu.<\/p>\n","protected":false},"excerpt":{"rendered":"<p>CHP Mezitli Belediye Ba\u015fkan Aday\u0131 Ahmet Serkan Tuncer, Mezitli Merkez Mahallesi&#8217;nde esnaflarla bir araya geldi. D\u00fczenli olarak esnaf ve vatanda\u015flar\u0131n talep ve \u00f6nerilerini yerinde dinlemeye \u00f6zen g\u00f6steren Tuncer, bu kapsamda Merkez Mahallesi&#8217;ndeki esnaf ve vatanda\u015flar ile bir araya geldi. Tuncer; esnaf ve vatanda\u015flarla sohbet ederek, talep ve \u00f6nerilerini dinledi. Esnaflar\u0131 tek tek gezen Tuncer; esnaflara [&hellip;]<\/p>\n","protected":false},"author":2,"featured_media":30848,"comment_status":"open","ping_status":"open","sticky":false,"template":"","format":"standard","meta":{"footnotes":""},"categories":[2,3],"tags":[],"class_list":["post-30847","post","type-post","status-publish","format-standard","has-post-thumbnail","hentry","category-gundem","category-manset"],"views":1,"_links":{"self":[{"href":"https:\/\/mersinkadingazetesi.com\/index.php?rest_route=\/wp\/v2\/posts\/30847"}],"collection":[{"href":"https:\/\/mersinkadingazetesi.com\/index.php?rest_route=\/wp\/v2\/posts"}],"about":[{"href":"https:\/\/mersinkadingazetesi.com\/index.php?rest_route=\/wp\/v2\/types\/post"}],"author":[{"embeddable":true,"href":"https:\/\/mersinkadingazetesi.com\/index.php?rest_route=\/wp\/v2\/users\/2"}],"replies":[{"embeddable":true,"href":"https:\/\/mersinkadingazetesi.com\/index.php?rest_route=%2Fwp%2Fv2%2Fcomments&post=30847"}],"version-history":[{"count":0,"href":"https:\/\/mersinkadingazetesi.com\/index.php?rest_route=\/wp\/v2\/posts\/30847\/revisions"}],"wp:featuredmedia":[{"embeddable":true,"href":"https:\/\/mersinkadingazetesi.com\/index.php?rest_route=\/wp\/v2\/media\/30848"}],"wp:attachment":[{"href":"https:\/\/mersinkadingazetesi.com\/index.php?rest_route=%2Fwp%2Fv2%2Fmedia&parent=30847"}],"wp:term":[{"taxonomy":"category","embeddable":true,"href":"https:\/\/mersinkadingazetesi.com\/index.php?rest_route=%2Fwp%2Fv2%2Fcategories&post=30847"},{"taxonomy":"post_tag","embeddable":true,"href":"https:\/\/mersinkadingazetesi.com\/index.php?rest_route=%2Fwp%2Fv2%2Ftags&post=30847"}],"curies":[{"name":"wp","href":"https:\/\/api.w.org\/{rel}","templated":true}]}}