{"id":30859,"date":"2024-02-23T12:48:46","date_gmt":"2024-02-23T09:48:46","guid":{"rendered":"http:\/\/mersinkadingazetesi.com\/?p=30859"},"modified":"2024-02-23T12:48:46","modified_gmt":"2024-02-23T09:48:46","slug":"serdar-soydan-guveninizi-bosa-cikarmayacagiz","status":"publish","type":"post","link":"https:\/\/mersinkadingazetesi.com\/?p=30859","title":{"rendered":"SERDAR SOYDAN: &#8220;G\u00dcVEN\u0130N\u0130Z\u0130 BO\u015eA \u00c7IKARMAYACA\u011eIZ&#8221;"},"content":{"rendered":"<p>Cumhur \u0130ttifak\u0131 Mersin B\u00fcy\u00fck\u015fehir Belediye Ba\u015fkan Aday\u0131 Serdar Soydan, &#8220;Yetki vermeniz halinde g\u00fcveninizi asla bo\u015fa \u00e7\u0131karmayaca\u011f\u0131z. Yavrular\u0131m\u0131z\u0131n mutlu bir \u015fekilde ya\u015fayaca\u011f\u0131 g\u00fczel bir Mersin&#8217;i hep birlikte in\u015fa edece\u011fiz&#8221; dedi.<\/p>\n<p>Akdeniz il\u00e7esi Adanal\u0131o\u011flu ve Homurlu Mahallelerinde vatanda\u015flarla bir araya gelen Cumhur \u0130ttifak\u0131 Mersin B\u00fcy\u00fck\u015fehir Belediye Ba\u015fkan Aday\u0131 Serdar Soydan ve Akdeniz Belediye Ba\u015fkan Aday\u0131 Mustafa G\u00fcltak b\u00fcy\u00fck bir ilgi ile kar\u015f\u0131land\u0131. B\u00f6lgede faaliyet g\u00f6steren esnaflar\u0131 ziyaret edip hay\u0131rl\u0131 i\u015fler temennisinde bulunan Soydan ve G\u00fcltak&#8217;a, muhtarlar, meclis \u00fcyesi adaylar\u0131, Cumhur \u0130ttifak\u0131 te\u015fkilatlar\u0131 ile \u00e7ok say\u0131da vatanda\u015f e\u015flik etti.<\/p>\n<p>&#8220;HEP\u0130N\u0130ZE M\u0130NNETTARIZ&#8221;<\/p>\n<p>Her ya\u015ftan vatanda\u015f\u0131n yo\u011fun ilgisi ile kar\u015f\u0131lanan Soydan burada yapt\u0131\u011f\u0131 konu\u015fmada, &#8220;Deste\u011finizi esirgemedi\u011finiz i\u00e7in her birinize minnettar\u0131z. B\u00f6lgedeki sorunlar\u0131n\u0131z\u0131n fark\u0131nday\u0131z. T\u00fcm \u00e7abam\u0131z sizlerin mutlulu\u011fu i\u00e7indir. Akdeniz Belediye Ba\u015fkan\u0131m\u0131z yeterli b\u00fct\u00e7esi olmamas\u0131na ra\u011fmen bu il\u00e7eye, Mersin&#8217;e olan sevdas\u0131ndan dolay\u0131 bir\u00e7ok hizmeti sizlere sundu. Ancak bir eli eksik kal\u0131yor. O da b\u00fcy\u00fck\u015fehir belediyesi. B\u00fct\u00e7esi, g\u00fcc\u00fc ve yetkisi daha fazla olan bir belediyeden s\u00f6z ediyoruz&#8221; diye konu\u015ftu.<\/p>\n<p>&#8220;DESTE\u011e\u0130N\u0130ZLE SORUNLARI \u00c7\u00d6ZECE\u011e\u0130Z&#8221;<\/p>\n<p>Soydan, &#8220;Biz diyoruz ki bu d\u00f6nem Akdeniz&#8217;in, Mersin&#8217;in art\u0131k \u00e7ok daha fazla noktalarda \u00e7al\u0131\u015fma yapabilmesi ad\u0131na bu yetkiyi, birli\u011fin g\u00fcc\u00fcne yani bizlere vermenizi istiyoruz. 5 y\u0131lda zaten biz sizin g\u00fcveninizi bo\u015fa \u00e7\u0131karmayaca\u011f\u0131z. Bunun da buradan taahh\u00fcd\u00fcn\u00fc veriyoruz. Sizlerden ald\u0131\u011f\u0131m\u0131z destekle bu b\u00f6lgedeki t\u00fcm sorunlar\u0131 \u00e7\u00f6zeriz. Bundan kimsenin \u015f\u00fcphesi olmas\u0131n. Biz sizlerden ald\u0131\u011f\u0131m\u0131z g\u00fc\u00e7le il\u00e7edeki eksiklikleri giderece\u011fiz&#8221; ifadelerini kulland\u0131.<\/p>\n<p>&#8220;\u00c7\u0130FT\u00c7\u0130 DOSTU BELED\u0130YE OLACACA\u011eIZ&#8221;<\/p>\n<p>G\u00f6reve geldikleri g\u00fcn itibar\u0131yla tar\u0131msal destekler sunacaklar\u0131n\u0131 da dile getiren Soydan, &#8220;\u00c7ift\u00e7ilerimizin kar oranlar\u0131n\u0131 art\u0131rmak ad\u0131na gereken t\u00fcm destekleri sunup, her daim yanlar\u0131nda duraca\u011f\u0131z. \u00c7ift\u00e7i dostu bir belediye olaca\u011f\u0131z. Ayr\u0131ca b\u00f6lgedeki alt yap\u0131 problemlerini ivedilikle \u00e7\u00f6z\u00fcme kavu\u015fturaca\u011f\u0131z. Yetki alan\u0131 ve b\u00fct\u00e7e bahanelerinin \u00fcst\u00fcne art\u0131k s\u00fcnger \u00e7ekmek istiyoruz. Akdeniz Belediye Ba\u015fkan\u0131m\u0131zla el ele verip b\u00fcy\u00fck\u015fehir belediyesinin yetkileri ile birlikte meclis \u00fcyelerimizden, muhtarlar\u0131m\u0131zdan gelecek her talebe cevap verece\u011fiz. Yavrular\u0131m\u0131z\u0131n mutlu bir \u015fekilde ya\u015fayaca\u011f\u0131 g\u00fczel bir Mersin&#8217;i hep birlikte in\u015fa edece\u011fiz&#8221; dedi.<\/p>\n","protected":false},"excerpt":{"rendered":"<p>Cumhur \u0130ttifak\u0131 Mersin B\u00fcy\u00fck\u015fehir Belediye Ba\u015fkan Aday\u0131 Serdar Soydan, &#8220;Yetki vermeniz halinde g\u00fcveninizi asla bo\u015fa \u00e7\u0131karmayaca\u011f\u0131z. Yavrular\u0131m\u0131z\u0131n mutlu bir \u015fekilde ya\u015fayaca\u011f\u0131 g\u00fczel bir Mersin&#8217;i hep birlikte in\u015fa edece\u011fiz&#8221; dedi. Akdeniz il\u00e7esi Adanal\u0131o\u011flu ve Homurlu Mahallelerinde vatanda\u015flarla bir araya gelen Cumhur \u0130ttifak\u0131 Mersin B\u00fcy\u00fck\u015fehir Belediye Ba\u015fkan Aday\u0131 Serdar Soydan ve Akdeniz Belediye Ba\u015fkan Aday\u0131 Mustafa G\u00fcltak [&hellip;]<\/p>\n","protected":false},"author":2,"featured_media":30861,"comment_status":"open","ping_status":"open","sticky":false,"template":"","format":"standard","meta":{"footnotes":""},"categories":[2,3,5],"tags":[],"class_list":["post-30859","post","type-post","status-publish","format-standard","has-post-thumbnail","hentry","category-gundem","category-manset","category-mersin"],"views":2,"_links":{"self":[{"href":"https:\/\/mersinkadingazetesi.com\/index.php?rest_route=\/wp\/v2\/posts\/30859"}],"collection":[{"href":"https:\/\/mersinkadingazetesi.com\/index.php?rest_route=\/wp\/v2\/posts"}],"about":[{"href":"https:\/\/mersinkadingazetesi.com\/index.php?rest_route=\/wp\/v2\/types\/post"}],"author":[{"embeddable":true,"href":"https:\/\/mersinkadingazetesi.com\/index.php?rest_route=\/wp\/v2\/users\/2"}],"replies":[{"embeddable":true,"href":"https:\/\/mersinkadingazetesi.com\/index.php?rest_route=%2Fwp%2Fv2%2Fcomments&post=30859"}],"version-history":[{"count":0,"href":"https:\/\/mersinkadingazetesi.com\/index.php?rest_route=\/wp\/v2\/posts\/30859\/revisions"}],"wp:featuredmedia":[{"embeddable":true,"href":"https:\/\/mersinkadingazetesi.com\/index.php?rest_route=\/wp\/v2\/media\/30861"}],"wp:attachment":[{"href":"https:\/\/mersinkadingazetesi.com\/index.php?rest_route=%2Fwp%2Fv2%2Fmedia&parent=30859"}],"wp:term":[{"taxonomy":"category","embeddable":true,"href":"https:\/\/mersinkadingazetesi.com\/index.php?rest_route=%2Fwp%2Fv2%2Fcategories&post=30859"},{"taxonomy":"post_tag","embeddable":true,"href":"https:\/\/mersinkadingazetesi.com\/index.php?rest_route=%2Fwp%2Fv2%2Ftags&post=30859"}],"curies":[{"name":"wp","href":"https:\/\/api.w.org\/{rel}","templated":true}]}}