{"id":30883,"date":"2024-02-25T10:58:40","date_gmt":"2024-02-25T07:58:40","guid":{"rendered":"http:\/\/mersinkadingazetesi.com\/?p=30883"},"modified":"2024-02-25T10:58:40","modified_gmt":"2024-02-25T07:58:40","slug":"mersin-buyuksehir-berat-kandilinde-15-bin-kandil-simidi-dagitti","status":"publish","type":"post","link":"https:\/\/mersinkadingazetesi.com\/?p=30883","title":{"rendered":"MERS\u0130N B\u00dcY\u00dcK\u015eEH\u0130R, BERAT KAND\u0130L\u0130&#8217;NDE 15 B\u0130N KAND\u0130L S\u0130M\u0130D\u0130 DA\u011eITTI"},"content":{"rendered":"<p>Mersin B\u00fcy\u00fck\u015fehir Belediyesi, kandillerde simit da\u011f\u0131t\u0131m\u0131 gelene\u011fini Berat Kandili&#8217;nde de s\u00fcrd\u00fcrd\u00fc. Kentin i\u015flek noktalar\u0131 ile cami \u00e7\u0131k\u0131\u015flar\u0131nda vatanda\u015flara Sosyal Hizmetler Dairesi Ba\u015fkanl\u0131\u011f\u0131 ekipleri taraf\u0131ndan kandil simitleri ula\u015ft\u0131r\u0131ld\u0131.<\/p>\n<p>Tarsus&#8217;tan Anamur&#8217;a 15 bin kandil simidi da\u011f\u0131t\u0131ld\u0131<\/p>\n<p>B\u00fcy\u00fck\u015fehir Belediyesi Sosyal Hizmetler Dairesi Ba\u015fkanl\u0131\u011f\u0131 ekipleri, her sene oldu\u011fu gibi bu sene de hem g\u00fcn i\u00e7erisinde kent merkezindeki i\u015flek noktalarda hem de yats\u0131 namaz\u0131n\u0131n ard\u0131ndan vatanda\u015flara kandil simidi da\u011f\u0131t\u0131m\u0131 yapt\u0131.<\/p>\n<p>Tarsus&#8217;tan Anamur&#8217;a kadar 13 il\u00e7ede vatanda\u015flar yats\u0131 namaz\u0131 sonras\u0131 B\u00fcy\u00fck\u015fehir&#8217;in kandil simidi ikram\u0131yla kar\u015f\u0131la\u015ft\u0131. B\u00fcy\u00fck\u015fehir ekipleri vatanda\u015flar\u0131n Berat Kandili&#8217;ni kutlarken, vatanda\u015flara kutular i\u00e7erisinde toplam 15 bin adet kandil simidi da\u011f\u0131tt\u0131.<\/p>\n","protected":false},"excerpt":{"rendered":"<p>Mersin B\u00fcy\u00fck\u015fehir Belediyesi, kandillerde simit da\u011f\u0131t\u0131m\u0131 gelene\u011fini Berat Kandili&#8217;nde de s\u00fcrd\u00fcrd\u00fc. Kentin i\u015flek noktalar\u0131 ile cami \u00e7\u0131k\u0131\u015flar\u0131nda vatanda\u015flara Sosyal Hizmetler Dairesi Ba\u015fkanl\u0131\u011f\u0131 ekipleri taraf\u0131ndan kandil simitleri ula\u015ft\u0131r\u0131ld\u0131. Tarsus&#8217;tan Anamur&#8217;a 15 bin kandil simidi da\u011f\u0131t\u0131ld\u0131 B\u00fcy\u00fck\u015fehir Belediyesi Sosyal Hizmetler Dairesi Ba\u015fkanl\u0131\u011f\u0131 ekipleri, her sene oldu\u011fu gibi bu sene de hem g\u00fcn i\u00e7erisinde kent merkezindeki i\u015flek noktalarda [&hellip;]<\/p>\n","protected":false},"author":2,"featured_media":30884,"comment_status":"open","ping_status":"open","sticky":false,"template":"","format":"standard","meta":{"footnotes":""},"categories":[3],"tags":[],"class_list":["post-30883","post","type-post","status-publish","format-standard","has-post-thumbnail","hentry","category-manset"],"views":1,"_links":{"self":[{"href":"https:\/\/mersinkadingazetesi.com\/index.php?rest_route=\/wp\/v2\/posts\/30883"}],"collection":[{"href":"https:\/\/mersinkadingazetesi.com\/index.php?rest_route=\/wp\/v2\/posts"}],"about":[{"href":"https:\/\/mersinkadingazetesi.com\/index.php?rest_route=\/wp\/v2\/types\/post"}],"author":[{"embeddable":true,"href":"https:\/\/mersinkadingazetesi.com\/index.php?rest_route=\/wp\/v2\/users\/2"}],"replies":[{"embeddable":true,"href":"https:\/\/mersinkadingazetesi.com\/index.php?rest_route=%2Fwp%2Fv2%2Fcomments&post=30883"}],"version-history":[{"count":0,"href":"https:\/\/mersinkadingazetesi.com\/index.php?rest_route=\/wp\/v2\/posts\/30883\/revisions"}],"wp:featuredmedia":[{"embeddable":true,"href":"https:\/\/mersinkadingazetesi.com\/index.php?rest_route=\/wp\/v2\/media\/30884"}],"wp:attachment":[{"href":"https:\/\/mersinkadingazetesi.com\/index.php?rest_route=%2Fwp%2Fv2%2Fmedia&parent=30883"}],"wp:term":[{"taxonomy":"category","embeddable":true,"href":"https:\/\/mersinkadingazetesi.com\/index.php?rest_route=%2Fwp%2Fv2%2Fcategories&post=30883"},{"taxonomy":"post_tag","embeddable":true,"href":"https:\/\/mersinkadingazetesi.com\/index.php?rest_route=%2Fwp%2Fv2%2Ftags&post=30883"}],"curies":[{"name":"wp","href":"https:\/\/api.w.org\/{rel}","templated":true}]}}