{"id":30886,"date":"2024-02-25T11:04:18","date_gmt":"2024-02-25T08:04:18","guid":{"rendered":"http:\/\/mersinkadingazetesi.com\/?p=30886"},"modified":"2024-02-25T11:04:18","modified_gmt":"2024-02-25T08:04:18","slug":"serdar-soydan-projelerimizle-geliyoruz","status":"publish","type":"post","link":"https:\/\/mersinkadingazetesi.com\/?p=30886","title":{"rendered":"SERDAR SOYDAN: &#8220;PROJELER\u0130M\u0130ZLE GEL\u0130YORUZ&#8221;"},"content":{"rendered":"<p>Mezitli Se\u00e7im Ofisi A\u00e7\u0131l\u0131\u015f\u0131&#8217;nda konu\u015fan Cumhur \u0130ttifak\u0131 Mersin B\u00fcy\u00fck\u015fehir Belediye Ba\u015fkan Aday\u0131 Serdar Soydan, &#8220;Biz Mersin&#8217;i tan\u0131yoruz. Bu \u015fehrin g\u00fczelliklerini de ihtiya\u00e7lar\u0131n\u0131 da \u00e7ok iyi biliyoruz. Biz b\u00fcy\u00fck bir irade ve g\u00fc\u00e7le, projelerimizle geliyoruz&#8221; dedi.<\/p>\n<p>Yerel se\u00e7imlere say\u0131l\u0131 g\u00fcnler kala \u00e7al\u0131\u015fmalar\u0131n\u0131 h\u0131z kesmeden s\u00fcrd\u00fcren Cumhur \u0130ttifak\u0131 Mersin B\u00fcy\u00fck\u015fehir Belediye Ba\u015fkan Aday\u0131 Serdar Soydan, yo\u011fun bir kat\u0131l\u0131m ile Mezitli Se\u00e7im Ofisi A\u00e7\u0131l\u0131\u015f\u0131&#8217;n\u0131 ger\u00e7ekle\u015ftirdi. A\u00e7\u0131l\u0131\u015fa Soydan&#8217;\u0131n yan\u0131 s\u0131ra AK Parti Mersin Milletvekili Ali K\u0131ratl\u0131, Cumhur \u0130ttifak\u0131 Mezitli Belediye Ba\u015fkan Aday\u0131 Mevl\u00fct Ekmekci ve Toroslar Belediye Ba\u015fkan Aday\u0131 Ali \u00d6z, AK Parti \u0130l Ba\u015fkan\u0131 Adem Aldemir, MHP \u0130l Ba\u015fkan\u0131 \u00d6mer G\u00fcrsoy, Cumhur \u0130ttifak\u0131 il ve il\u00e7e te\u015fkilatlar\u0131, ge\u00e7mi\u015f d\u00f6nem belediye ba\u015fkanlar\u0131, muhtarlar, sivil toplum kurulu\u015flar\u0131n\u0131n y\u00f6neticileri, meclis \u00fcyesi adaylar\u0131 ve \u00e7ok say\u0131da vatanda\u015f kat\u0131ld\u0131.<\/p>\n<p>&#8220;BU \u015eEHRE, BU \u00dcLKEYE A\u015eI\u011eIZ&#8221;<\/p>\n<p>Soydan burada yapt\u0131\u011f\u0131 konu\u015fmada, &#8220;Her ko\u015fulda yan\u0131m\u0131zda oldu\u011funuz i\u00e7in her birinize te\u015fekk\u00fcr ediyoruz. Biz hep birlikte b\u00fcy\u00fck T\u00fcrk milletiyiz. 31 Mart&#8217;ta Mezitli ve Mersin&#8217;in gelece\u011fi a\u00e7\u0131s\u0131ndan sand\u0131k ba\u015f\u0131na gidip oylar\u0131m\u0131z\u0131 kullanaca\u011f\u0131z. Bizim derdimiz hizmet. \u00c7\u00fcnk\u00fc biz bu \u015fehre, bu \u00fclkeye a\u015f\u0131\u011f\u0131z. \u0130n\u015fallah \u00e7ocuklar\u0131m\u0131z\u0131n da mutlu bir ortamda ya\u015fayaca\u011f\u0131 t\u00fcm belediye ba\u015fkan adaylar\u0131m\u0131z ile bu \u015fehre projeler \u00fcretece\u011fiz. Biz Mersin&#8217;i tan\u0131yoruz. Her soka\u011f\u0131n\u0131, her k\u00f6y\u00fcn\u00fc kar\u0131\u015f kar\u0131\u015f biliyoruz. Bu \u015fehrin g\u00fczelliklerini de ihtiya\u00e7lar\u0131n\u0131 da \u00e7ok iyi biliyoruz. G\u00f6reve geldi\u011fimizde Mersin, 321 kilometrelik sahil \u015feridi, tarihi, turizmi, sanayisi, tar\u0131m\u0131, do\u011fas\u0131, insan\u0131yla d\u00fcnyada parmakla g\u00f6sterilecek ilk 5 \u015fehir i\u00e7inde yer alacakt\u0131r&#8221; dedi.<\/p>\n<p>&#8220;BATTI \u00c7IKTILAR \u0130VED\u0130L\u0130KLE B\u0130TMEL\u0130D\u0130R&#8221;<\/p>\n<p>Soydan, &#8220;Siyasi ve d\u00fcnya g\u00f6r\u00fc\u015f\u00fc her ne olursa olsun 7&#8217;den 77&#8217;ye t\u00fcm Mersinli hem\u015ferilerimizi kucaklay\u0131p, bir olup, bu zamana kadar bu \u015fehirde yap\u0131lmayan, gelmeyen hizmetleri Cumhur \u0130ttifak\u0131 kadrolar\u0131 ile birlikte yapmak ad\u0131na yola \u00e7\u0131kt\u0131k. Biz 10 binin \u00fcst\u00fcnde hem\u015ferimizle bire bir kamuoyu yoklamas\u0131 yap\u0131p Mersin&#8217;imizin sorunlar\u0131n\u0131 dinledik. Maalesef bu y\u00fczy\u0131lda sonu\u00e7 ula\u015f\u0131m ve trafik sorunu olarak kar\u015f\u0131m\u0131za \u00e7\u0131kt\u0131. \u00c7ocuklar\u0131m\u0131z\u0131 okula g\u00f6t\u00fcr\u00fcrken, i\u015fe giderken saatlerimiz yollarda heba oluyor. Ula\u015f\u0131m master plan\u0131nda yer alan batt\u0131 \u00e7\u0131kt\u0131lar\u0131n 5 y\u0131ll\u0131k d\u00f6nemde ivedilikle bitirilmesi gerekti\u011fini s\u00f6yl\u00fcyoruz&#8221; diye konu\u015ftu.<\/p>\n<p>&#8220;BU PROJELER\u0130 CUMHUR \u0130TT\u0130FAKI YAPAR&#8221;<\/p>\n<p>Vatanda\u015flardan gelen ikinci \u015fikayetin i\u00e7me suyu oldu\u011funu ifade eden Serdar Soydan, &#8220;T\u00fcrkiye&#8217;nin en pahal\u0131 suyunu i\u00e7iyoruz. G\u00f6reve gelir gelmez i\u00e7me suyu sorununu \u00e7\u00f6zece\u011fimizi s\u00f6yl\u00fcyoruz. K\u00f6t\u00fc bir \u015fey s\u00f6ylemiyoruz. Ta\u015f \u00fcst\u00fcne ta\u015f koyandan Allah raz\u0131 olsun diyoruz. Ancak Mersin art\u0131k hizmet g\u00f6rmek zorundad\u0131r. Bu projeleri Cumhur \u0130ttifak\u0131 yapar. Bu irade ve g\u00fc\u00e7 bizde var. \u0130l\u00e7e belediyeleri, b\u00fcy\u00fck\u015fehir belediyesi ve merkezi h\u00fck\u00fcmetin de deste\u011fi ile mega projelerimizi hayata ge\u00e7irece\u011fiz&#8221; \u015feklinde konu\u015ftu.<\/p>\n<p>&#8220;SU VE ULA\u015eIM SORUNUNU B\u0130Z \u00c7\u00d6ZER\u0130Z&#8221;<\/p>\n<p>Soydan s\u00f6zlerini \u015f\u00f6yle noktalad\u0131: &#8220;Biz projelerimizle geliyoruz. Su sorununu da, ula\u015f\u0131m sorununu da biz \u00e7\u00f6zeriz. Sosyal belediyecili\u011fi de sonuna kadar biz yapar\u0131z. Cumhur \u0130ttifak\u0131 kadrolar\u0131 bu ehliyete sahiptir. Bizler sizlerden ald\u0131\u011f\u0131m\u0131z destekle 31 Mart&#8217;tan sonra t\u00fcm il\u00e7elerimiz, b\u00fcy\u00fck\u015fehir belediyemiz Cumhur \u0130ttifak\u0131&#8217;n\u0131n kadrolar\u0131 ile \u00e7ocuklar\u0131m\u0131z\u0131n mutlu ya\u015fayaca\u011f\u0131 \u00e7ok daha g\u00fczel bir Mersin sabah\u0131na uyanaca\u011f\u0131z. Bundan kimsenin \u015f\u00fcphesi olmas\u0131n.&#8221;<\/p>\n","protected":false},"excerpt":{"rendered":"<p>Mezitli Se\u00e7im Ofisi A\u00e7\u0131l\u0131\u015f\u0131&#8217;nda konu\u015fan Cumhur \u0130ttifak\u0131 Mersin B\u00fcy\u00fck\u015fehir Belediye Ba\u015fkan Aday\u0131 Serdar Soydan, &#8220;Biz Mersin&#8217;i tan\u0131yoruz. Bu \u015fehrin g\u00fczelliklerini de ihtiya\u00e7lar\u0131n\u0131 da \u00e7ok iyi biliyoruz. Biz b\u00fcy\u00fck bir irade ve g\u00fc\u00e7le, projelerimizle geliyoruz&#8221; dedi. Yerel se\u00e7imlere say\u0131l\u0131 g\u00fcnler kala \u00e7al\u0131\u015fmalar\u0131n\u0131 h\u0131z kesmeden s\u00fcrd\u00fcren Cumhur \u0130ttifak\u0131 Mersin B\u00fcy\u00fck\u015fehir Belediye Ba\u015fkan Aday\u0131 Serdar Soydan, yo\u011fun bir [&hellip;]<\/p>\n","protected":false},"author":2,"featured_media":30887,"comment_status":"open","ping_status":"open","sticky":false,"template":"","format":"standard","meta":{"footnotes":""},"categories":[8,2,3,5,6],"tags":[],"class_list":["post-30886","post","type-post","status-publish","format-standard","has-post-thumbnail","hentry","category-ekonomi","category-gundem","category-manset","category-mersin","category-siyaset-2"],"views":12,"_links":{"self":[{"href":"https:\/\/mersinkadingazetesi.com\/index.php?rest_route=\/wp\/v2\/posts\/30886"}],"collection":[{"href":"https:\/\/mersinkadingazetesi.com\/index.php?rest_route=\/wp\/v2\/posts"}],"about":[{"href":"https:\/\/mersinkadingazetesi.com\/index.php?rest_route=\/wp\/v2\/types\/post"}],"author":[{"embeddable":true,"href":"https:\/\/mersinkadingazetesi.com\/index.php?rest_route=\/wp\/v2\/users\/2"}],"replies":[{"embeddable":true,"href":"https:\/\/mersinkadingazetesi.com\/index.php?rest_route=%2Fwp%2Fv2%2Fcomments&post=30886"}],"version-history":[{"count":0,"href":"https:\/\/mersinkadingazetesi.com\/index.php?rest_route=\/wp\/v2\/posts\/30886\/revisions"}],"wp:featuredmedia":[{"embeddable":true,"href":"https:\/\/mersinkadingazetesi.com\/index.php?rest_route=\/wp\/v2\/media\/30887"}],"wp:attachment":[{"href":"https:\/\/mersinkadingazetesi.com\/index.php?rest_route=%2Fwp%2Fv2%2Fmedia&parent=30886"}],"wp:term":[{"taxonomy":"category","embeddable":true,"href":"https:\/\/mersinkadingazetesi.com\/index.php?rest_route=%2Fwp%2Fv2%2Fcategories&post=30886"},{"taxonomy":"post_tag","embeddable":true,"href":"https:\/\/mersinkadingazetesi.com\/index.php?rest_route=%2Fwp%2Fv2%2Ftags&post=30886"}],"curies":[{"name":"wp","href":"https:\/\/api.w.org\/{rel}","templated":true}]}}