{"id":30892,"date":"2024-02-25T11:10:06","date_gmt":"2024-02-25T08:10:06","guid":{"rendered":"http:\/\/mersinkadingazetesi.com\/?p=30892"},"modified":"2024-02-25T11:10:06","modified_gmt":"2024-02-25T08:10:06","slug":"mhpli-uysal-tarsus-kaliteli-hizmeti-hak-ediyor","status":"publish","type":"post","link":"https:\/\/mersinkadingazetesi.com\/?p=30892","title":{"rendered":"MHP&#8217;L\u0130 UYSAL: TARSUS KAL\u0130TEL\u0130 H\u0130ZMET\u0130 HAK ED\u0130YOR"},"content":{"rendered":"<p>Milliyet\u00e7i Hareket Partisi Mersin Milletvekili Dr. Levent Uysal, AK Parti Mersin Milletvekili Havva Sibel S\u00f6ylemez ile birlikte Cumhur \u0130ttifak\u0131 Tarsus Belediye Ba\u015fkan Aday\u0131 Mahmut Tat&#8217;\u0131n se\u00e7im \u00e7al\u0131\u015fmalar\u0131na kat\u0131l\u0131m sa\u011flad\u0131. Milletvekili Uysal &#8220;2019 y\u0131l\u0131nda Tarsus&#8217;ta u\u011franan yol kazas\u0131n\u0131 31 Mart ak\u015fam\u0131 telafi etmek istiyoruz. Emanet verdi\u011fimiz Tarsus&#8217;u ve Mersin&#8217;i sizlerin sayesinde geri alaca\u011f\u0131z. Mersin ve Tarsus, en iyi hizmeti almay\u0131 fazlas\u0131yla hak ediyor.&#8221; \u015feklinde konu\u015ftu.<\/p>\n<p>Cumhur \u0130ttifak\u0131 Milliyet\u00e7i Hareket Partisi Tarsus Belediye Ba\u015fkan Aday\u0131 Mahmut Tat, haftasonu da mahalleliyle bulu\u015ftu. Kerimler, Sayk\u00f6y, Ta\u015fkuyu ve Dedeler Mahalle toplant\u0131lar\u0131na Milliyet\u00e7i Hareket Partisi Mersin Milletvekili Dr. Levent Uysal da kat\u0131ld\u0131.<\/p>\n<p>Vatanda\u015flar\u0131n s\u0131cak tebess\u00fcm\u00fcyle kar\u015f\u0131lanan Uysal, Tarsus&#8217;un as\u0131l sahiplerinin y\u00f6netimine ge\u00e7mesine \u00e7ok az kald\u0131\u011f\u0131n\u0131 belirterek &#8220;Y\u0131llarca Milliyet\u00e7i Hareket Partisi y\u00f6netiminde olan Tarsus Belediyesi 2019 se\u00e7imlerinde yol kazas\u0131na u\u011frad\u0131. Ama biz Cumhur \u0130ttifak\u0131 ve MHP olarak ge\u00e7en bu 5 y\u0131l i\u00e7erisinde Tarsus&#8217;a daha kaliteli hizmet etmenin yollar\u0131n\u0131 iyice ara\u015ft\u0131rd\u0131k, eksikleri raporlad\u0131k. 31 Mart ak\u015fam\u0131 sizlerin dualar\u0131 ve destekleriyle kaybedilen 5 y\u0131l\u0131n telafisini yapmak istiyoruz. Mahmut Ba\u015fkan\u0131m\u0131z\u0131n hem siyaset hem de belediyecilik konusunda kimse eline su d\u00f6kemez. Mahmut Tat ba\u015fkan\u0131m\u0131z\u0131n Tarsus&#8217;ta g\u00f6sterece\u011fi ba\u015far\u0131, Mersin B\u00fcy\u00fck\u015fehir Belediyesi&#8217;ne de yans\u0131yacak. Genel Ba\u015fkan\u0131m\u0131z ve Cumhurba\u015fkan\u0131m\u0131z Mersin&#8217;i ve 13 il\u00e7emizi kendilerine hediye etmemizi d\u00f6rt g\u00f6zle bekliyorlar. \u0130nan\u0131yoruz birli\u011fin g\u00fcc\u00fcyle ba\u015faraca\u011f\u0131z.&#8221; ifadelerine yer verdi.<\/p>\n","protected":false},"excerpt":{"rendered":"<p>Milliyet\u00e7i Hareket Partisi Mersin Milletvekili Dr. Levent Uysal, AK Parti Mersin Milletvekili Havva Sibel S\u00f6ylemez ile birlikte Cumhur \u0130ttifak\u0131 Tarsus Belediye Ba\u015fkan Aday\u0131 Mahmut Tat&#8217;\u0131n se\u00e7im \u00e7al\u0131\u015fmalar\u0131na kat\u0131l\u0131m sa\u011flad\u0131. Milletvekili Uysal &#8220;2019 y\u0131l\u0131nda Tarsus&#8217;ta u\u011franan yol kazas\u0131n\u0131 31 Mart ak\u015fam\u0131 telafi etmek istiyoruz. Emanet verdi\u011fimiz Tarsus&#8217;u ve Mersin&#8217;i sizlerin sayesinde geri alaca\u011f\u0131z. Mersin ve Tarsus, [&hellip;]<\/p>\n","protected":false},"author":2,"featured_media":30893,"comment_status":"open","ping_status":"open","sticky":false,"template":"","format":"standard","meta":{"footnotes":""},"categories":[2,3,5],"tags":[],"class_list":["post-30892","post","type-post","status-publish","format-standard","has-post-thumbnail","hentry","category-gundem","category-manset","category-mersin"],"views":1,"_links":{"self":[{"href":"https:\/\/mersinkadingazetesi.com\/index.php?rest_route=\/wp\/v2\/posts\/30892"}],"collection":[{"href":"https:\/\/mersinkadingazetesi.com\/index.php?rest_route=\/wp\/v2\/posts"}],"about":[{"href":"https:\/\/mersinkadingazetesi.com\/index.php?rest_route=\/wp\/v2\/types\/post"}],"author":[{"embeddable":true,"href":"https:\/\/mersinkadingazetesi.com\/index.php?rest_route=\/wp\/v2\/users\/2"}],"replies":[{"embeddable":true,"href":"https:\/\/mersinkadingazetesi.com\/index.php?rest_route=%2Fwp%2Fv2%2Fcomments&post=30892"}],"version-history":[{"count":0,"href":"https:\/\/mersinkadingazetesi.com\/index.php?rest_route=\/wp\/v2\/posts\/30892\/revisions"}],"wp:featuredmedia":[{"embeddable":true,"href":"https:\/\/mersinkadingazetesi.com\/index.php?rest_route=\/wp\/v2\/media\/30893"}],"wp:attachment":[{"href":"https:\/\/mersinkadingazetesi.com\/index.php?rest_route=%2Fwp%2Fv2%2Fmedia&parent=30892"}],"wp:term":[{"taxonomy":"category","embeddable":true,"href":"https:\/\/mersinkadingazetesi.com\/index.php?rest_route=%2Fwp%2Fv2%2Fcategories&post=30892"},{"taxonomy":"post_tag","embeddable":true,"href":"https:\/\/mersinkadingazetesi.com\/index.php?rest_route=%2Fwp%2Fv2%2Ftags&post=30892"}],"curies":[{"name":"wp","href":"https:\/\/api.w.org\/{rel}","templated":true}]}}