{"id":30895,"date":"2024-02-25T11:11:31","date_gmt":"2024-02-25T08:11:31","guid":{"rendered":"http:\/\/mersinkadingazetesi.com\/?p=30895"},"modified":"2024-02-25T11:11:31","modified_gmt":"2024-02-25T08:11:31","slug":"dr-ali-oz-toroslari-tekstil-kenti-yapacagiz","status":"publish","type":"post","link":"https:\/\/mersinkadingazetesi.com\/?p=30895","title":{"rendered":"Dr. Ali \u00d6z: \u201cToroslar\u2019\u0131 tekstil kenti yapaca\u011f\u0131z\u201d"},"content":{"rendered":"<p>Mersin Tekstil \u00dcreticileri Derne\u011fi\u2019ni (MET\u00dcD) ziyaret eden Cumhur \u0130ttifak\u0131 Toroslar Belediye Ba\u015fkan Aday\u0131 Dr. Ali \u00d6z, \u201c\u015eehrimizde tekstil sekt\u00f6r\u00fcnde faaliyette olan ve il\u00e7emizde yat\u0131r\u0131m yapmak isteyen firmalar\u0131m\u0131z ya da esnaf\u0131m\u0131z i\u00e7in \u00fcretim b\u00f6lgesi planlay\u0131p, altyap\u0131s\u0131n\u0131 sa\u011flayaca\u011f\u0131z. B\u00f6ylelikle de Toroslar\u2019\u0131 tekstil kenti yapaca\u011f\u0131z. Tekstil \u00fcreticilerine istihdam olana\u011f\u0131 yaratarak Toroslar\u0131n ekonomik geli\u015fmesine de katk\u0131 sa\u011flayaca\u011f\u0131z\u201d dedi.<\/p>\n<p>Beraberinde AK Parti Toroslar \u0130l\u00e7e Ba\u015fkan\u0131 Ferdi \u00c7okkeser, MHP Toroslar \u0130l\u00e7e Ba\u015fkan\u0131 Osman Mete Y\u0131ld\u0131z ve \u00f6nceki d\u00f6nem Toroslar Belediye Ba\u015fkan\u0131 Hamit Tuna ile birlikte MET\u00dcD\u2019\u00fc ziyaret eden \u00d6z, Dernek Ba\u015fkan\u0131 Kemal Dede, y\u00f6netim kurulu ve dernek \u00fcyeleri taraf\u0131ndan kar\u015f\u0131land\u0131.<\/p>\n<p>\u201cTOROSLAR \u00c7A\u011e ATLAYACAK\u201d<br \/>\nZiyarette dernek \u00fcyelerinin taleplerini dinleyen ve tek tek not alan \u00d6z, Toroslar\u2019\u0131 tekstil sekt\u00f6r\u00fcn\u00fcn merkezi haline getireceklerini vurgulad\u0131. \u00d6z, burada yapt\u0131\u011f\u0131 konu\u015fmada, \u201cToroslar\u2019a ekonomik anlamda \u00e7a\u011f atlataca\u011f\u0131z. Toroslar tekstilin merkezi olacak. Sadece bununla da kalmayacak. Her anlamda Toroslar bug\u00fcne kadar g\u00f6rmedi\u011fi hizmetleri ve akabinde yat\u0131r\u0131mlar\u0131 g\u00f6recek. Bunu hep birlikte ba\u015faraca\u011f\u0131z\u201d dedi.<\/p>\n<p>\u201cTOROSLAR\u2019I TEKST\u0130L KENT\u0130 YAPACA\u011eIZ\u201d<br \/>\nTekstil \u00fcreticilerinin kent ekonomisine ciddi katk\u0131 sunduklar\u0131n\u0131 ifade eden \u00d6z, \u201c\u015eehrimizde tekstil sekt\u00f6r\u00fcnde faaliyette olan ve il\u00e7emizde yat\u0131r\u0131m yapmak isteyen firmalar\u0131m\u0131z ya da esnaf\u0131m\u0131z i\u00e7in \u00fcretim b\u00f6lgesi planlay\u0131p, altyap\u0131s\u0131n\u0131 sa\u011flayaca\u011f\u0131z. B\u00f6ylelikle de Toroslar\u2019\u0131 tekstil kenti yapaca\u011f\u0131z. Tekstil \u00fcreticilerine istihdam olana\u011f\u0131 yaratarak Toroslar\u0131n ekonomik geli\u015fmesine de katk\u0131 sa\u011flayaca\u011f\u0131z\u201d \u015feklinde konu\u015ftu.<\/p>\n<p>\u201cTOROSLAR\u2019A KATKI SUNAN K\u0130M VARSA YANINDA OLACA\u011eIZ\u201d<br \/>\nGer\u00e7ekle\u015ftirdi\u011fi her ziyarette Toroslar\u2019\u0131n b\u00fcy\u00fcmesi ve geli\u015fmesinin en b\u00fcy\u00fck hayali oldu\u011funun alt\u0131n\u0131 \u00e7izen \u00d6z, \u201cAllah\u2019\u0131n izniyle se\u00e7ildi\u011fimiz takdirde 1 Nisan sabah\u0131ndan itibaren bu kent i\u00e7in kim katk\u0131 sunuyorsa, kim elini ta\u015f\u0131n alt\u0131na koyuyorsa yan\u0131nda olaca\u011f\u0131z. Her ortamda s\u00f6yledi\u011fim s\u00f6z\u00fc burada da tekrarlamak istiyorum. Toroslar benim en b\u00fcy\u00fck hayalim. Geli\u015fen ve b\u00fcy\u00fcyen bir Toroslar\u2019\u0131 hep birlikte in\u015fa edece\u011fiz\u201d ifadelerini kulland\u0131.<\/p>\n","protected":false},"excerpt":{"rendered":"<p>Mersin Tekstil \u00dcreticileri Derne\u011fi\u2019ni (MET\u00dcD) ziyaret eden Cumhur \u0130ttifak\u0131 Toroslar Belediye Ba\u015fkan Aday\u0131 Dr. Ali \u00d6z, \u201c\u015eehrimizde tekstil sekt\u00f6r\u00fcnde faaliyette olan ve il\u00e7emizde yat\u0131r\u0131m yapmak isteyen firmalar\u0131m\u0131z ya da esnaf\u0131m\u0131z i\u00e7in \u00fcretim b\u00f6lgesi planlay\u0131p, altyap\u0131s\u0131n\u0131 sa\u011flayaca\u011f\u0131z. B\u00f6ylelikle de Toroslar\u2019\u0131 tekstil kenti yapaca\u011f\u0131z. Tekstil \u00fcreticilerine istihdam olana\u011f\u0131 yaratarak Toroslar\u0131n ekonomik geli\u015fmesine de katk\u0131 sa\u011flayaca\u011f\u0131z\u201d dedi. Beraberinde [&hellip;]<\/p>\n","protected":false},"author":2,"featured_media":30896,"comment_status":"open","ping_status":"open","sticky":false,"template":"","format":"standard","meta":{"footnotes":""},"categories":[2,3,5],"tags":[],"class_list":["post-30895","post","type-post","status-publish","format-standard","has-post-thumbnail","hentry","category-gundem","category-manset","category-mersin"],"views":6,"_links":{"self":[{"href":"https:\/\/mersinkadingazetesi.com\/index.php?rest_route=\/wp\/v2\/posts\/30895"}],"collection":[{"href":"https:\/\/mersinkadingazetesi.com\/index.php?rest_route=\/wp\/v2\/posts"}],"about":[{"href":"https:\/\/mersinkadingazetesi.com\/index.php?rest_route=\/wp\/v2\/types\/post"}],"author":[{"embeddable":true,"href":"https:\/\/mersinkadingazetesi.com\/index.php?rest_route=\/wp\/v2\/users\/2"}],"replies":[{"embeddable":true,"href":"https:\/\/mersinkadingazetesi.com\/index.php?rest_route=%2Fwp%2Fv2%2Fcomments&post=30895"}],"version-history":[{"count":0,"href":"https:\/\/mersinkadingazetesi.com\/index.php?rest_route=\/wp\/v2\/posts\/30895\/revisions"}],"wp:featuredmedia":[{"embeddable":true,"href":"https:\/\/mersinkadingazetesi.com\/index.php?rest_route=\/wp\/v2\/media\/30896"}],"wp:attachment":[{"href":"https:\/\/mersinkadingazetesi.com\/index.php?rest_route=%2Fwp%2Fv2%2Fmedia&parent=30895"}],"wp:term":[{"taxonomy":"category","embeddable":true,"href":"https:\/\/mersinkadingazetesi.com\/index.php?rest_route=%2Fwp%2Fv2%2Fcategories&post=30895"},{"taxonomy":"post_tag","embeddable":true,"href":"https:\/\/mersinkadingazetesi.com\/index.php?rest_route=%2Fwp%2Fv2%2Ftags&post=30895"}],"curies":[{"name":"wp","href":"https:\/\/api.w.org\/{rel}","templated":true}]}}