{"id":30902,"date":"2024-02-26T12:27:42","date_gmt":"2024-02-26T09:27:42","guid":{"rendered":"http:\/\/mersinkadingazetesi.com\/?p=30902"},"modified":"2024-02-26T12:27:42","modified_gmt":"2024-02-26T09:27:42","slug":"buyuksehirden-saglikli-konforlu-guvenli-cevreci-ve-ucuz-toplu-tasima","status":"publish","type":"post","link":"https:\/\/mersinkadingazetesi.com\/?p=30902","title":{"rendered":"B\u00dcY\u00dcK\u015eEH\u0130R&#8217;DEN SA\u011eLIKLI, KONFORLU, G\u00dcVENL\u0130, \u00c7EVREC\u0130 VE UCUZ TOPLU TA\u015eIMA"},"content":{"rendered":"<p>Donan\u0131ml\u0131 uzman kadrosuyla 5 y\u0131lda 170 milyondan fazla yolcuyu kentin her noktas\u0131na ta\u015f\u0131yan Mersin B\u00fcy\u00fck\u015fehir Belediyesi Ula\u015f\u0131m Dairesi Ba\u015fkanl\u0131\u011f\u0131, 170&#8217;i kad\u0131n 895 \u015fof\u00f6r ile sa\u011fl\u0131kl\u0131, g\u00fcvenli, konforlu, \u00e7evreci ve ekonomik ula\u015f\u0131m sa\u011flamay\u0131 s\u00fcrd\u00fcr\u00fcyor.<\/p>\n<p>Yeni al\u0131nan \u00e7evreci otob\u00fcsler ve a\u00e7\u0131lan hatlarla Mersin i\u00e7i ula\u015f\u0131m\u0131 kolayla\u015ft\u0131ran B\u00fcy\u00fck\u015fehir, Tarsus&#8217;tan Anamur&#8217;a kadar olan geni\u015f yol a\u011f\u0131yla Mersinlilere hizmet etmeye devam ediyor. G\u00fcvenli, h\u0131zl\u0131, sa\u011fl\u0131kl\u0131, \u00e7evreci ve ekonomik bir yolculuk ya\u015fatan ekipler, ara\u00e7lar\u0131n bak\u0131m-onar\u0131m\u0131ndan temizli\u011fine kadar her t\u00fcrl\u00fc ihtiyac\u0131n\u0131 ise, ge\u00e7ti\u011fimiz y\u0131l hizmete a\u00e7\u0131lan &#8216;Toplu Ta\u015f\u0131ma Yerle\u015fkesi&#8217;nde gideriyor. En donan\u0131ml\u0131 yolculuk hizmetini sunmak i\u00e7in i\u015fe al\u0131m s\u00fcrecinde ba\u015flayan ve g\u00f6rev s\u00fcresi boyunca devam eden e\u011fitimlerle kendilerini geli\u015ftirmeyi s\u00fcrd\u00fcren B\u00fcy\u00fck\u015fehir \u015fof\u00f6rleri ise, Mersinlilerin g\u00fcvenli yolculu\u011fu i\u00e7in her daim haz\u0131r.<\/p>\n<p>Demir: &#8220;5 y\u0131lda 170 milyondan fazla yolcu ta\u015f\u0131d\u0131k&#8221;<\/p>\n<p>Mersin B\u00fcy\u00fck\u015fehir Belediye Ba\u015fkan\u0131 Vahap Se\u00e7er&#8217;in g\u00f6reve geldi\u011fi 2019 y\u0131l\u0131ndan itibaren toplu ta\u015f\u0131ma hizmetlerinde vizyonlar\u0131n\u0131 geli\u015ftirdiklerini s\u00f6yleyen Toplu Ta\u015f\u0131ma \u015eube M\u00fcd\u00fcr\u00fc Bayram Demir, &#8220;En ba\u015fta yolcu say\u0131lar\u0131n\u0131n art\u0131\u015f\u0131nda bunu g\u00f6rebilmekteyiz. 2019-2023 y\u0131llar\u0131 aras\u0131nda tam 170 milyona yak\u0131n yolcu ta\u015f\u0131d\u0131k. Her ge\u00e7en y\u0131l, y\u00fczde 12 ile 20 aras\u0131nda bir yolcu art\u0131\u015f\u0131m\u0131z var. Bundaki en b\u00fcy\u00fck fakt\u00f6r; yapt\u0131\u011f\u0131m\u0131z hizmetin g\u00fcvenilir, hijyenik, ekonomik ve dakik olmas\u0131. Bundan dolay\u0131 yolcular\u0131n her ge\u00e7en g\u00fcn beklentileri ve toplu ta\u015f\u0131maya da ilgileri artmakta&#8221; diyerek, 2024 y\u0131l\u0131nda 50 milyon yolcu ta\u015f\u0131may\u0131 hedeflediklerini belirtti. <\/p>\n<p>&#8220;Otob\u00fcs temizli\u011finde kullan\u0131lan 100 litre suyun 80 litresi geri d\u00f6n\u00fc\u015ft\u00fcr\u00fcl\u00fcyor&#8221;<\/p>\n<p>Yeni al\u0131nan do\u011falgazl\u0131 272 adet ara\u00e7 ile \u00e7evreci bir ula\u015f\u0131m sa\u011flad\u0131klar\u0131n\u0131 belirten Demir, &#8220;\u0130nsanlar\u0131n toplu ta\u015f\u0131maya g\u00fcveni artt\u0131k\u00e7a, bireysel ara\u00e7lar azalmakta ve \u015fehrimize de \u00e7evreci bir politikayla karbondioksit sal\u0131n\u0131m\u0131 azalmaktad\u0131r. \u00c7evreye duyarl\u0131 otob\u00fcslerimizle g\u00fcvenli bir toplu ta\u015f\u0131ma hizmeti sunmaktay\u0131z&#8221; s\u00f6zlerine yer verdi. Ayn\u0131 zamanda tasarrufa da b\u00fcy\u00fck \u00f6nem verdiklerini s\u00f6yleyen Demir, &#8220;Otob\u00fcslerin temizli\u011finde kulland\u0131\u011f\u0131m\u0131z 100 litre sudan 80 litresini, geri d\u00f6n\u00fc\u015f\u00fcmde kullanabilmekteyiz. Bu da de\u011fi\u015fen mevsim ko\u015fullar\u0131nda, su ihtiyac\u0131m\u0131z\u0131 en aza indirgiyor. Otob\u00fcslerin y\u0131kanmas\u0131 sonras\u0131 ortaya \u00e7\u0131kan ya\u011fmurlu, \u00e7amurlu ya da ya\u011fl\u0131 sular\u0131 ayr\u0131\u015ft\u0131r\u0131rken, o suya tekrar oksijen verip \u00e7evreye o \u015fekilde b\u0131rakmaktay\u0131z. Otob\u00fcslerin kendisinde oldu\u011fu gibi, altyap\u0131s\u0131nda kulland\u0131\u011f\u0131m\u0131z hizmetler de tamamen \u00e7evreye duyarl\u0131&#8221; dedi.<\/p>\n<p>&#8220;5 y\u0131lda kad\u0131n \u015fof\u00f6r say\u0131m\u0131z 4 kat artt\u0131 ve 170&#8217;e ula\u015ft\u0131&#8221;<\/p>\n<p>rtan yolcu say\u0131s\u0131n\u0131 kald\u0131rabilmek i\u00e7in otob\u00fcs say\u0131s\u0131n\u0131 ve \u015fof\u00f6r kadrolar\u0131n\u0131 da geni\u015flettiklerine dikkat \u00e7eken Demir, &#8220;2019-2023 y\u0131llar\u0131 aras\u0131nda kad\u0131n s\u00fcr\u00fcc\u00fc say\u0131m\u0131zda tam 4 kat bir art\u0131\u015f var. \u015eu anda toplam \u015fof\u00f6r say\u0131m\u0131z 895 olup, bunun 170&#8217;i kad\u0131n \u015fof\u00f6rlerimizden olu\u015fuyor&#8221; dedi.<\/p>\n<p>Kad\u0131n \u015fof\u00f6rlere pozitif ayr\u0131mc\u0131l\u0131k yapt\u0131klar\u0131n\u0131n da alt\u0131n\u0131 \u00e7izen Demir, kad\u0131n s\u00fcr\u00fcc\u00fclerin yolcularla daha \u00e7ok empati kurdu\u011funu ve yolcular\u0131n kad\u0131n \u015fof\u00f6rlerden daha memnun oldu\u011funu vurgulad\u0131. \u015eof\u00f6r aday\u0131 kad\u0131nlara da seslenen Demir, i\u015f ba\u015fvurusu s\u00fcrecini, &#8220;Otob\u00fcs ehliyeti, psikoteknik ve SRC belgesi olanlar, MERCEK e\u011fitim merkezlerine ya da direkt Ula\u015f\u0131m Dairesi Ba\u015fkanl\u0131\u011f\u0131&#8217;na i\u015f ba\u015fvurusunda bulunuyorlar. \u0130lk ba\u015fta bir s\u0131navdan ge\u00e7iyorlar, direksiyon becerileri test ediliyor. Daha sonra i\u015fe al\u0131nmaya m\u00fcteakip 2 ayl\u0131k bir e\u011fitimleri var. 2 ayl\u0131k e\u011fitimi tamamlayanlar da seferlere \u00e7\u0131k\u0131yorlar&#8221; diye anlatt\u0131.<\/p>\n<p>&#8220;Tarsus&#8217;tan Anamur&#8217;a kadar her yere hizmet vermekteyiz&#8221;<\/p>\n<p>Al\u0131nan t\u00fcm \u015fof\u00f6rlerin belli e\u011fitimlerden de ge\u00e7ti\u011fini kaydeden Demir, &#8220;\u015eof\u00f6rlerimiz hem bili\u015fsel seviyede, hem de uygulama d\u00fczeyinde tamamen topluma hizmet edecek kapasiteye haz\u0131r hale gelince sefere \u00e7\u0131karmaktay\u0131z&#8221; diye konu\u015ftu. E\u011fitimlerin 4 a\u015famadan olu\u015ftu\u011funu belirten Demir; \u015fof\u00f6rlere mekanik, ara\u00e7 bak\u0131m\u0131, fark\u0131ndal\u0131k ve s\u00fcr\u00fc\u015f becerisi e\u011fitimleri verdiklerini de s\u00f6yledi.<\/p>\n<p>Tarsus&#8217;tan Anamur&#8217;a kadar olan 320 kilometreye yak\u0131n bir k\u0131y\u0131 \u015feridinin, B\u00fcy\u00fck\u015fehir&#8217;in ula\u015f\u0131m ara\u00e7lar\u0131yla gidebilece\u011fini s\u00f6yleyen Demir, &#8220;Adeta \u015fehirleraras\u0131 bir otob\u00fcs firmas\u0131 gibi, Tarsus&#8217;taki bir vatanda\u015f\u0131m\u0131z Anamur&#8217;a kadar aktarmal\u0131 bir sistemde sadece belediye otob\u00fcslerinden yararlanarak ekonomik bir \u015fekilde seyahat edebiliyor&#8221; dedi.<\/p>\n<p>&#8220;Ula\u015f\u0131m Ana Koordinasyon Merkezi, yolcular\u0131n b\u00fct\u00fcn beklentilerine hitap ediyor&#8221;<\/p>\n<p>Ula\u015f\u0131m Ana Koordinasyon Merkezi sayesinde toplu ta\u015f\u0131ma camias\u0131n\u0131n \u00e7a\u011f atlad\u0131\u011f\u0131n\u0131 kaydeden Demir, otob\u00fcslerin sevk ve idaresinin yan\u0131 s\u0131ra; bak\u0131m-onar\u0131m, temizlik gibi b\u00fct\u00fcn i\u015flemlerinin de Toplu Ta\u015f\u0131ma Yerle\u015fkesi&#8217;nde yap\u0131ld\u0131\u011f\u0131n\u0131 belirtti. Ula\u015f\u0131m Ana Koordinasyon Merkezi&#8217;nin, yolcular\u0131n b\u00fct\u00fcn beklentilerine hitap etti\u011fini s\u00f6yleyen Demir, &#8220;Sadece yolcular\u0131m\u0131zla de\u011fil, ayn\u0131 zamanda di\u011fer \u015fehirlerden gelen insanlara da \u00f6rne\u011fin taksi, taksi \u00fccretleri, nereden taksi bulabilecekleri gibi konularda yard\u0131mc\u0131 olmaktay\u0131z. Okul servislerinin yasal prosed\u00fcre uygun olup olmad\u0131\u011f\u0131n\u0131, hangi g\u00fczergah\u0131 takip ettiklerini, ne kadar \u00fccret ald\u0131klar\u0131 gibi bir\u00e7ok alanda da hizmet vermekteyiz. Mersin&#8217;e ilk kez gelen konuklar\u0131m\u0131za da ak\u0131ll\u0131 ula\u015f\u0131m sistemlerinden \u00e7ok rahat bir \u015fekilde, nereden nereye, ne zaman, ne kadar, ne miktarda gidece\u011fi ile ilgili b\u00fct\u00fcn bilgileri verebilmekteyiz&#8221; dedi. Ya\u015f alm\u0131\u015f ve engelli vatanda\u015flara da \u00e7ok \u00f6nem verdiklerini kaydeden Demir, bu vatanda\u015flar\u0131n ula\u015f\u0131m kartlar\u0131n\u0131n evlerine kadar ula\u015ft\u0131r\u0131ld\u0131\u011f\u0131n\u0131 s\u00f6yledi.<\/p>\n<p>Engelliler i\u00e7in y\u00fczde 100 uyumlu ara\u00e7larla \u00fccretsiz ta\u015f\u0131ma sa\u011flan\u0131yor<\/p>\n<p>B\u00fct\u00fcn otob\u00fcslerin engelli vatanda\u015flar i\u00e7in tam uyumlu oldu\u011funa de\u011finen Demir, &#8220;Toplu ta\u015f\u0131ma ara\u00e7lar\u0131m\u0131z hem g\u00f6rsel, hem i\u015fitsel, hem de ortopetik engelli vatanda\u015flar\u0131m\u0131z i\u00e7in uyumludur ve bunlar da Mersin Valili\u011fi taraf\u0131ndan da hem eri\u015filebilir, hem de g\u00fcvenli olarak sertifikaland\u0131r\u0131lm\u0131\u015ft\u0131r&#8221; dedi. G\u00fcvenli ula\u015f\u0131m\u0131n ayn\u0131 zamanda ekonomik de oldu\u011funun alt\u0131n\u0131 \u00e7izen Demir, &#8220;Amac\u0131m\u0131z sadece insanlar\u0131 ta\u015f\u0131mak de\u011fil. Trafi\u011fin yo\u011funlu\u011funu azaltmak i\u00e7in, insanlar\u0131 bireysel ara\u00e7land\u0131rmadan uzak tutmam\u0131z gerekiyor. S\u00fcrekli toplu ta\u015f\u0131may\u0131 kullanan biriyseniz, normalde y\u00fczde 10 ve y\u00fczde 15 ayl\u0131k abone indirimleri var. Ayn\u0131 zamanda engelli ve 65 ya\u015f \u00fcst\u00fc vatanda\u015flar\u0131m\u0131z i\u00e7in ara\u00e7lar\u0131m\u0131z \u00fccretsiz olup, \u00f6\u011frencileri 1 liraya ta\u015f\u0131yoruz&#8221; diyerek, velilerin de bu uygulamadan \u00e7ok memnun oldu\u011funu kaydetti.<\/p>\n<p>Toplu ta\u015f\u0131ma kullanan yolcular\u0131n Mersin&#8217;de otob\u00fcslere g\u00fcvenle binebilece\u011fini s\u00f6zlerine ekleyen Demir, &#8220;Toplu ta\u015f\u0131ma ara\u00e7lar\u0131m\u0131z\u0131n; \u00e7ok g\u00fcvenli, hijyenik ve sa\u011fl\u0131kl\u0131 bir ula\u015f\u0131m modu oldu\u011funu s\u00f6yleyebiliriz. Vatanda\u015flar\u0131m\u0131z bize g\u00fcvenmeye ve tercih etmeye devam etsinler. B\u00f6ylece en g\u00fcvenli ve en sa\u011fl\u0131kl\u0131 ula\u015f\u0131m tercihini de yapm\u0131\u015f olacaklar&#8221; dedi.<\/p>\n","protected":false},"excerpt":{"rendered":"<p>Donan\u0131ml\u0131 uzman kadrosuyla 5 y\u0131lda 170 milyondan fazla yolcuyu kentin her noktas\u0131na ta\u015f\u0131yan Mersin B\u00fcy\u00fck\u015fehir Belediyesi Ula\u015f\u0131m Dairesi Ba\u015fkanl\u0131\u011f\u0131, 170&#8217;i kad\u0131n 895 \u015fof\u00f6r ile sa\u011fl\u0131kl\u0131, g\u00fcvenli, konforlu, \u00e7evreci ve ekonomik ula\u015f\u0131m sa\u011flamay\u0131 s\u00fcrd\u00fcr\u00fcyor. Yeni al\u0131nan \u00e7evreci otob\u00fcsler ve a\u00e7\u0131lan hatlarla Mersin i\u00e7i ula\u015f\u0131m\u0131 kolayla\u015ft\u0131ran B\u00fcy\u00fck\u015fehir, Tarsus&#8217;tan Anamur&#8217;a kadar olan geni\u015f yol a\u011f\u0131yla Mersinlilere hizmet etmeye [&hellip;]<\/p>\n","protected":false},"author":2,"featured_media":30903,"comment_status":"open","ping_status":"open","sticky":false,"template":"","format":"standard","meta":{"footnotes":""},"categories":[2,3],"tags":[],"class_list":["post-30902","post","type-post","status-publish","format-standard","has-post-thumbnail","hentry","category-gundem","category-manset"],"views":3,"_links":{"self":[{"href":"https:\/\/mersinkadingazetesi.com\/index.php?rest_route=\/wp\/v2\/posts\/30902"}],"collection":[{"href":"https:\/\/mersinkadingazetesi.com\/index.php?rest_route=\/wp\/v2\/posts"}],"about":[{"href":"https:\/\/mersinkadingazetesi.com\/index.php?rest_route=\/wp\/v2\/types\/post"}],"author":[{"embeddable":true,"href":"https:\/\/mersinkadingazetesi.com\/index.php?rest_route=\/wp\/v2\/users\/2"}],"replies":[{"embeddable":true,"href":"https:\/\/mersinkadingazetesi.com\/index.php?rest_route=%2Fwp%2Fv2%2Fcomments&post=30902"}],"version-history":[{"count":0,"href":"https:\/\/mersinkadingazetesi.com\/index.php?rest_route=\/wp\/v2\/posts\/30902\/revisions"}],"wp:featuredmedia":[{"embeddable":true,"href":"https:\/\/mersinkadingazetesi.com\/index.php?rest_route=\/wp\/v2\/media\/30903"}],"wp:attachment":[{"href":"https:\/\/mersinkadingazetesi.com\/index.php?rest_route=%2Fwp%2Fv2%2Fmedia&parent=30902"}],"wp:term":[{"taxonomy":"category","embeddable":true,"href":"https:\/\/mersinkadingazetesi.com\/index.php?rest_route=%2Fwp%2Fv2%2Fcategories&post=30902"},{"taxonomy":"post_tag","embeddable":true,"href":"https:\/\/mersinkadingazetesi.com\/index.php?rest_route=%2Fwp%2Fv2%2Ftags&post=30902"}],"curies":[{"name":"wp","href":"https:\/\/api.w.org\/{rel}","templated":true}]}}