{"id":30905,"date":"2024-02-26T12:30:45","date_gmt":"2024-02-26T09:30:45","guid":{"rendered":"http:\/\/mersinkadingazetesi.com\/?p=30905"},"modified":"2024-02-26T12:30:45","modified_gmt":"2024-02-26T09:30:45","slug":"buyuksehir-yas-almis-vatandaslari-aktif-yaslilikla-ilgili-bilgilendirdi","status":"publish","type":"post","link":"https:\/\/mersinkadingazetesi.com\/?p=30905","title":{"rendered":"B\u00dcY\u00dcK\u015eEH\u0130R, YA\u015e ALMI\u015e VATANDA\u015eLARI AKT\u0130F YA\u015eLILIKLA \u0130LG\u0130L\u0130 B\u0130LG\u0130LEND\u0130RD\u0130"},"content":{"rendered":"<p>Mersin B\u00fcy\u00fck\u015fehir Belediyesi, ya\u015f alm\u0131\u015f vatanda\u015flar\u0131n daha aktif bir ya\u015fl\u0131l\u0131k s\u00fcreci ge\u00e7irmesi ve sosyal hayata daha \u00e7ok kat\u0131lmas\u0131n\u0131 sa\u011flamak amac\u0131yla onlar\u0131n hem bilin\u00e7lenmelerini sa\u011flayacak hem de huzurlu ve mutlu bir hayat s\u00fcrmesine yard\u0131mc\u0131 olacak etkinlikleri d\u00fczenlemeye devam ediyor.<\/p>\n<p>Bu kapsamda B\u00fcy\u00fck\u015fehir Belediyesi&#8217;nde Gerontolog Cihan Tanr\u0131verdi, Toroslar \u0130l\u00e7esi&#8217;ne ba\u011fl\u0131 Halkkent Emekli Evi \u00fcyelerini ya\u015fl\u0131l\u0131k, aktif ya\u015fl\u0131l\u0131k ve ya\u015fl\u0131l\u0131k evreleri hakk\u0131nda bilgilendirdi. Etkinlikte, B\u00fcy\u00fck\u015fehir Belediyesi&#8217;nin Sa\u011fl\u0131k \u0130\u015fleri Dairesi Ba\u015fkanl\u0131\u011f\u0131&#8217;na ba\u011fl\u0131 &#8216;Ya\u015fl\u0131 Destek Birimi&#8217; de oldu\u011funu hat\u0131rlatan Tanr\u0131verdi ayn\u0131 zamanda B\u00fcy\u00fck\u015fehir&#8217;in ya\u015f alm\u0131\u015f vatanda\u015flara evde sa\u011fl\u0131k ve bak\u0131m, temizlik gibi hizmetleri oldu\u011funu da anlatt\u0131. Etkinlik sayesinde ya\u015f alm\u0131\u015f vatanda\u015flar, ya\u015fl\u0131l\u0131k hakk\u0131nda merak ettikleri sorulara yan\u0131t buldular.<\/p>\n<p>Yeter: &#8220;Ya\u015f alm\u0131\u015flar\u0131m\u0131z\u0131n keyifli vakit ge\u00e7irmesi i\u00e7in etkinliklerimiz devam edecek&#8221;<\/p>\n<p>Halkkent Emekli Evi Sorumlusu \u00c7a\u011fda\u015f Yeter, Emekli Evi&#8217;nden faydalanan \u00fcyelerin ihtiya\u00e7 duydu\u011fu e\u011fitimlere devam ettiklerini vurgulayarak, &#8220;Ya\u015f alm\u0131\u015f vatanda\u015flar\u0131m\u0131za ya\u015fl\u0131l\u0131k ve ya\u015flanma s\u00fcrecine ili\u015fkin Gerontolog Cihan Tanr\u0131verdi taraf\u0131ndan \u00f6nemli bilgiler verildi. Ya\u015f alm\u0131\u015f vatanda\u015flar\u0131m\u0131z, B\u00fcy\u00fck\u015fehir Belediyesi&#8217;nin sunmu\u015f oldu\u011fu evde sa\u011fl\u0131k ve bak\u0131m hizmetleri ile ilgili de bilgilendirildi&#8221; dedi. Emekli Evi \u00fcyelerinin keyifli vakit ge\u00e7irmesi i\u00e7in ilerleyen g\u00fcnlerde sinema etkinli\u011fi de yapacaklar\u0131n\u0131 aktaran Yeter, etkinliklerin artarak devam edece\u011fini vurgulad\u0131.<\/p>\n<p>Tanr\u0131verdi: 2 ayl\u0131k periyotta t\u00fcm Emekli Evlerimizde e\u011fitimlere devam edece\u011fiz&#8221;<\/p>\n<p>B\u00fcy\u00fck\u015fehir Belediyesi Sa\u011fl\u0131k \u0130\u015fleri Dairesi Ba\u015fkanl\u0131\u011f\u0131&#8217;nda Gerontolog Cihan Tanr\u0131verdi, Halkkent Emekli Evi&#8217;nde ger\u00e7ekle\u015fen etkinlikle ilgili bilgi vererek, &#8220;Ya\u015f alm\u0131\u015f vatanda\u015flar\u0131m\u0131z\u0131; sa\u011fl\u0131k, hastal\u0131k, ya\u015fl\u0131l\u0131k ve artan ya\u015fl\u0131l\u0131kla birlikte meydana gelen fiziksel ve mental gerilemeler hakk\u0131nda bilgilendirdik. Ya\u015f alm\u0131\u015f vatanda\u015flar\u0131m\u0131z\u0131n kat\u0131l\u0131m\u0131yla seminerimiz daha renkli hale geldi. 2 ayl\u0131k periyotta t\u00fcm Emekli Evlerimizde bu e\u011fitimleri s\u00fcrd\u00fcrmeyi planl\u0131yoruz&#8221; diye konu\u015ftu.<\/p>\n<p>Ya\u015f alm\u0131\u015flar, aktif ya\u015fl\u0131l\u0131kla ilgili bilgilendirildi<\/p>\n<p>Halkkent Emekli Evi \u00fcyelerinden H\u00fcseyin G\u00fcler, Emekli Evi&#8217;nin 2. adresi oldu\u011funu dile getirerek, &#8220;Devaml\u0131 buraya gelip gidiyorum. Buray\u0131 \u00e7ok seviyorum. Ben burada hayat g\u00f6rd\u00fcm. B\u00fcy\u00fck\u015fehir Belediye Ba\u015fkan\u0131m\u0131z Vahap Se\u00e7er&#8217;in sa\u011flad\u0131\u011f\u0131 hizmetlerden bir\u00e7ok fayda g\u00f6rd\u00fck. Evime kadar yeme\u011fim geliyor. E\u015fim i\u00e7in Evde Sa\u011fl\u0131k ve Temizlik ekibi geliyor. Ben 78 ya\u015f\u0131nday\u0131m, bug\u00fcne kadar b\u00f6yle bir Belediye Ba\u015fkan\u0131na rastlamad\u0131m&#8221; dedi. Mersin&#8217;de ya\u015f alm\u0131\u015f vatanda\u015flar\u0131n 2. bahar\u0131n\u0131 ya\u015fad\u0131klar\u0131n\u0131 aktaran G\u00fcler, &#8220;Buras\u0131 kuruldu\u011fundan beri \u00e7ok g\u00fczel bir hayat ya\u015f\u0131yoruz. Tan\u0131mad\u0131\u011f\u0131m\u0131z kom\u015fular\u0131m\u0131zla tan\u0131\u015f\u0131p, sohbet muhabbet ediyoruz. \u00c7evremiz geni\u015fledi. Kitab\u0131m\u0131z\u0131, gazetemizi okuyoruz, \u00e7ay\u0131m\u0131z\u0131 i\u00e7iyoruz&#8221; diye konu\u015ftu.<\/p>\n<p>Emekli Evi \u00fcyelerinden \u00d6kke\u015f Yetim, Emekli Evi projesini \u00e7ok ba\u015far\u0131l\u0131 buldu\u011funu ve d\u00fczenlenen her etkinli\u011fe kat\u0131ld\u0131\u011f\u0131n\u0131 dile getirdi. G\u00fcnl\u00fck olarak Emekli Evi&#8217;ne u\u011frad\u0131\u011f\u0131n\u0131 kaydeden Yetim, &#8220;Evde televizyon izlemekten b\u0131kt\u0131k. Burada her t\u00fcrl\u00fc sosyal, de\u011fi\u015fik siyasi gruplardan arkada\u015flar\u0131m\u0131z var. Aram\u0131zda hi\u00e7bir ayr\u0131m yok. Hepimiz tek yumruk gibi sohbet ediyoruz ve ne\u015feli bir \u015fekilde de evimize gidiyoruz. Ba\u015fkan\u0131m\u0131za \u00e7ok te\u015fekk\u00fcr ederim&#8221; s\u00f6zlerine yer verdi.<\/p>\n<p>Selma Din\u00e7er de, ya\u015fl\u0131lara haz\u0131rlanan e\u011fitimlerin olduk\u00e7a faydal\u0131 ve \u00e7ok g\u00fczel oldu\u011funu dile getirerek, &#8220;Ba\u015fkan\u0131m\u0131z Mersin&#8217;de herkesi destekliyor, \u00e7ok \u00e7al\u0131\u015f\u0131yor. \u00c7ok memnunuz&#8221; derken Resul G\u00fcl de, &#8220;Asl\u0131nda bir\u00e7o\u011fumuz hastalan\u0131nca hangi doktora gidece\u011fimizi bile bilmiyoruz. Bunun \u00f6nerisinde bulunduklar\u0131 i\u00e7in \u00e7ok g\u00fczel oldu. Burada sosyal faaliyetler de bulunuyoruz ve bir sorunumuz olsa birbirimize anlat\u0131yoruz. Bu insanlar\u0131 bir araya getirmek i\u00e7in g\u00fczel bir olanak&#8221; diye konu\u015ftu.<\/p>\n","protected":false},"excerpt":{"rendered":"<p>Mersin B\u00fcy\u00fck\u015fehir Belediyesi, ya\u015f alm\u0131\u015f vatanda\u015flar\u0131n daha aktif bir ya\u015fl\u0131l\u0131k s\u00fcreci ge\u00e7irmesi ve sosyal hayata daha \u00e7ok kat\u0131lmas\u0131n\u0131 sa\u011flamak amac\u0131yla onlar\u0131n hem bilin\u00e7lenmelerini sa\u011flayacak hem de huzurlu ve mutlu bir hayat s\u00fcrmesine yard\u0131mc\u0131 olacak etkinlikleri d\u00fczenlemeye devam ediyor. Bu kapsamda B\u00fcy\u00fck\u015fehir Belediyesi&#8217;nde Gerontolog Cihan Tanr\u0131verdi, Toroslar \u0130l\u00e7esi&#8217;ne ba\u011fl\u0131 Halkkent Emekli Evi \u00fcyelerini ya\u015fl\u0131l\u0131k, aktif ya\u015fl\u0131l\u0131k [&hellip;]<\/p>\n","protected":false},"author":2,"featured_media":30906,"comment_status":"open","ping_status":"open","sticky":false,"template":"","format":"standard","meta":{"footnotes":""},"categories":[3,9],"tags":[],"class_list":["post-30905","post","type-post","status-publish","format-standard","has-post-thumbnail","hentry","category-manset","category-saglik"],"views":1,"_links":{"self":[{"href":"https:\/\/mersinkadingazetesi.com\/index.php?rest_route=\/wp\/v2\/posts\/30905"}],"collection":[{"href":"https:\/\/mersinkadingazetesi.com\/index.php?rest_route=\/wp\/v2\/posts"}],"about":[{"href":"https:\/\/mersinkadingazetesi.com\/index.php?rest_route=\/wp\/v2\/types\/post"}],"author":[{"embeddable":true,"href":"https:\/\/mersinkadingazetesi.com\/index.php?rest_route=\/wp\/v2\/users\/2"}],"replies":[{"embeddable":true,"href":"https:\/\/mersinkadingazetesi.com\/index.php?rest_route=%2Fwp%2Fv2%2Fcomments&post=30905"}],"version-history":[{"count":0,"href":"https:\/\/mersinkadingazetesi.com\/index.php?rest_route=\/wp\/v2\/posts\/30905\/revisions"}],"wp:featuredmedia":[{"embeddable":true,"href":"https:\/\/mersinkadingazetesi.com\/index.php?rest_route=\/wp\/v2\/media\/30906"}],"wp:attachment":[{"href":"https:\/\/mersinkadingazetesi.com\/index.php?rest_route=%2Fwp%2Fv2%2Fmedia&parent=30905"}],"wp:term":[{"taxonomy":"category","embeddable":true,"href":"https:\/\/mersinkadingazetesi.com\/index.php?rest_route=%2Fwp%2Fv2%2Fcategories&post=30905"},{"taxonomy":"post_tag","embeddable":true,"href":"https:\/\/mersinkadingazetesi.com\/index.php?rest_route=%2Fwp%2Fv2%2Ftags&post=30905"}],"curies":[{"name":"wp","href":"https:\/\/api.w.org\/{rel}","templated":true}]}}