{"id":30933,"date":"2024-02-27T12:35:08","date_gmt":"2024-02-27T09:35:08","guid":{"rendered":"http:\/\/mersinkadingazetesi.com\/?p=30933"},"modified":"2024-02-27T12:35:08","modified_gmt":"2024-02-27T09:35:08","slug":"buyuksehir-kardes-sehir-oberhausenla-is-birliklerine-devam-ediyor","status":"publish","type":"post","link":"https:\/\/mersinkadingazetesi.com\/?p=30933","title":{"rendered":"B\u00dcY\u00dcK\u015eEH\u0130R, KARDE\u015e \u015eEH\u0130R OBERHAUSEN&#8217;LA \u0130\u015e B\u0130RL\u0130KLER\u0130NE DEVAM ED\u0130YOR"},"content":{"rendered":"<p>Mersin B\u00fcy\u00fck\u015fehir Belediyesi&#8217;nin karde\u015f kenti Almanya&#8217;n\u0131n Oberhausen Belediyesi i\u015f birli\u011finde &#8216;\u0130klim E\u011fitimi ve \u0130klim Diyalo\u011fu G\u00fc\u00e7lendirme Projesi&#8217;nin a\u00e7\u0131l\u0131\u015f toplant\u0131s\u0131 ger\u00e7ekle\u015ftirildi. Oberhausen Belediyesi&#8217;ni temsilen 6 ki\u015filik bir ekibin kat\u0131ld\u0131\u011f\u0131 toplant\u0131, Mercan 100. Y\u0131l \u0130klim ve \u00c7evre Bilim Merkezi&#8217;nde ger\u00e7ekle\u015ftirildi.<\/p>\n<p>Toplant\u0131da, \u00f6zellikle son y\u0131llarda art\u0131\u015f g\u00f6steren iklim krizinin getirmi\u015f oldu\u011fu problemler ve ya\u015fanan iklim de\u011fi\u015fikliklerinin \u00f6n\u00fcne ge\u00e7ilmesi i\u00e7in yap\u0131lmas\u0131 gereken konular ele al\u0131nd\u0131. \u0130klim ve \u00e7evre konusunda hem yerel, hem de uluslararas\u0131 y\u00f6netimlere \u00e7ok sorumluluk d\u00fc\u015ft\u00fc\u011f\u00fcn\u00fcn ve bu payda\u015flar\u0131n i\u015f birli\u011fi i\u00e7erisinde hareket etmesi gerekti\u011finin vurguland\u0131\u011f\u0131 toplant\u0131da; Oberhausen&#8217;dan gelen temsilciler ile B\u00fcy\u00fck\u015fehir Belediyesi&#8217;nin iklim ve \u00e7evre ile ilgili ger\u00e7ekle\u015ftirmi\u015f oldu\u011fu proje ve \u00e7al\u0131\u015fmalardan bahsedilerek bilgi al\u0131\u015fveri\u015finde bulunuldu.<\/p>\n<p>Oberhausen&#8217;dan gelen temsilciler, T\u00fcrkiye&#8217;nin en b\u00fcy\u00fck planetaryumuna da ev sahipli\u011fi yapan Mercan 100. Y\u0131l \u0130klim ve \u00c7evre Bilim Merkezi&#8217;ni gezmeyi de ihmal etmediler. Temsilciler, Almanya&#8217;da b\u00f6yle bir merkezin in\u015fa edilmedi\u011fini belirterek B\u00fcy\u00fck\u015fehir&#8217;i tebrik ettiler.<\/p>\n<p>Etkinlik bitiminde, Mersin B\u00fcy\u00fck\u015fehir Belediyesi ile Oberhausen Belediyesi&#8217;nin karde\u015f \u015fehir olmas\u0131n\u0131n &#8217;20. y\u0131ld\u00f6n\u00fcm\u00fc&#8217; kutland\u0131. 20. y\u0131la \u00f6zel pasta kesilen etkinlikte, Mersin B\u00fcy\u00fck\u015fehir Belediyesi Ba\u015fkan Dan\u0131\u015fman\u0131 \u0130brahim Evrim de yer alarak, Oberhausen&#8217;dan gelen temsilcilere hediyelerini takdim etti.<\/p>\n<p>Dr. Zorlu: &#8220;\u0130klim de\u011fi\u015fiklikleri ve iklimin korunmas\u0131 ile ilgili bilgi payla\u015faca\u011f\u0131z&#8221;<\/p>\n<p>Almanya&#8217;n\u0131n Oberhausen kentinden Oberhausen Belediyesi&#8217;ni temsilen 6 ki\u015filik bir ekiple toplant\u0131 yapt\u0131klar\u0131n\u0131 kaydeden \u0130klim De\u011fi\u015fikli\u011fi ve S\u0131f\u0131r At\u0131k Dairesi ile Afet \u0130\u015fleri Dairesi Ba\u015fkan\u0131 Dr. Kemal Zorlu, etkinli\u011fin 3 g\u00fcn s\u00fcrece\u011fini dile getirdi. Projenin Oberhausen Belediyesi ile ortak bir \u015fekilde y\u00fcr\u00fct\u00fcld\u00fc\u011f\u00fcn\u00fc dile getiren Zorlu, &#8220;Projenin amac\u0131; hem Mersin B\u00fcy\u00fck\u015fehir Belediyesi&#8217;nde, hem de Oberhausen&#8217;da iklimin korunmas\u0131, iklim de\u011fi\u015fiklikleri ile ilgili uyum ve azalt\u0131m \u00e7al\u0131\u015fmalar\u0131 hakk\u0131nda birbirimize bilgi aktarmaktan olu\u015fuyor. Bizler burada yapm\u0131\u015f oldu\u011fumuz \u00e7al\u0131\u015fmalar\u0131, onlar da kendi yapt\u0131\u011f\u0131 \u00e7al\u0131\u015fmalar\u0131 bize aktaracaklar. Ayn\u0131 zamanda iklim konusundaki e\u011fitimlerin nas\u0131l yap\u0131laca\u011f\u0131na dair de bilgi payla\u015faca\u011f\u0131z&#8221; dedi. \u0130klim ve \u00e7evre ile ilgili \u00e7al\u0131\u015fmalar\u0131, Mercan 100. Y\u0131l \u0130klim ve \u00c7evre Bilim Merkezi ile birlikte bir ad\u0131m daha ileri ta\u015f\u0131d\u0131klar\u0131n\u0131 da aktaran Zorlu, merkezin a\u00e7\u0131ld\u0131\u011f\u0131 g\u00fcnden bu yana \u00e7o\u011funlu\u011fu 6-14 ya\u015f aras\u0131 \u00e7ocuklardan olu\u015fan 45 bin ki\u015fi taraf\u0131ndan ziyaret edildi\u011fini de s\u00f6zlerine ekledi.<\/p>\n<p>&#8220;Uluslararas\u0131 ili\u015fkilerimizi daha da iyi noktalara ta\u015f\u0131yaca\u011f\u0131z&#8221;<\/p>\n<p>Oberahusen&#8217;dan gelen ekibin Mercan 100. Y\u0131l \u0130klim ve \u00c7evre Bilim Merkezi&#8217;ni de inceledi\u011fini dile getiren Zorlu, &#8220;Onlar buray\u0131 gezmekten \u00e7ok memnun oldular. Almanya&#8217;da b\u00f6yle bir merkezin bulunmad\u0131\u011f\u0131n\u0131 ve buray\u0131 g\u0131pta ile gezdiklerini ifade ettiler. B\u00f6yle bir \u015feye \u00f6nc\u00fcl\u00fck etmek de, bizler i\u00e7in olduk\u00e7a mutluluk verici bir duygu&#8221; ifadelerini kulland\u0131.<\/p>\n<p>Uluslararas\u0131 ili\u015fkileri daha da geli\u015ftirmek i\u00e7in, belediye ve kurumlarla ortak bir\u00e7ok projeyi y\u00fcr\u00fctt\u00fcklerini s\u00f6yleyen Zorlu, &#8220;Daha \u00f6nce de bir proje kapsam\u0131nda merkezimizi Almanya&#8217;dan ziyaret eden bir ekip oldu. Yak\u0131n zamanda biz de bir ekip olarak Oberhausen&#8217;\u0131 ziyaret ederek, onlar\u0131n y\u00fcr\u00fctt\u00fc\u011f\u00fc \u00e7al\u0131\u015fmalar\u0131 yerinde inceleyece\u011fiz. B\u00f6ylece uluslararas\u0131 ili\u015fkilerimizi daha iyi noktaya ta\u015f\u0131m\u0131\u015f olaca\u011f\u0131z. Bu y\u00fcr\u00fct\u00fclen \u00e7al\u0131\u015fmalar\u0131n bir amac\u0131 da, burada vermek istedi\u011fimiz e\u011fitimleri vermek ve iyi uygulama \u00f6rneklerini di\u011fer alanlara ta\u015f\u0131mak. B\u00f6ylelikle kar\u015f\u0131l\u0131kl\u0131 olarak bilgi aktarma ve diyalog sa\u011flam\u0131\u015f olaca\u011f\u0131z&#8221; dedi.<\/p>\n","protected":false},"excerpt":{"rendered":"<p>Mersin B\u00fcy\u00fck\u015fehir Belediyesi&#8217;nin karde\u015f kenti Almanya&#8217;n\u0131n Oberhausen Belediyesi i\u015f birli\u011finde &#8216;\u0130klim E\u011fitimi ve \u0130klim Diyalo\u011fu G\u00fc\u00e7lendirme Projesi&#8217;nin a\u00e7\u0131l\u0131\u015f toplant\u0131s\u0131 ger\u00e7ekle\u015ftirildi. Oberhausen Belediyesi&#8217;ni temsilen 6 ki\u015filik bir ekibin kat\u0131ld\u0131\u011f\u0131 toplant\u0131, Mercan 100. Y\u0131l \u0130klim ve \u00c7evre Bilim Merkezi&#8217;nde ger\u00e7ekle\u015ftirildi. Toplant\u0131da, \u00f6zellikle son y\u0131llarda art\u0131\u015f g\u00f6steren iklim krizinin getirmi\u015f oldu\u011fu problemler ve ya\u015fanan iklim de\u011fi\u015fikliklerinin \u00f6n\u00fcne ge\u00e7ilmesi [&hellip;]<\/p>\n","protected":false},"author":2,"featured_media":30934,"comment_status":"open","ping_status":"open","sticky":false,"template":"","format":"standard","meta":{"footnotes":""},"categories":[7,2,3],"tags":[],"class_list":["post-30933","post","type-post","status-publish","format-standard","has-post-thumbnail","hentry","category-dunya","category-gundem","category-manset"],"views":6,"_links":{"self":[{"href":"https:\/\/mersinkadingazetesi.com\/index.php?rest_route=\/wp\/v2\/posts\/30933"}],"collection":[{"href":"https:\/\/mersinkadingazetesi.com\/index.php?rest_route=\/wp\/v2\/posts"}],"about":[{"href":"https:\/\/mersinkadingazetesi.com\/index.php?rest_route=\/wp\/v2\/types\/post"}],"author":[{"embeddable":true,"href":"https:\/\/mersinkadingazetesi.com\/index.php?rest_route=\/wp\/v2\/users\/2"}],"replies":[{"embeddable":true,"href":"https:\/\/mersinkadingazetesi.com\/index.php?rest_route=%2Fwp%2Fv2%2Fcomments&post=30933"}],"version-history":[{"count":0,"href":"https:\/\/mersinkadingazetesi.com\/index.php?rest_route=\/wp\/v2\/posts\/30933\/revisions"}],"wp:featuredmedia":[{"embeddable":true,"href":"https:\/\/mersinkadingazetesi.com\/index.php?rest_route=\/wp\/v2\/media\/30934"}],"wp:attachment":[{"href":"https:\/\/mersinkadingazetesi.com\/index.php?rest_route=%2Fwp%2Fv2%2Fmedia&parent=30933"}],"wp:term":[{"taxonomy":"category","embeddable":true,"href":"https:\/\/mersinkadingazetesi.com\/index.php?rest_route=%2Fwp%2Fv2%2Fcategories&post=30933"},{"taxonomy":"post_tag","embeddable":true,"href":"https:\/\/mersinkadingazetesi.com\/index.php?rest_route=%2Fwp%2Fv2%2Ftags&post=30933"}],"curies":[{"name":"wp","href":"https:\/\/api.w.org\/{rel}","templated":true}]}}