{"id":30948,"date":"2024-02-27T12:45:59","date_gmt":"2024-02-27T09:45:59","guid":{"rendered":"http:\/\/mersinkadingazetesi.com\/?p=30948"},"modified":"2024-02-27T12:45:59","modified_gmt":"2024-02-27T09:45:59","slug":"serdar-soydan-carsi-esnafini-ziyaret-etti","status":"publish","type":"post","link":"https:\/\/mersinkadingazetesi.com\/?p=30948","title":{"rendered":"SERDAR SOYDAN \u00c7AR\u015eI ESNAFINI Z\u0130YARET ETT\u0130"},"content":{"rendered":"<p>Cumhur \u0130ttifak\u0131 Mersin B\u00fcy\u00fck\u015fehir Belediye Ba\u015fkan Aday\u0131 Serdar Soydan, &#8220;Ortak ak\u0131l ile bilimsel y\u00f6ntemleri pusula edinmeden, kent dinamikleri ile isti\u015fare etmeden bu kentte hi\u00e7bir \u015feye \u00e7\u00f6z\u00fcm bulamazs\u0131n\u0131z. &#8216;Ben yapt\u0131m oldu&#8217; mant\u0131\u011f\u0131 ile yol almak kesinlikle m\u00fcmk\u00fcn de\u011fildir&#8221; dedi.<\/p>\n<p>Se\u00e7im s\u00fcreci boyunca vatanda\u015flarla s\u0131k s\u0131k bir araya gelen Cumhur \u0130ttifak\u0131 Mersin B\u00fcy\u00fck\u015fehir Belediye Ba\u015fkan Aday\u0131 Serdar Soydan, Akdeniz&#8217;deki \u00c7i\u00e7ek Pasaj\u0131 ve Silifke Caddesi&#8217;nde faaliyet g\u00f6steren esnaflara da ziyarette bulundu. Cumhur \u0130ttifak\u0131 Akdeniz Belediye Ba\u015fkan Aday\u0131 Mustafa G\u00fcltak ile beraber esnaf\u0131n talep ve \u00f6nerilerini dinleyen Soydan&#8217;a beraberinde AK Parti Mersin Milletvekili Ali K\u0131ratl\u0131, Cumhur \u0130ttifak\u0131 il ve il\u00e7e te\u015fkilatlar\u0131 da e\u015flik etti. Yo\u011fun ilgi ile kar\u015f\u0131la\u015fan Soydan, vatanda\u015flarla hat\u0131ra foto\u011fraf\u0131 \u00e7ektirip, \u00e7ocuklara da hediye da\u011f\u0131tt\u0131.<\/p>\n<p>&#8220;SORUNLARI KISA VADEDE \u00c7\u00d6ZMEK ZORUNDAYIZ&#8221;<\/p>\n<p>T\u00fcm ziyaretlerinde Mersin&#8217;e \u00e7\u00f6z\u00fcm odakl\u0131 bir y\u00f6netim modeli getireceklerinin alt\u0131n\u0131 \u00e7izen Serdar Soydan burada yapt\u0131\u011f\u0131 a\u00e7\u0131klamada da, &#8220;Ortak ak\u0131l ile bilimsel y\u00f6ntemleri pusula edinmeden, kent dinamikleri ile isti\u015fare etmeden bu kentte hi\u00e7bir \u015feye \u00e7\u00f6z\u00fcm bulamazs\u0131n\u0131z. &#8216;Ben yapt\u0131m oldu&#8217; mant\u0131\u011f\u0131 ile yol almak kesinlikle m\u00fcmk\u00fcn de\u011fildir. Bunu, \u00e7ok uza\u011fa gitmeden \u015fehrin merkezinden, tam da bu noktalardan anlayabilirsiniz. Bizim amac\u0131m\u0131z belli, Mersin&#8217;in sorunlar\u0131n\u0131 k\u0131sa vadede \u00e7\u00f6z\u00fcp, her alanda \u00fcst s\u0131ralara \u00e7\u0131karmakt\u0131r&#8221; dedi.<\/p>\n<p>&#8220;AYRIM YAPMADAN HERKESE ULA\u015eACA\u011eIZ&#8221;<\/p>\n<p>Soydan, &#8220;Ezbere yap\u0131lan \u00e7al\u0131\u015fma y\u00f6ntemleri bu \u015fehrin sorunlar\u0131na cevap bulmaz. Her ad\u0131m\u0131 do\u011fru hesaplamak gerekmektedir. G\u00f6rev s\u00fcresi olan 5 y\u0131ll\u0131k s\u00fcreci de\u011fil daha uzun y\u0131llar\u0131 planlamak zorunludur. Mersin&#8217;de ba\u015far\u0131n\u0131n anahtar\u0131 koordineli \u00e7al\u0131\u015fma ile ger\u00e7ekle\u015fir. Biz g\u00f6reve geldi\u011fimizde hi\u00e7 kimseyi ay\u0131rmadan, kimseyi belediye imkanlar\u0131ndan mahrum b\u0131rakmadan hizmet verece\u011fiz.  Sokak sokak, k\u00f6y k\u00f6y herkese ula\u015faca\u011f\u0131z&#8221; ifadelerini kulland\u0131.<\/p>\n<p>&#8220;MERS\u0130N&#8217;DE MUTLULU\u011eA \u00d6NEM VER\u0130YORUZ&#8221;<\/p>\n<p>Mersin&#8217;de mutlulu\u011fa ve huzura \u00f6nem verdiklerine vurgu yapan Serdar Soydan, &#8220;Bu anlamda da ay\u0131rmadan ayr\u0131\u015fmadan, herkese her kesime kulak veriyoruz, taleplerini ve \u00f6nerilerini dinliyor, not al\u0131yoruz. Bunu yaparken de kimsenin d\u00fcnya g\u00f6r\u00fc\u015f\u00fcne, siyasi d\u00fc\u015f\u00fcncelerine bakm\u0131yoruz. \u015eehrimizi her alanda olmas\u0131 gerekti\u011fi yer olan zirvelerde g\u00f6rmek i\u00e7in birli\u011fin g\u00fcc\u00fcn\u00fc \u00f6nemsiyoruz. Umuyorum ki 31 Mart&#8217;tan sonra canla ba\u015fla \u00e7al\u0131\u015f\u0131p \u00fcretken belediyecili\u011fin nas\u0131l oldu\u011funu t\u00fcm kente g\u00f6sterece\u011fiz&#8221; diye konu\u015ftu. <\/p>\n","protected":false},"excerpt":{"rendered":"<p>Cumhur \u0130ttifak\u0131 Mersin B\u00fcy\u00fck\u015fehir Belediye Ba\u015fkan Aday\u0131 Serdar Soydan, &#8220;Ortak ak\u0131l ile bilimsel y\u00f6ntemleri pusula edinmeden, kent dinamikleri ile isti\u015fare etmeden bu kentte hi\u00e7bir \u015feye \u00e7\u00f6z\u00fcm bulamazs\u0131n\u0131z. &#8216;Ben yapt\u0131m oldu&#8217; mant\u0131\u011f\u0131 ile yol almak kesinlikle m\u00fcmk\u00fcn de\u011fildir&#8221; dedi. Se\u00e7im s\u00fcreci boyunca vatanda\u015flarla s\u0131k s\u0131k bir araya gelen Cumhur \u0130ttifak\u0131 Mersin B\u00fcy\u00fck\u015fehir Belediye Ba\u015fkan Aday\u0131 Serdar [&hellip;]<\/p>\n","protected":false},"author":2,"featured_media":30949,"comment_status":"open","ping_status":"open","sticky":false,"template":"","format":"standard","meta":{"footnotes":""},"categories":[3],"tags":[],"class_list":["post-30948","post","type-post","status-publish","format-standard","has-post-thumbnail","hentry","category-manset"],"views":1,"_links":{"self":[{"href":"https:\/\/mersinkadingazetesi.com\/index.php?rest_route=\/wp\/v2\/posts\/30948"}],"collection":[{"href":"https:\/\/mersinkadingazetesi.com\/index.php?rest_route=\/wp\/v2\/posts"}],"about":[{"href":"https:\/\/mersinkadingazetesi.com\/index.php?rest_route=\/wp\/v2\/types\/post"}],"author":[{"embeddable":true,"href":"https:\/\/mersinkadingazetesi.com\/index.php?rest_route=\/wp\/v2\/users\/2"}],"replies":[{"embeddable":true,"href":"https:\/\/mersinkadingazetesi.com\/index.php?rest_route=%2Fwp%2Fv2%2Fcomments&post=30948"}],"version-history":[{"count":0,"href":"https:\/\/mersinkadingazetesi.com\/index.php?rest_route=\/wp\/v2\/posts\/30948\/revisions"}],"wp:featuredmedia":[{"embeddable":true,"href":"https:\/\/mersinkadingazetesi.com\/index.php?rest_route=\/wp\/v2\/media\/30949"}],"wp:attachment":[{"href":"https:\/\/mersinkadingazetesi.com\/index.php?rest_route=%2Fwp%2Fv2%2Fmedia&parent=30948"}],"wp:term":[{"taxonomy":"category","embeddable":true,"href":"https:\/\/mersinkadingazetesi.com\/index.php?rest_route=%2Fwp%2Fv2%2Fcategories&post=30948"},{"taxonomy":"post_tag","embeddable":true,"href":"https:\/\/mersinkadingazetesi.com\/index.php?rest_route=%2Fwp%2Fv2%2Ftags&post=30948"}],"curies":[{"name":"wp","href":"https:\/\/api.w.org\/{rel}","templated":true}]}}