{"id":30954,"date":"2024-02-27T12:50:37","date_gmt":"2024-02-27T09:50:37","guid":{"rendered":"http:\/\/mersinkadingazetesi.com\/?p=30954"},"modified":"2024-02-27T12:50:37","modified_gmt":"2024-02-27T09:50:37","slug":"tuncer-mezitliyi-daha-yasanir-hale-getirmek-icin-calismalarini-araliksiz-surduruyor","status":"publish","type":"post","link":"https:\/\/mersinkadingazetesi.com\/?p=30954","title":{"rendered":"Tuncer, Mezitli\u2019yi daha ya\u015fan\u0131r hale getirmek i\u00e7in \u00e7al\u0131\u015fmalar\u0131n\u0131 aral\u0131ks\u0131z s\u00fcrd\u00fcr\u00fcyor"},"content":{"rendered":"<p>Cumhuriyet Halk Partisi Mezitli Belediye Ba\u015fkan Aday\u0131 Ahmet Serkan Tuncer, Mezitli\u2019nin her mahallesine, her soka\u011f\u0131na e\u015fit hizmet getirece\u011fini belirterek, \u201cMezitli\u2019miz hak etti\u011fi de\u011fere kavu\u015fana kadar durmak yok. Mezitli\u2019ye g\u00fczellik katmaya geliyoruz!\u201d ifadelerini kulland\u0131.<\/p>\n<p>Mezitli\u2019de son y\u0131llar\u0131n parlayan y\u0131ld\u0131z\u0131 Cumhuriyet Halk Partisi Mezitli Belediye Ba\u015fkan Aday\u0131 Ahmet Serkan Tuncer, 31 Mart sonras\u0131 Mezitli\u2019yi daha ya\u015fan\u0131r hale getirmek i\u00e7in \u00e7al\u0131\u015fmalar\u0131n\u0131 aral\u0131ks\u0131z s\u00fcrd\u00fcr\u00fcyor.<br \/>\nMezitli Akdeniz Mahallesi Ya\u015far Do\u011fu Caddesi\u2019nde esnaf\u0131 ziyaret ederek sorunlar\u0131n\u0131 dinleyen Tuncer, vatanda\u015flar\u0131n yo\u011fun ilgisi ile kar\u015f\u0131land\u0131.<br \/>\nHayat\u0131 boyunca sivil toplum \u00f6rg\u00fctlerine \u00f6nem veren ve etkin rol alan Tuncer, Mezitli\u2019yi yurtta\u015f kat\u0131l\u0131m\u0131na dayal\u0131 bir anlay\u0131\u015fla y\u00f6neteceklerini belirterek, \u015funlar\u0131 s\u00f6yledi: \u201cEkonomik krizin etkilerine kar\u015f\u0131; yerelde i\u015f yaratarak, \u00e7ok\u00e7a \u00fcreterek ve hak\u00e7a b\u00f6l\u00fc\u015ferek kalk\u0131naca\u011f\u0131z. Yat\u0131r\u0131mc\u0131lar, sivil toplum ve i\u015f \u00e7evreleri ile birlikte, istihdam olanaklar\u0131n\u0131 geli\u015ftirece\u011fiz. \u00c7ocuklar\u0131m\u0131z\u0131, gelece\u011fe umutla bakan bir toplumda b\u00fcy\u00fctece\u011fiz.\u201d<\/p>\n<p>HER ZAMAN HALKIN \u0130\u00c7\u0130NDE OLACA\u011eIM<\/p>\n<p>Her zaman halk\u0131n i\u00e7inde olan Tuncer, hesap veren, \u015feffaf y\u00f6netim anlay\u0131\u015f\u0131n\u0131 benimsedi\u011fini kaydederek, \u201cMezitli\u2019nin her mahallesine, her soka\u011f\u0131na e\u015fit hizmet g\u00f6t\u00fcrece\u011fiz. Her zaman halk\u0131n i\u00e7inde; hesap veren, \u015feffaf y\u00f6neten bir belediye ba\u015fkan\u0131 olmak i\u00e7in aday oldum. Hizmetlerimizin oda\u011f\u0131nda \u00f6nce insan olacak. Do\u011fdu\u011fum, b\u00fcy\u00fcd\u00fc\u011f\u00fcm kadim topraklar\u0131n; yerel, k\u00fclt\u00fcrel ve toplumsal de\u011ferlerini ya\u015fataca\u011f\u0131m. Emekliyi, i\u015f\u00e7iyi, \u00e7ift\u00e7iyi, esnaf\u0131 ve sanayiciyi destekleyen bir belediye ba\u015fkan\u0131 olaca\u011f\u0131m. Mezitli\u2019nin her b\u00f6lgesinde sosyal adaleti sa\u011flayaca\u011f\u0131z. Bilim ve teknolojik metotlar \u0131\u015f\u0131\u011f\u0131nda, \u00f6rnek yerel y\u00f6netim anlay\u0131\u015f\u0131n\u0131 ortaya koyaca\u011f\u0131z. Kad\u0131n\u0131yla, \u00e7ocu\u011fuyla, genciyle, emeklisiyle g\u00fcl\u00fcmseyen Mezitli\u2019yi hep birlikte in\u015fa edece\u011fiz\u201d dedi.<\/p>\n","protected":false},"excerpt":{"rendered":"<p>Cumhuriyet Halk Partisi Mezitli Belediye Ba\u015fkan Aday\u0131 Ahmet Serkan Tuncer, Mezitli\u2019nin her mahallesine, her soka\u011f\u0131na e\u015fit hizmet getirece\u011fini belirterek, \u201cMezitli\u2019miz hak etti\u011fi de\u011fere kavu\u015fana kadar durmak yok. Mezitli\u2019ye g\u00fczellik katmaya geliyoruz!\u201d ifadelerini kulland\u0131. Mezitli\u2019de son y\u0131llar\u0131n parlayan y\u0131ld\u0131z\u0131 Cumhuriyet Halk Partisi Mezitli Belediye Ba\u015fkan Aday\u0131 Ahmet Serkan Tuncer, 31 Mart sonras\u0131 Mezitli\u2019yi daha ya\u015fan\u0131r hale [&hellip;]<\/p>\n","protected":false},"author":2,"featured_media":30955,"comment_status":"open","ping_status":"open","sticky":false,"template":"","format":"standard","meta":{"footnotes":""},"categories":[3,6],"tags":[],"class_list":["post-30954","post","type-post","status-publish","format-standard","has-post-thumbnail","hentry","category-manset","category-siyaset-2"],"views":8,"_links":{"self":[{"href":"https:\/\/mersinkadingazetesi.com\/index.php?rest_route=\/wp\/v2\/posts\/30954"}],"collection":[{"href":"https:\/\/mersinkadingazetesi.com\/index.php?rest_route=\/wp\/v2\/posts"}],"about":[{"href":"https:\/\/mersinkadingazetesi.com\/index.php?rest_route=\/wp\/v2\/types\/post"}],"author":[{"embeddable":true,"href":"https:\/\/mersinkadingazetesi.com\/index.php?rest_route=\/wp\/v2\/users\/2"}],"replies":[{"embeddable":true,"href":"https:\/\/mersinkadingazetesi.com\/index.php?rest_route=%2Fwp%2Fv2%2Fcomments&post=30954"}],"version-history":[{"count":0,"href":"https:\/\/mersinkadingazetesi.com\/index.php?rest_route=\/wp\/v2\/posts\/30954\/revisions"}],"wp:featuredmedia":[{"embeddable":true,"href":"https:\/\/mersinkadingazetesi.com\/index.php?rest_route=\/wp\/v2\/media\/30955"}],"wp:attachment":[{"href":"https:\/\/mersinkadingazetesi.com\/index.php?rest_route=%2Fwp%2Fv2%2Fmedia&parent=30954"}],"wp:term":[{"taxonomy":"category","embeddable":true,"href":"https:\/\/mersinkadingazetesi.com\/index.php?rest_route=%2Fwp%2Fv2%2Fcategories&post=30954"},{"taxonomy":"post_tag","embeddable":true,"href":"https:\/\/mersinkadingazetesi.com\/index.php?rest_route=%2Fwp%2Fv2%2Ftags&post=30954"}],"curies":[{"name":"wp","href":"https:\/\/api.w.org\/{rel}","templated":true}]}}