{"id":30970,"date":"2024-02-28T13:03:56","date_gmt":"2024-02-28T10:03:56","guid":{"rendered":"http:\/\/mersinkadingazetesi.com\/?p=30970"},"modified":"2024-02-28T13:03:56","modified_gmt":"2024-02-28T10:03:56","slug":"herkes-icin-guvenli-rahat-huzurlu-mezitli","status":"publish","type":"post","link":"https:\/\/mersinkadingazetesi.com\/?p=30970","title":{"rendered":"HERKES \u0130\u00c7\u0130N G\u00dcVENL\u0130, RAHAT, HUZURLU MEZ\u0130TL\u0130"},"content":{"rendered":"<p>Cumhuriyet Halk Partisi Mezitli Belediye Ba\u015fkan Aday\u0131 Ahmet Serkan Tuncer, halk\u00e7\u0131 belediyecilik b\u00fcy\u00fcd\u00fck\u00e7e vatanda\u015flara kendini \u00e7aresiz hissettiren \u015fartlar\u0131n da de\u011fi\u015fece\u011fine vurgu yaparak, &#8220;Herkes i\u00e7in g\u00fcvenli, rahat, huzurlu Mezitli&#8217;yi hep birlikte in\u015fa edece\u011fiz&#8221; dedi.<\/p>\n<p>Cumhuriyet Halk Partisi (CHP) Mezitli Belediye Ba\u015fkan Aday\u0131 Ahmet Serkan Tuncer, se\u00e7im \u00e7al\u0131\u015fmalar\u0131 kapsam\u0131nda \u00f6zellikle esnaf\u0131 ziyaret ederek, sorunlar\u0131n\u0131 dinliyor.<br \/>\nEsnaf ve sanatkar\u0131n \u00fclke ekonomisinin bel kemi\u011fi oldu\u011funu vurgulayan Tuncer, &#8220;Esnaf ve sanatkarlar\u0131m\u0131z, ekonomik ve sosyal yap\u0131m\u0131z\u0131n istikrar unsuru, toplumumuzun orta dire\u011fidir.<br \/>\nEsnaf ve sanatkarlar\u0131m\u0131z\u0131n korunup desteklemesi i\u00e7in yap\u0131lmas\u0131 gerekeni eksiksiz hayata ge\u00e7irece\u011fiz&#8221; ifadelerini kulland\u0131.<\/p>\n<p>SOSYAL ADALET\u0130 SA\u011eLAYACA\u011eIZ<\/p>\n<p>Esnaf\u0131n sorunlar\u0131n\u0131 yak\u0131ndan takip etti\u011fini dile getiren Tuncer, halk\u00e7\u0131 belediyecilik b\u00fcy\u00fcd\u00fck\u00e7e sorunlar\u0131n da \u00e7\u00f6z\u00fclece\u011fini belirterek, \u015funlar\u0131 s\u00f6yledi: &#8220;\u00dcreten ve istihdam alanlar\u0131 olu\u015fturan bir belediye ba\u015fkan\u0131 olmak i\u00e7in aday oldum. Mezitli&#8217;nin her b\u00f6lgesinde sosyal adaleti sa\u011flayan y\u00f6netim anlay\u0131\u015f\u0131n\u0131 hayata ge\u00e7irece\u011fiz. Bilim ve teknolojik metotlar \u0131\u015f\u0131\u011f\u0131nda, \u00f6rnek yerel y\u00f6netim anlay\u0131\u015f\u0131n\u0131 Mezitli&#8217;de kuraca\u011f\u0131z. Herkes i\u00e7in g\u00fcvenli, rahat, huzurlu Mezitli&#8217;yi hep birlikte in\u015fa edece\u011fiz. Halk\u00e7\u0131 belediyecilik b\u00fcy\u00fcd\u00fck\u00e7e vatanda\u015flar\u0131m\u0131z\u0131 \u00e7aresiz hissettiren olumsuz \u015fartlar de\u011fi\u015fecek.&#8221;<\/p>\n","protected":false},"excerpt":{"rendered":"<p>Cumhuriyet Halk Partisi Mezitli Belediye Ba\u015fkan Aday\u0131 Ahmet Serkan Tuncer, halk\u00e7\u0131 belediyecilik b\u00fcy\u00fcd\u00fck\u00e7e vatanda\u015flara kendini \u00e7aresiz hissettiren \u015fartlar\u0131n da de\u011fi\u015fece\u011fine vurgu yaparak, &#8220;Herkes i\u00e7in g\u00fcvenli, rahat, huzurlu Mezitli&#8217;yi hep birlikte in\u015fa edece\u011fiz&#8221; dedi. Cumhuriyet Halk Partisi (CHP) Mezitli Belediye Ba\u015fkan Aday\u0131 Ahmet Serkan Tuncer, se\u00e7im \u00e7al\u0131\u015fmalar\u0131 kapsam\u0131nda \u00f6zellikle esnaf\u0131 ziyaret ederek, sorunlar\u0131n\u0131 dinliyor. Esnaf ve [&hellip;]<\/p>\n","protected":false},"author":2,"featured_media":30971,"comment_status":"open","ping_status":"open","sticky":false,"template":"","format":"standard","meta":{"footnotes":""},"categories":[3],"tags":[],"class_list":["post-30970","post","type-post","status-publish","format-standard","has-post-thumbnail","hentry","category-manset"],"views":0,"_links":{"self":[{"href":"https:\/\/mersinkadingazetesi.com\/index.php?rest_route=\/wp\/v2\/posts\/30970"}],"collection":[{"href":"https:\/\/mersinkadingazetesi.com\/index.php?rest_route=\/wp\/v2\/posts"}],"about":[{"href":"https:\/\/mersinkadingazetesi.com\/index.php?rest_route=\/wp\/v2\/types\/post"}],"author":[{"embeddable":true,"href":"https:\/\/mersinkadingazetesi.com\/index.php?rest_route=\/wp\/v2\/users\/2"}],"replies":[{"embeddable":true,"href":"https:\/\/mersinkadingazetesi.com\/index.php?rest_route=%2Fwp%2Fv2%2Fcomments&post=30970"}],"version-history":[{"count":0,"href":"https:\/\/mersinkadingazetesi.com\/index.php?rest_route=\/wp\/v2\/posts\/30970\/revisions"}],"wp:featuredmedia":[{"embeddable":true,"href":"https:\/\/mersinkadingazetesi.com\/index.php?rest_route=\/wp\/v2\/media\/30971"}],"wp:attachment":[{"href":"https:\/\/mersinkadingazetesi.com\/index.php?rest_route=%2Fwp%2Fv2%2Fmedia&parent=30970"}],"wp:term":[{"taxonomy":"category","embeddable":true,"href":"https:\/\/mersinkadingazetesi.com\/index.php?rest_route=%2Fwp%2Fv2%2Fcategories&post=30970"},{"taxonomy":"post_tag","embeddable":true,"href":"https:\/\/mersinkadingazetesi.com\/index.php?rest_route=%2Fwp%2Fv2%2Ftags&post=30970"}],"curies":[{"name":"wp","href":"https:\/\/api.w.org\/{rel}","templated":true}]}}