{"id":30994,"date":"2024-02-29T12:33:33","date_gmt":"2024-02-29T09:33:33","guid":{"rendered":"http:\/\/mersinkadingazetesi.com\/?p=30994"},"modified":"2024-02-29T12:33:33","modified_gmt":"2024-02-29T09:33:33","slug":"mola-evinin-ozel-bireyleri-sinema-etkinligi-ile-eglendi","status":"publish","type":"post","link":"https:\/\/mersinkadingazetesi.com\/?p=30994","title":{"rendered":"MOLA EV\u0130&#8217;N\u0130N \u00d6ZEL B\u0130REYLER\u0130 S\u0130NEMA ETK\u0130NL\u0130\u011e\u0130 \u0130LE E\u011eLEND\u0130"},"content":{"rendered":"<p>\u00d6zel gereksinimli bireylerin sosyalle\u015fmesi ve topluma daha \u00e7ok kar\u0131\u015fabilmesi ad\u0131na \u00f6nemli etkinlikler d\u00fczenleyen Mersin B\u00fcy\u00fck\u015fehir Belediyesi, yine g\u00fczel bir etkinli\u011fe imza att\u0131. Sa\u011fl\u0131k \u0130\u015fleri Dairesi&#8217;ne ba\u011fl\u0131 Mola Evi&#8217;nden faydalanan bireyler ve aileleri, d\u00fczenlenen Sinema Etkinli\u011fi&#8217;nde bir araya geldi.<\/p>\n<p>Palm City AVM&#8217;de ger\u00e7ekle\u015fen etkinlikte, \u00f6zel gereksinimli bireyler ve aileleri yak\u0131n zamanda vizyona giren, ba\u015frollerini Ahmet Kural ve Cengiz Bozkurt&#8217;un payla\u015ft\u0131\u011f\u0131 &#8216;Efsane&#8217; isimli komedi filmini izledi. Patlam\u0131\u015f m\u0131s\u0131r ve me\u015frubat e\u015fli\u011finde filmi izleyen \u00f6zel gereksinimli bireyler ve aileleri, filmi olduk\u00e7a be\u011fendi. Film boyunca kahkaha atan ve e\u011flenen \u00f6zel gereksinimli bireyler, etkinlikten ayr\u0131lmak istemedi.<\/p>\n<p>\u00d6zdal: &#8220;Etkinliklerimizden aileler ve \u00e7ocuklar\u0131 \u00e7ok memnun&#8221;<\/p>\n<p>Engelsiz Ya\u015fam Merkezi Mola Evi&#8217;nde \u00d6zel E\u011fitim \u00d6\u011fretmeni olarak g\u00f6rev yapan Fatma Esra \u00d6zdal, etkinli\u011fin amac\u0131n\u0131 anlatarak, &#8220;Sinema etkinli\u011fimizle \u00e7ocuklar\u0131m\u0131z\u0131n yan\u0131 s\u0131ra, velilerimizin de mola vermesini ama\u00e7lad\u0131k. So\u011fuk hava \u015fartlar\u0131nda kapal\u0131 alanlarda sosyalle\u015febilmeleri ad\u0131na \u00f6\u011frencilerimizi ve ailelerini komedi filmine getirdik. Patlam\u0131\u015f m\u0131s\u0131r ve me\u015frubat ikram\u0131yla da, onlar\u0131n filmden daha keyif almalar\u0131n\u0131 sa\u011flad\u0131k&#8221; dedi.<\/p>\n<p>\u00d6zel gereksinimli bireylerin ve ailelerinin etkinlikleri \u00e7ok sevdi\u011fini ve s\u0131k s\u0131k talep ettiklerini s\u00f6zlerine ekleyen \u00d6zdal, &#8220;Mola Evi&#8217;nin amac\u0131, ad\u0131ndan da anla\u015f\u0131laca\u011f\u0131 \u00fczere ailelere mola verdirebilmek. Ailelerden \u00e7ok g\u00fczel d\u00f6n\u00fctler al\u0131yoruz. Kendileri ad\u0131na da, \u00e7ocuklar\u0131 ad\u0131na da mutlu oluyorlar. Kafalar\u0131 rahat oluyor, kendilerini emin ellerde hissediyorlar. Kendine vakit ay\u0131rd\u0131\u011f\u0131 zaman, de\u015farj oldu\u011fu zaman \u00e7ocu\u011fuyla da kaliteli vakit ge\u00e7irebiliyor. Bu etkinliklerin devam\u0131n\u0131 istiyorlar. Biz de onlara elimizden geldi\u011fince etkinlik d\u00fczenlemeye \u00e7al\u0131\u015f\u0131yoruz&#8221; ifadelerine yer verdi.<\/p>\n<p>&#8220;\u00c7ocuklar\u0131m\u0131z bu etkinliklerde \u00e7ok g\u00fczel vakit ge\u00e7iriyor&#8221;<\/p>\n<p>Etkinli\u011fe o\u011flu ile gelen Sakine G\u00fcdemek etkinli\u011fi de\u011ferlendirerek, &#8220;\u00c7ok g\u00fczeldi ve \u00e7ok memnunuz. B\u00f6yle bir etkinlik yapt\u0131\u011f\u0131 i\u00e7in Vahap Se\u00e7er&#8217;e \u00e7ok te\u015fekk\u00fcr ederim. \u00c7ocuklar\u0131m\u0131z \u00e7ok faydalan\u0131yor. Biz de seviniyoruz. \u00c7ocuklar\u0131m\u0131z g\u00fczel vakit ge\u00e7iriyor&#8221;  derken, o\u011flu Hidayet Can&#8217;\u0131n da filmi \u00e7ok sevdi\u011fini s\u00f6yleyerek, &#8220;Kendisi filmi \u00e7ok be\u011fendi, \u00e7ok sevindi. \u00c7ok te\u015fekk\u00fcr ederiz&#8221; diye konu\u015ftu.<\/p>\n<p>&#8220;Mola Evi&#8217;nde bize her konuda yard\u0131mc\u0131 oluyorlar&#8221;<\/p>\n<p>Filmi izlemeye o\u011flu Mehmet&#8217;le gelen Fatma Baykara, Mola Evi&#8217;nin etkinliklerinden ilk kez faydaland\u0131\u011f\u0131n\u0131 ve olduk\u00e7a be\u011fendi\u011fini s\u00f6yleyerek, &#8220;Film \u00e7ok g\u00fczeldi. \u00c7ocuklar\u0131m\u0131z \u00e7ok e\u011flendi. B\u00f6yle etkinlikler yapt\u0131\u011f\u0131 i\u00e7in Vahap Se\u00e7er&#8217;e te\u015fekk\u00fcr ediyoruz. Mola Evi&#8217;nden hizmet almaya yeni ba\u015flad\u0131k ve bu da ilk etkinli\u011fimiz oldu&#8221; dedi.<\/p>\n<p>Yaren Sara\u00e7er de Mola Evi&#8217;nin etkinliklerine s\u0131k s\u0131k kat\u0131lanlardan. Sinema izlemeyi sevdi\u011fini s\u00f6yleyen Sara\u00e7er, &#8220;\u00c7ok be\u011fendim, \u00e7ok g\u00fczel bir filmdi. \u00c7ok e\u011flendik&#8221; dedi. Mola Evi&#8217;nden \u00e7ok memnun oldu\u011funu da s\u00f6zlerine ekleyen Sara\u00e7er, &#8220;Mola Evi&#8217;nde bize \u00e7ok yard\u0131mc\u0131 oluyorlar. Onlara da \u00e7ok te\u015fekk\u00fcr ediyoruz&#8221; ifadelerini kulland\u0131.<\/p>\n","protected":false},"excerpt":{"rendered":"<p>\u00d6zel gereksinimli bireylerin sosyalle\u015fmesi ve topluma daha \u00e7ok kar\u0131\u015fabilmesi ad\u0131na \u00f6nemli etkinlikler d\u00fczenleyen Mersin B\u00fcy\u00fck\u015fehir Belediyesi, yine g\u00fczel bir etkinli\u011fe imza att\u0131. Sa\u011fl\u0131k \u0130\u015fleri Dairesi&#8217;ne ba\u011fl\u0131 Mola Evi&#8217;nden faydalanan bireyler ve aileleri, d\u00fczenlenen Sinema Etkinli\u011fi&#8217;nde bir araya geldi. Palm City AVM&#8217;de ger\u00e7ekle\u015fen etkinlikte, \u00f6zel gereksinimli bireyler ve aileleri yak\u0131n zamanda vizyona giren, ba\u015frollerini Ahmet Kural [&hellip;]<\/p>\n","protected":false},"author":2,"featured_media":30995,"comment_status":"open","ping_status":"open","sticky":false,"template":"","format":"standard","meta":{"footnotes":""},"categories":[3],"tags":[],"class_list":["post-30994","post","type-post","status-publish","format-standard","has-post-thumbnail","hentry","category-manset"],"views":1,"_links":{"self":[{"href":"https:\/\/mersinkadingazetesi.com\/index.php?rest_route=\/wp\/v2\/posts\/30994"}],"collection":[{"href":"https:\/\/mersinkadingazetesi.com\/index.php?rest_route=\/wp\/v2\/posts"}],"about":[{"href":"https:\/\/mersinkadingazetesi.com\/index.php?rest_route=\/wp\/v2\/types\/post"}],"author":[{"embeddable":true,"href":"https:\/\/mersinkadingazetesi.com\/index.php?rest_route=\/wp\/v2\/users\/2"}],"replies":[{"embeddable":true,"href":"https:\/\/mersinkadingazetesi.com\/index.php?rest_route=%2Fwp%2Fv2%2Fcomments&post=30994"}],"version-history":[{"count":0,"href":"https:\/\/mersinkadingazetesi.com\/index.php?rest_route=\/wp\/v2\/posts\/30994\/revisions"}],"wp:featuredmedia":[{"embeddable":true,"href":"https:\/\/mersinkadingazetesi.com\/index.php?rest_route=\/wp\/v2\/media\/30995"}],"wp:attachment":[{"href":"https:\/\/mersinkadingazetesi.com\/index.php?rest_route=%2Fwp%2Fv2%2Fmedia&parent=30994"}],"wp:term":[{"taxonomy":"category","embeddable":true,"href":"https:\/\/mersinkadingazetesi.com\/index.php?rest_route=%2Fwp%2Fv2%2Fcategories&post=30994"},{"taxonomy":"post_tag","embeddable":true,"href":"https:\/\/mersinkadingazetesi.com\/index.php?rest_route=%2Fwp%2Fv2%2Ftags&post=30994"}],"curies":[{"name":"wp","href":"https:\/\/api.w.org\/{rel}","templated":true}]}}