{"id":30997,"date":"2024-02-29T12:34:46","date_gmt":"2024-02-29T09:34:46","guid":{"rendered":"http:\/\/mersinkadingazetesi.com\/?p=30997"},"modified":"2024-02-29T12:34:46","modified_gmt":"2024-02-29T09:34:46","slug":"dr-ali-oz-ilk-kez-oy-kullanacak-genclerle-bir-araya-geldi","status":"publish","type":"post","link":"https:\/\/mersinkadingazetesi.com\/?p=30997","title":{"rendered":"Dr. Ali \u00d6z, ilk kez oy kullanacak gen\u00e7lerle bir araya geldi"},"content":{"rendered":"<p>Toroslar \u00dclk\u00fc Ocaklar\u0131 taraf\u0131ndan d\u00fczenlenen &#8216;Gen\u00e7lerle S\u00f6yle\u015fi&#8217; etkinli\u011fine kat\u0131lan Cumhur \u0130ttifak\u0131 Toroslar Belediye Ba\u015fkan Aday\u0131 Dr. Ali \u00d6z, gen\u00e7lerle bir araya geldi. Etkinlikte gen\u00e7lere seslenen \u00d6z, &#8220;Sizler, bu \u00fclkenin gelece\u011fisiniz. Sizin ayd\u0131nl\u0131k d\u00fc\u015f\u00fcnce yap\u0131n\u0131z, fikirleriniz, bizim i\u00e7in \u00e7ok \u00f6nemli. \u00dclkemizin gelece\u011fini ayd\u0131nlatan birbirinden de\u011ferli siz gen\u00e7lerimizle birlikte Toroslar&#8217;\u0131 da ayd\u0131nl\u0131\u011fa kavu\u015fturaca\u011f\u0131z&#8221; dedi.<\/p>\n<p>31 Mart yerel se\u00e7imlerine say\u0131l\u0131 g\u00fcnler kala \u00e7al\u0131\u015fmalar\u0131na aral\u0131ks\u0131z devam eden Cumhur \u0130ttifak\u0131 Toroslar Belediye Ba\u015fkan\u0131 Dr. Ali \u00d6z, Toroslar&#8217;da ilk kez oy kullanacak gen\u00e7lerle bulu\u015ftu. Toroslar \u00dclk\u00fc Ocaklar\u0131 taraf\u0131ndan Yunus Emre K\u00fclt\u00fcr Merkezi&#8217;nde d\u00fczenlenen etkinli\u011fe kat\u0131lan \u00d6z, burada gen\u00e7lerin sordu\u011fu t\u00fcm sorular\u0131 cevaplad\u0131. Gen\u00e7lerin b\u00fcy\u00fck ilgi g\u00f6sterdi\u011fi etkinlikte talebi olan gen\u00e7leri dinleyen \u00d6z, talepleri tek tek not ald\u0131. Kat\u0131l\u0131m\u0131n yo\u011fun oldu\u011fu etkinlikte gen\u00e7lere se\u00e7ildikten sonra hayata ge\u00e7irece\u011fi projelerden bahseden \u00d6z, gen\u00e7lerden destek s\u00f6z\u00fc ald\u0131. \u0130lk oylar\u0131n\u0131 Ali \u00d6z&#8217;den yana kullanacaklar\u0131n\u0131 ifade eden gen\u00e7ler \u00d6z&#8217;e \u00e7al\u0131\u015fmalar\u0131nda ba\u015far\u0131lar diledi.<\/p>\n<p>&#8220;MERS\u0130N&#8217;\u0130N EN B\u00dcY\u00dcK SPOR TES\u0130SLER\u0130NDEN B\u0130R\u0130N\u0130 \u0130L\u00c7EM\u0130ZE KAZANDIRACA\u011eIZ&#8221;<\/p>\n<p>Toroslar&#8217;daki en b\u00fcy\u00fck eksikliklerin ba\u015f\u0131nda spor tesisleri geldi\u011fini soran bir gence cevap veren \u00d6z, &#8220;\u0130l\u00e7emiz spor tesisleri a\u00e7\u0131s\u0131ndan hak etti\u011fi d\u00fczeyde de\u011fildir. Gen\u00e7lerimiz ba\u015fta olmak \u00fczere t\u00fcm vatanda\u015flar\u0131m\u0131z\u0131n kullanabilece\u011fi ve ayn\u0131 zamanda sosyal alanlar olarak kullan\u0131lacak yeni kompleksler kuraca\u011f\u0131z. \u0130\u00e7erisinde a\u00e7\u0131k y\u00fczme havuzu, tenis kortlar\u0131, basketbol, voleybol, atletizm ve futbol sahalar\u0131 olan Mersin&#8217;in en b\u00fcy\u00fck spor tesislerinden birini il\u00e7emize kazand\u0131raca\u011f\u0131z&#8221; dedi.<\/p>\n<p>&#8220;KEND\u0130 ENERJ\u0130M\u0130Z\u0130 \u00dcRETEREK GEN\u00c7LERE EKSTRA BURSLAR VERECE\u011e\u0130Z&#8221;<\/p>\n<p>\u0130lk kez oy kullanacak olan bir gencin \u00fcniversite okuyan gen\u00e7lere y\u00f6nelik burs sorusu \u00fczerine \u00d6z, &#8220;\u0130l\u00e7emizde yenilenebilir enerji konusunda en b\u00fcy\u00fck potansiyel olan g\u00fcne\u015f enerjisinden faydalanmak ve belediyemizin enerji maliyetlerini azaltmak i\u00e7in il\u00e7emize Toroslar GES tesisimizi kazand\u0131raca\u011f\u0131z. Ayr\u0131ca k\u0131rsal yerle\u015fimlerimizde elektrik altyap\u0131s\u0131 olmayan vatanda\u015flar\u0131m\u0131za mobil g\u00fcne\u015f panelleri sa\u011flayaca\u011f\u0131z. Kendi enerjimizi \u00fcreterek giderleri d\u00fc\u015f\u00fcrecek ve bu sayede de siz k\u0131ymetli gen\u00e7lerimize ekstra burs olana\u011f\u0131 sa\u011flayaca\u011f\u0131z&#8221; diye konu\u015ftu.<\/p>\n<p>&#8220;TOROSLAR HALKI B\u0130ZDEN B\u0130R \u00dcN\u0130VERS\u0130TE BEKL\u0130YOR&#8221;<br \/>\nToroslar&#8217;da e\u011fitim konusunda sorulan bir soruya da cevap veren \u00d6z, &#8220;Daha \u00f6nce de a\u00e7\u0131klad\u0131\u011f\u0131m bir projem vard\u0131. Sizlerin de b\u00fcy\u00fck deste\u011fi ile se\u00e7ildikten sonra hayata ge\u00e7irece\u011fim projelerin ba\u015f\u0131nda olan bir projem var. Mersin \u00dcniversitesi ile ortak hareket ederek Toroslar&#8217;a \u00fcniversitenin y\u00fcksekokulunu yurduyla beraber yapaca\u011f\u0131z. Toroslar halk\u0131 il\u00e7eye bir \u00fcniversite bekliyor. Bir \u00fcniversitenin b\u00f6lgenin k\u00fclt\u00fcrel yap\u0131s\u0131na, ekonomik yap\u0131s\u0131na, sosyolojik yap\u0131s\u0131na, sanatsal yap\u0131s\u0131na \u00e7ok ciddi katk\u0131s\u0131 olacakt\u0131r&#8221; ifadelerini kulland\u0131.<\/p>\n<p>&#8220;TOROSLAR&#8217;IN GELECE\u011e\u0130N\u0130 GEN\u00c7LERLE B\u0130RL\u0130KTE \u0130N\u015eA EDECE\u011e\u0130Z&#8221;<\/p>\n<p>Etkinlikte soru cevap b\u00f6l\u00fcm\u00fcn\u00fcn ard\u0131ndan gen\u00e7lerle sohbet eden \u00d6z, &#8220;Sizler, bu \u00fclkenin gelece\u011fisiniz. Sizin ayd\u0131nl\u0131k d\u00fc\u015f\u00fcnce yap\u0131n\u0131z ve fikirleriniz \u00fclkemizin gelece\u011fini ayd\u0131nlat\u0131yor. Hayalim olan Toroslar i\u00e7in gelece\u011fimizin teminat\u0131 olan siz k\u0131ymetli karde\u015flerim ve gen\u00e7lerimizle birlikte il\u00e7emizin gelece\u011fini birlikte in\u015fa edece\u011fiz. Toroslar, sizlerle beraber b\u00fcy\u00fcyecek ve geli\u015fecek&#8221; dedi.<\/p>\n","protected":false},"excerpt":{"rendered":"<p>Toroslar \u00dclk\u00fc Ocaklar\u0131 taraf\u0131ndan d\u00fczenlenen &#8216;Gen\u00e7lerle S\u00f6yle\u015fi&#8217; etkinli\u011fine kat\u0131lan Cumhur \u0130ttifak\u0131 Toroslar Belediye Ba\u015fkan Aday\u0131 Dr. Ali \u00d6z, gen\u00e7lerle bir araya geldi. Etkinlikte gen\u00e7lere seslenen \u00d6z, &#8220;Sizler, bu \u00fclkenin gelece\u011fisiniz. Sizin ayd\u0131nl\u0131k d\u00fc\u015f\u00fcnce yap\u0131n\u0131z, fikirleriniz, bizim i\u00e7in \u00e7ok \u00f6nemli. \u00dclkemizin gelece\u011fini ayd\u0131nlatan birbirinden de\u011ferli siz gen\u00e7lerimizle birlikte Toroslar&#8217;\u0131 da ayd\u0131nl\u0131\u011fa kavu\u015fturaca\u011f\u0131z&#8221; dedi. 31 Mart yerel [&hellip;]<\/p>\n","protected":false},"author":2,"featured_media":30998,"comment_status":"open","ping_status":"open","sticky":false,"template":"","format":"standard","meta":{"footnotes":""},"categories":[3,6],"tags":[],"class_list":["post-30997","post","type-post","status-publish","format-standard","has-post-thumbnail","hentry","category-manset","category-siyaset-2"],"views":9,"_links":{"self":[{"href":"https:\/\/mersinkadingazetesi.com\/index.php?rest_route=\/wp\/v2\/posts\/30997"}],"collection":[{"href":"https:\/\/mersinkadingazetesi.com\/index.php?rest_route=\/wp\/v2\/posts"}],"about":[{"href":"https:\/\/mersinkadingazetesi.com\/index.php?rest_route=\/wp\/v2\/types\/post"}],"author":[{"embeddable":true,"href":"https:\/\/mersinkadingazetesi.com\/index.php?rest_route=\/wp\/v2\/users\/2"}],"replies":[{"embeddable":true,"href":"https:\/\/mersinkadingazetesi.com\/index.php?rest_route=%2Fwp%2Fv2%2Fcomments&post=30997"}],"version-history":[{"count":0,"href":"https:\/\/mersinkadingazetesi.com\/index.php?rest_route=\/wp\/v2\/posts\/30997\/revisions"}],"wp:featuredmedia":[{"embeddable":true,"href":"https:\/\/mersinkadingazetesi.com\/index.php?rest_route=\/wp\/v2\/media\/30998"}],"wp:attachment":[{"href":"https:\/\/mersinkadingazetesi.com\/index.php?rest_route=%2Fwp%2Fv2%2Fmedia&parent=30997"}],"wp:term":[{"taxonomy":"category","embeddable":true,"href":"https:\/\/mersinkadingazetesi.com\/index.php?rest_route=%2Fwp%2Fv2%2Fcategories&post=30997"},{"taxonomy":"post_tag","embeddable":true,"href":"https:\/\/mersinkadingazetesi.com\/index.php?rest_route=%2Fwp%2Fv2%2Ftags&post=30997"}],"curies":[{"name":"wp","href":"https:\/\/api.w.org\/{rel}","templated":true}]}}