{"id":31009,"date":"2024-02-29T16:37:08","date_gmt":"2024-02-29T13:37:08","guid":{"rendered":"http:\/\/mersinkadingazetesi.com\/?p=31009"},"modified":"2024-02-29T16:37:08","modified_gmt":"2024-02-29T13:37:08","slug":"mersin-barosu-avukati-hedef-gostermekten-vazgecin","status":"publish","type":"post","link":"https:\/\/mersinkadingazetesi.com\/?p=31009","title":{"rendered":"MERS\u0130N BAROSU: AVUKATI HEDEF G\u00d6STERMEKTEN VAZGE\u00c7\u0130N!"},"content":{"rendered":"<p>Mersin\u2019de bir okul m\u00fcd\u00fcr\u00fc ve o\u011flunun, otob\u00fcste tart\u0131\u015ft\u0131\u011f\u0131 ya\u015fl\u0131 \u00e7ifti darp etti\u011fi olayla ilgili S\u00f6zc\u00fc Tv\u2019de yay\u0131nlanan bir programda avukat\u0131n hedef g\u00f6sterilmesine ve avukat hakk\u0131nda hakaret i\u00e7eren s\u00f6ylemlerde bulunulmas\u0131na Mersin Barosu\u2019ndan tepki geldi. Konuya ili\u015fkin \u015fah\u0131slar hakk\u0131nda su\u00e7 duyurusunda bulunacaklar\u0131n\u0131 belirten Mersin Barosu y\u00f6netimi a\u00e7\u0131klamas\u0131nda, \u201cAvukat\u0131 hedef g\u00f6stermekten vazge\u00e7in\u201d ifadesine yer verdi.<\/p>\n<p>Mersin Barosu Ba\u015fkanl\u0131\u011f\u0131 ve Mersin Barosu Avukat Haklar\u0131 Merkezi yapt\u0131\u011f\u0131 yaz\u0131l\u0131 a\u00e7\u0131klamada \u015fu ifadelere yer verdi:<\/p>\n<p>MA\u011eDUR VATANDA\u015eLARIMIZIN YANINDA OLMAYA DEVAM EDECE\u011e\u0130Z<\/p>\n<p>\u201c29.02.2024 tarihinde \u2018SZC TV\u2019 de yap\u0131lan program esnas\u0131nda yay\u0131nda bulunan ki\u015filer taraf\u0131ndan,  ilimizde ya\u015fanan ve hepimizi derinden etkileyen ya\u015fl\u0131 iki vatanda\u015f\u0131m\u0131z\u0131n darp edilmesine y\u00f6nelik olay tart\u0131\u015f\u0131l\u0131rken, olayda kar\u015f\u0131 taraf vekilli\u011fini \u00fcstlenen meslekta\u015f\u0131m\u0131z hakk\u0131nda, \u2018\u2019Ben avukat olsam utan\u0131r\u0131m b\u00f6yle bir \u015feyi savunmaya, b\u00f6yle bir dava a\u00e7maya, b\u00f6yle bir ak\u0131l vermeye utan\u0131r\u0131m. \u0130nsanda biraz utanma duygusu olur.\u2019\u2019, \u2018\u2019O ailenin avukat\u0131 olup dava a\u00e7an avukata da ceza versinler. Her \u015fey para de\u011fil. Bu kadar\u0131 vicdans\u0131zl\u0131k.\u2019\u2019, \u2018\u2019O avukata da ceza versinler ahlaks\u0131zl\u0131k yapm\u0131\u015f \u00e7\u00fcnk\u00fc.\u2018\u2019 gibi hakaret ve beyanlarda bulunulmu\u015ftur.<\/p>\n<p>\u00d6ncelikle belirtmek isteriz ki; Mersin Barosu olarak, bug\u00fcne kadar hi\u00e7 kimseden talimat almadan, haks\u0131zl\u0131\u011fa u\u011fram\u0131\u015f, haklar\u0131 ihlal edilmi\u015f her vatanda\u015f\u0131m\u0131z\u0131n yan\u0131nda oldu\u011fumuz gibi, bundan sonra da kimsenin talimat\u0131 olmadan, ma\u011fdur vatanda\u015flar\u0131m\u0131z\u0131n yan\u0131nda olmaya devam edece\u011fiz. Zira hepimizi \u00fczen bu konuya ili\u015fkin olarak da, \u0130nsan Haklar\u0131 Merkezimiz konunun takip\u00e7isidir. Ancak Anayasa\u2019m\u0131z\u0131n 36. Maddesi, her vatanda\u015f\u0131m\u0131z\u0131n hak arama h\u00fcrriyeti oldu\u011funu net bir \u015fekilde belirtmi\u015ftir. Avukat vekildir; davalar\u0131n taraf\u0131 de\u011fildir. Avukatlar\u0131, vekilli\u011fini yapt\u0131klar\u0131 davalardan dolay\u0131 ahlaks\u0131z veya utanmaz olarak nitelendirmek de kimsenin haddi de\u011fildir.<\/p>\n<p>AVUKATA KAR\u015eI \u015e\u0130DDETE TE\u015eV\u0130K ETMEK DI\u015eINDA H\u0130\u00c7B\u0130R FAYDASI OLMAYACAKTIR<\/p>\n<p>\u00dclkemizde avukata y\u00f6nelik \u015fiddet giderek artarken ve avukatlar dosyan\u0131n bir taraf\u0131 gibi alg\u0131lan\u0131rken, herkes taraf\u0131ndan izlenen bir programda, hukuk bilgisinden yoksun beyanlarla meslekta\u015f\u0131m\u0131z hakk\u0131nda hakaret i\u00e7erikli s\u00f6ylemlerde bulunan ve meslekta\u015f\u0131m\u0131z\u0131 hedef g\u00f6steren yay\u0131nc\u0131 kanal ve program kat\u0131lanlar\u0131n\u0131 \u015fiddetle k\u0131n\u0131yoruz.<\/p>\n<p>Zira barolar olarak, avukatlara y\u00f6nelik \u015fiddete kar\u015f\u0131 \u00f6zveriyle m\u00fccadele etmeye gayret ederken, bu ve benzeri s\u00f6ylemlerin avukat\u0131 d\u00fc\u015fman gibi g\u00f6stermek ve avukata kar\u015f\u0131 \u015fiddete te\u015fvik etmek d\u0131\u015f\u0131nda hi\u00e7bir faydas\u0131 olmayacakt\u0131r. Bu sebeple, konuya ili\u015fkin ilgili \u015fah\u0131slar hakk\u0131nda su\u00e7 duyurusunda bulunulacak olup, yasal s\u00fcrecin de takip\u00e7isi olaca\u011f\u0131m\u0131z\u0131 kamuoyuna sayg\u0131lar\u0131m\u0131zla bildiririz.\u201d<\/p>\n","protected":false},"excerpt":{"rendered":"<p>Mersin\u2019de bir okul m\u00fcd\u00fcr\u00fc ve o\u011flunun, otob\u00fcste tart\u0131\u015ft\u0131\u011f\u0131 ya\u015fl\u0131 \u00e7ifti darp etti\u011fi olayla ilgili S\u00f6zc\u00fc Tv\u2019de yay\u0131nlanan bir programda avukat\u0131n hedef g\u00f6sterilmesine ve avukat hakk\u0131nda hakaret i\u00e7eren s\u00f6ylemlerde bulunulmas\u0131na Mersin Barosu\u2019ndan tepki geldi. Konuya ili\u015fkin \u015fah\u0131slar hakk\u0131nda su\u00e7 duyurusunda bulunacaklar\u0131n\u0131 belirten Mersin Barosu y\u00f6netimi a\u00e7\u0131klamas\u0131nda, \u201cAvukat\u0131 hedef g\u00f6stermekten vazge\u00e7in\u201d ifadesine yer verdi. Mersin Barosu Ba\u015fkanl\u0131\u011f\u0131 [&hellip;]<\/p>\n","protected":false},"author":2,"featured_media":31010,"comment_status":"open","ping_status":"open","sticky":false,"template":"","format":"standard","meta":{"footnotes":""},"categories":[3],"tags":[],"class_list":["post-31009","post","type-post","status-publish","format-standard","has-post-thumbnail","hentry","category-manset"],"views":9,"_links":{"self":[{"href":"https:\/\/mersinkadingazetesi.com\/index.php?rest_route=\/wp\/v2\/posts\/31009"}],"collection":[{"href":"https:\/\/mersinkadingazetesi.com\/index.php?rest_route=\/wp\/v2\/posts"}],"about":[{"href":"https:\/\/mersinkadingazetesi.com\/index.php?rest_route=\/wp\/v2\/types\/post"}],"author":[{"embeddable":true,"href":"https:\/\/mersinkadingazetesi.com\/index.php?rest_route=\/wp\/v2\/users\/2"}],"replies":[{"embeddable":true,"href":"https:\/\/mersinkadingazetesi.com\/index.php?rest_route=%2Fwp%2Fv2%2Fcomments&post=31009"}],"version-history":[{"count":0,"href":"https:\/\/mersinkadingazetesi.com\/index.php?rest_route=\/wp\/v2\/posts\/31009\/revisions"}],"wp:featuredmedia":[{"embeddable":true,"href":"https:\/\/mersinkadingazetesi.com\/index.php?rest_route=\/wp\/v2\/media\/31010"}],"wp:attachment":[{"href":"https:\/\/mersinkadingazetesi.com\/index.php?rest_route=%2Fwp%2Fv2%2Fmedia&parent=31009"}],"wp:term":[{"taxonomy":"category","embeddable":true,"href":"https:\/\/mersinkadingazetesi.com\/index.php?rest_route=%2Fwp%2Fv2%2Fcategories&post=31009"},{"taxonomy":"post_tag","embeddable":true,"href":"https:\/\/mersinkadingazetesi.com\/index.php?rest_route=%2Fwp%2Fv2%2Ftags&post=31009"}],"curies":[{"name":"wp","href":"https:\/\/api.w.org\/{rel}","templated":true}]}}