{"id":31027,"date":"2024-03-01T13:07:36","date_gmt":"2024-03-01T10:07:36","guid":{"rendered":"http:\/\/mersinkadingazetesi.com\/?p=31027"},"modified":"2024-03-01T13:07:36","modified_gmt":"2024-03-01T10:07:36","slug":"kadinlardan-her-alanda-destek-alacagiz","status":"publish","type":"post","link":"https:\/\/mersinkadingazetesi.com\/?p=31027","title":{"rendered":"KADINLARDAN HER ALANDA DESTEK ALACA\u011eIZ"},"content":{"rendered":"<p>Cumhuriyet Halk Partisi Mezitli Belediye Ba\u015fkan Aday\u0131 Ahmet Serkan Tuncer, adil b\u00fct\u00e7e kullan\u0131m\u0131n\u0131, kad\u0131nlar\u0131n, gen\u00e7lerin ve t\u00fcm dezavantajl\u0131 kesimlerin ihtiya\u00e7lar\u0131na \u00f6ncelik veren bir yakla\u015f\u0131mla ger\u00e7ekle\u015ftireceklerini belirterek, &#8220;Mezitli&#8217;de yapaca\u011f\u0131m\u0131z projelere mutlaka kad\u0131n eli de\u011fecek. Kentimizi g\u00fczelle\u015ftirirken kad\u0131nlardan her alanda destek alaca\u011f\u0131z&#8221; ifadelerini kulland\u0131.<\/p>\n<p>Cumhuriyet Halk Partisi Mezitli Belediye Ba\u015fkan Aday\u0131 Ahmet Serkan Tuncer, T\u00fcrk Kad\u0131nlar Konseyi Derne\u011fi&#8217;ni ziyaret etti. Tuncer, CHP Mezitli \u0130l\u00e7e Ba\u015fkan\u0131 Ula\u015f Y\u0131lmaz&#8217;\u0131n da e\u015flik etti\u011fi ziyarette; kad\u0131n erkek e\u015fitli\u011finin toplumsal \u00f6nemine vurgu yapt\u0131. Gazi Mustafa Kemal Atat\u00fcrk&#8217;\u00fcn &#8220;Yery\u00fcz\u00fcnde g\u00f6rd\u00fc\u011f\u00fcm\u00fcz her \u015fey kad\u0131n\u0131n eseridir&#8221; s\u00f6zlerini an\u0131msatan Tuncer, kad\u0131n\u0131n, y\u00f6netimde, siyasette, \u00e7al\u0131\u015fma ya\u015fam\u0131nda, e\u011fitimde, hukukta, evrensel hak ve \u00f6zg\u00fcrl\u00fcklerde ve di\u011fer t\u00fcm alanlarda erkeklerle e\u015fit haklara sahip oldu\u011fu, \u00f6zg\u00fcrce ya\u015fad\u0131\u011f\u0131 bir toplumu in\u015fa etmek istediklerini s\u00f6yledi.<\/p>\n<p>PROJELER\u0130M\u0130ZE KADIN EL\u0130 DE\u011eECEK<\/p>\n<p>Kad\u0131n &#8211; erkek e\u015fitli\u011fi sa\u011flanmadan demokratik, kalk\u0131nm\u0131\u015f, sa\u011fl\u0131kl\u0131 ve modern bir \u00fclke olunamayaca\u011f\u0131n\u0131 ifade eden Tuncer, \u015funlar\u0131 kaydetti: &#8220;Kad\u0131nlar\u0131n y\u00f6netime aktif bi\u00e7imde kat\u0131lmalar\u0131n\u0131 sa\u011flamak i\u00e7in gereken t\u00fcm tedbirleri alaca\u011f\u0131z. Mezitli&#8217;de yapaca\u011f\u0131m\u0131z projelere mutlaka kad\u0131n eli de\u011fecek. Adil b\u00fct\u00e7e kullan\u0131m\u0131n\u0131, kad\u0131nlar\u0131n, gen\u00e7lerin ve t\u00fcm dezavantajl\u0131 kesimlerin ihtiya\u00e7lar\u0131na \u00f6ncelik veren bir yakla\u015f\u0131mla ger\u00e7ekle\u015ftirece\u011fiz. Kentimizi g\u00fczelle\u015ftirirken kad\u0131nlardan her alanda destek alaca\u011f\u0131z.&#8221;<br \/>\nTuncer, T\u00fcrk Kad\u0131nlar Konseyi Derne\u011fi y\u00f6neticilerine ve \u00fcyelerine misafirperverlikleri i\u00e7in te\u015fekk\u00fcr etti.<\/p>\n","protected":false},"excerpt":{"rendered":"<p>Cumhuriyet Halk Partisi Mezitli Belediye Ba\u015fkan Aday\u0131 Ahmet Serkan Tuncer, adil b\u00fct\u00e7e kullan\u0131m\u0131n\u0131, kad\u0131nlar\u0131n, gen\u00e7lerin ve t\u00fcm dezavantajl\u0131 kesimlerin ihtiya\u00e7lar\u0131na \u00f6ncelik veren bir yakla\u015f\u0131mla ger\u00e7ekle\u015ftireceklerini belirterek, &#8220;Mezitli&#8217;de yapaca\u011f\u0131m\u0131z projelere mutlaka kad\u0131n eli de\u011fecek. Kentimizi g\u00fczelle\u015ftirirken kad\u0131nlardan her alanda destek alaca\u011f\u0131z&#8221; ifadelerini kulland\u0131. Cumhuriyet Halk Partisi Mezitli Belediye Ba\u015fkan Aday\u0131 Ahmet Serkan Tuncer, T\u00fcrk Kad\u0131nlar Konseyi [&hellip;]<\/p>\n","protected":false},"author":2,"featured_media":31028,"comment_status":"open","ping_status":"open","sticky":false,"template":"","format":"standard","meta":{"footnotes":""},"categories":[2,3],"tags":[],"class_list":["post-31027","post","type-post","status-publish","format-standard","has-post-thumbnail","hentry","category-gundem","category-manset"],"views":1,"_links":{"self":[{"href":"https:\/\/mersinkadingazetesi.com\/index.php?rest_route=\/wp\/v2\/posts\/31027"}],"collection":[{"href":"https:\/\/mersinkadingazetesi.com\/index.php?rest_route=\/wp\/v2\/posts"}],"about":[{"href":"https:\/\/mersinkadingazetesi.com\/index.php?rest_route=\/wp\/v2\/types\/post"}],"author":[{"embeddable":true,"href":"https:\/\/mersinkadingazetesi.com\/index.php?rest_route=\/wp\/v2\/users\/2"}],"replies":[{"embeddable":true,"href":"https:\/\/mersinkadingazetesi.com\/index.php?rest_route=%2Fwp%2Fv2%2Fcomments&post=31027"}],"version-history":[{"count":0,"href":"https:\/\/mersinkadingazetesi.com\/index.php?rest_route=\/wp\/v2\/posts\/31027\/revisions"}],"wp:featuredmedia":[{"embeddable":true,"href":"https:\/\/mersinkadingazetesi.com\/index.php?rest_route=\/wp\/v2\/media\/31028"}],"wp:attachment":[{"href":"https:\/\/mersinkadingazetesi.com\/index.php?rest_route=%2Fwp%2Fv2%2Fmedia&parent=31027"}],"wp:term":[{"taxonomy":"category","embeddable":true,"href":"https:\/\/mersinkadingazetesi.com\/index.php?rest_route=%2Fwp%2Fv2%2Fcategories&post=31027"},{"taxonomy":"post_tag","embeddable":true,"href":"https:\/\/mersinkadingazetesi.com\/index.php?rest_route=%2Fwp%2Fv2%2Ftags&post=31027"}],"curies":[{"name":"wp","href":"https:\/\/api.w.org\/{rel}","templated":true}]}}