{"id":31030,"date":"2024-03-01T13:09:55","date_gmt":"2024-03-01T10:09:55","guid":{"rendered":"http:\/\/mersinkadingazetesi.com\/?p=31030"},"modified":"2024-03-01T13:09:55","modified_gmt":"2024-03-01T10:09:55","slug":"serdar-soydana-karaduvardan-yogun-ilgi","status":"publish","type":"post","link":"https:\/\/mersinkadingazetesi.com\/?p=31030","title":{"rendered":"SERDAR SOYDAN&#8217;A KARADUVAR&#8217;DAN YO\u011eUN \u0130LG\u0130"},"content":{"rendered":"<p>Cumhur \u0130ttifak\u0131 Mersin B\u00fcy\u00fck\u015fehir Belediye Ba\u015fkan Aday\u0131 Serdar Soydan, Karadauvar&#8217;da g\u00f6rd\u00fckleri ilgiden memnun olduklar\u0131n\u0131 dile getirerek, &#8220;K\u0131ymetli Karaduvar halk\u0131n\u0131n bizlere olan tevecc\u00fch\u00fcnden dolay\u0131 \u00e7ok mutluyuz. Y\u00fczlerinden g\u00fcl\u00fcmseme hi\u00e7 eksilmesin diye elimizden gelenin fazlas\u0131n\u0131 yapaca\u011f\u0131z&#8221; diye konu\u015ftu.<\/p>\n<p>Se\u00e7ime say\u0131l\u0131 g\u00fcnler kala vatanda\u015flarla s\u0131k s\u0131k bir araya gelen ve \u00e7al\u0131\u015fmalar\u0131n\u0131 aral\u0131ks\u0131z s\u00fcrd\u00fcren Cumhur \u0130ttifak\u0131 Mersin B\u00fcy\u00fck\u015fehir Belediye Ba\u015fkan Aday\u0131 Serdar Soydan, Cumhur \u0130ttifak\u0131 Akdeniz Belediye Ba\u015fkan Aday\u0131 Mustafa G\u00fcltak ile Karaduvar Mahallesi&#8217;ni ziyaret etti. Ata\u015f Yolu \u00fczerindeki esnaflar ve muhtarl\u0131k ziyareti ile ba\u015flayan programda, vatanda\u015flarla da sohbet eden Soydan, sonras\u0131nda Akdeniz Belediyesi Karaduvar K\u00fclt\u00fcr ve Sanat Evi&#8217;ndeki e\u011fitmen ve kursiyerler ile bir araya geldi. Serdar Soydan, gelen talep, \u00f6neri ve \u015fikayetleri dikkatle dinleyip g\u00f6reve gelmeleri halinde nas\u0131l bir yol izlenmesi gerekti\u011fine dair bilgilendirme yapt\u0131. \u00c7ok yo\u011fun bir ilgi ve 7&#8217;den 77&#8217;ye her ya\u015ftan vatanda\u015f\u0131n sevgisi ile kar\u015f\u0131lanan Serdar Soydan&#8217;a, ziyaretinde Cumhur \u0130ttifak\u0131 il ve il\u00e7e te\u015fkilatlar\u0131 da e\u015flik etti.<\/p>\n<p>&#8220;T\u00dcM B\u00d6LGEY\u0130 KALKINDIRACA\u011eIZ&#8221;<\/p>\n<p>Soydan ziyarete ili\u015fkin yapt\u0131\u011f\u0131 a\u00e7\u0131klamada, &#8220;Karaduvar&#8217;da bizlere olan tevecc\u00fchten dolay\u0131 \u00e7ok mutluyuz. Vatanda\u015flar\u0131m\u0131z\u0131n g\u00fcvenini asla bo\u015fa \u00e7\u0131karmayaca\u011f\u0131m\u0131z\u0131n bilinmesini isteriz. Kendilerine bir kez daha te\u015fekk\u00fcr ediyoruz. Cumhur \u0130ttifak\u0131 olarak birli\u011fin g\u00fcc\u00fc ile yaln\u0131zca Karaduvar de\u011fil, t\u00fcm b\u00f6lgeyi kalk\u0131nd\u0131rma ad\u0131na elimizden gelenin fazlas\u0131n\u0131 yapmak i\u00e7in biz haz\u0131r\u0131z. \u0130l\u00e7e belediyeleri ile b\u00fcy\u00fck\u015fehir belediyesinin koordinesi sonras\u0131 Mersin hak etti\u011fi yere gelecektir. Bundan kimsenin \u015f\u00fcphesi olmas\u0131n. Kentimizin gelece\u011fi ad\u0131na ortaya koydu\u011fumuz hedefler ile hepsi birbirinden \u00f6nemli projelerimizi 9 Mart&#8217;ta a\u00e7\u0131klayaca\u011f\u0131z&#8221; dedi.<\/p>\n<p>&#8220;TARIM A\u015e&#8217;Y\u0130 \u00c7OK \u00d6NEMS\u0130YORUZ&#8221;<\/p>\n<p>\u00c7ift\u00e7i dostu belediye olacaklar\u0131na vurgu yapan Soydan, &#8220;Kentimiz bir\u00e7ok \u00fcr\u00fcn\u00fcn \u00fcretim rekoltesinde \u00fcst s\u0131ralarda yer al\u0131yor. Var olan bu \u00e7\u0131tay\u0131 yukar\u0131 \u00e7\u0131karmak i\u00e7in var g\u00fcc\u00fcm\u00fczle \u00e7al\u0131\u015faca\u011f\u0131z. Tar\u0131m bu kentin olmazsa olmaz\u0131d\u0131r. Dolay\u0131s\u0131yla \u00e7ift\u00e7ilerimiz i\u00e7in de \u00f6nemli projelere imza ataca\u011f\u0131z. Tar\u0131m A\u015e bunlardan bir tanesidir. Gerek ziraat m\u00fchendisleri ile gerekse g\u00fcbre, sulama borusu, g\u00fcbre, fide gibi desteklerle \u00e7ift\u00e7imizin her daim yan\u0131nda olaca\u011f\u0131z. \u00dcr\u00fcn\u00fc pazarlama noktas\u0131nda da onlar\u0131 yaln\u0131z b\u0131rakmayaca\u011f\u0131z&#8221; ifadelerini kulland\u0131.<\/p>\n<p>KADIN VE \u00c7OCUKLAR \u0130\u00c7\u0130N PROJELER<\/p>\n<p>Mersin&#8217;in Cumhur \u0130ttifak\u0131 ile g\u00fc\u00e7lenece\u011fini ve 31 Mart&#8217;ta vatanda\u015flar\u0131n deste\u011fi ile g\u00fc\u00e7lerine g\u00fc\u00e7 katacaklar\u0131n\u0131 s\u00f6yleyen Soydan, &#8220;Herkesi, her kesimi d\u00fc\u015f\u00fcn\u00fcyoruz. Ayr\u0131 gayr\u0131 yok. Bu kentin mutlulu\u011fu i\u00e7in durmadan \u00e7al\u0131\u015faca\u011f\u0131z. \u00d6rne\u011fin gelece\u011fimizin teminat\u0131 evlatlar\u0131m\u0131z i\u00e7in, \u00e7ocuk kre\u015f ve g\u00fcnd\u00fcz bak\u0131m evleri, \u00e7ocuk oyun evleri, \u00e7ocuk do\u011fa geli\u015fim \u00e7iftli\u011fi ger\u00e7ekle\u015ftirece\u011fimiz projelerimiz aras\u0131nda yer almaktad\u0131r. Ayr\u0131ca kad\u0131n sa\u011fl\u0131\u011f\u0131 spor merkezi, anneli\u011fe ilk ad\u0131m dan\u0131\u015fma merkezi, melek yat\u0131r\u0131mc\u0131 proje destek merkezi ile kad\u0131nlara her alanda destek sunaca\u011f\u0131z. Kad\u0131n \u00fcretici pazarlar\u0131n\u0131n say\u0131s\u0131n\u0131 art\u0131rma konusunda da \u00e7al\u0131\u015fmalar\u0131m\u0131z var&#8221; diye konu\u015ftu.<\/p>\n","protected":false},"excerpt":{"rendered":"<p>Cumhur \u0130ttifak\u0131 Mersin B\u00fcy\u00fck\u015fehir Belediye Ba\u015fkan Aday\u0131 Serdar Soydan, Karadauvar&#8217;da g\u00f6rd\u00fckleri ilgiden memnun olduklar\u0131n\u0131 dile getirerek, &#8220;K\u0131ymetli Karaduvar halk\u0131n\u0131n bizlere olan tevecc\u00fch\u00fcnden dolay\u0131 \u00e7ok mutluyuz. Y\u00fczlerinden g\u00fcl\u00fcmseme hi\u00e7 eksilmesin diye elimizden gelenin fazlas\u0131n\u0131 yapaca\u011f\u0131z&#8221; diye konu\u015ftu. Se\u00e7ime say\u0131l\u0131 g\u00fcnler kala vatanda\u015flarla s\u0131k s\u0131k bir araya gelen ve \u00e7al\u0131\u015fmalar\u0131n\u0131 aral\u0131ks\u0131z s\u00fcrd\u00fcren Cumhur \u0130ttifak\u0131 Mersin B\u00fcy\u00fck\u015fehir Belediye [&hellip;]<\/p>\n","protected":false},"author":2,"featured_media":31031,"comment_status":"open","ping_status":"open","sticky":false,"template":"","format":"standard","meta":{"footnotes":""},"categories":[3,6],"tags":[],"class_list":["post-31030","post","type-post","status-publish","format-standard","has-post-thumbnail","hentry","category-manset","category-siyaset-2"],"views":1,"_links":{"self":[{"href":"https:\/\/mersinkadingazetesi.com\/index.php?rest_route=\/wp\/v2\/posts\/31030"}],"collection":[{"href":"https:\/\/mersinkadingazetesi.com\/index.php?rest_route=\/wp\/v2\/posts"}],"about":[{"href":"https:\/\/mersinkadingazetesi.com\/index.php?rest_route=\/wp\/v2\/types\/post"}],"author":[{"embeddable":true,"href":"https:\/\/mersinkadingazetesi.com\/index.php?rest_route=\/wp\/v2\/users\/2"}],"replies":[{"embeddable":true,"href":"https:\/\/mersinkadingazetesi.com\/index.php?rest_route=%2Fwp%2Fv2%2Fcomments&post=31030"}],"version-history":[{"count":0,"href":"https:\/\/mersinkadingazetesi.com\/index.php?rest_route=\/wp\/v2\/posts\/31030\/revisions"}],"wp:featuredmedia":[{"embeddable":true,"href":"https:\/\/mersinkadingazetesi.com\/index.php?rest_route=\/wp\/v2\/media\/31031"}],"wp:attachment":[{"href":"https:\/\/mersinkadingazetesi.com\/index.php?rest_route=%2Fwp%2Fv2%2Fmedia&parent=31030"}],"wp:term":[{"taxonomy":"category","embeddable":true,"href":"https:\/\/mersinkadingazetesi.com\/index.php?rest_route=%2Fwp%2Fv2%2Fcategories&post=31030"},{"taxonomy":"post_tag","embeddable":true,"href":"https:\/\/mersinkadingazetesi.com\/index.php?rest_route=%2Fwp%2Fv2%2Ftags&post=31030"}],"curies":[{"name":"wp","href":"https:\/\/api.w.org\/{rel}","templated":true}]}}