{"id":31050,"date":"2024-03-03T11:35:21","date_gmt":"2024-03-03T08:35:21","guid":{"rendered":"http:\/\/mersinkadingazetesi.com\/?p=31050"},"modified":"2024-03-03T11:35:21","modified_gmt":"2024-03-03T08:35:21","slug":"calmadik-kapi-gezmedik-sokak-birakmayacagiz","status":"publish","type":"post","link":"https:\/\/mersinkadingazetesi.com\/?p=31050","title":{"rendered":"\u00c7ALMADIK KAPI, GEZMED\u0130K SOKAK BIRAKMAYACA\u011eIZ"},"content":{"rendered":"<p>Cumhuriyet Halk Partisi Mezitli Belediye Ba\u015fkan Aday\u0131 Ahmet Serkan Tuncer, Mezitli&#8217;de dokunmad\u0131k y\u00fcrek, \u00e7almad\u0131k kap\u0131, gezmedik sokak b\u0131rakmayacaklar\u0131n\u0131 belirterek, &#8220;Mezitli&#8217;yi hep birlikte kazanacak, hep birlikte y\u00f6netece\u011fiz!&#8221; dedi.<\/p>\n<p>Cumhuriyet Halk Partisi Mezitli Belediye Ba\u015fkan Aday\u0131 Ahmet Serkan Tuncer, do\u011fdu\u011fu yere hizmet etmenin gururu ile \u00e7al\u0131\u015fmalar\u0131n\u0131 aral\u0131ks\u0131z s\u00fcrd\u00fcr\u00fcyor. G\u00fcne taksi dura\u011f\u0131nda \u015fof\u00f6r esnaf\u0131n\u0131 ziyaretle ba\u015flayan Tuncer, Kuzucubelen, Kuzucu, Cemilli ve Akarca mahallerini ziyaret etti. Se\u00e7im ofisinde Mezitli K\u00fclt\u00fcr ve Sanat Korosu sanat\u00e7\u0131lar\u0131 ile bir araya gelen Tuncer, k\u00fclt\u00fcr ve sanat\u0131n toplumun \u00f6z\u00fc oldu\u011funu vurgulad\u0131.<\/p>\n<p>MEZ\u0130TL\u0130&#8217;M\u0130Z ARTIK BAMBA\u015eKA!<\/p>\n<p>G\u00fcn\u00fc Davultepe&#8217;de ger\u00e7ekle\u015ftirdi\u011fi ev ziyaretinde dost sohbeti ile tamamlayan Tuncer, &#8220;Do\u011fdu\u011fun yere hizmet etmenin gururu, heyecan\u0131, mutlulu\u011fu bir ba\u015fka&#8221; ifadelerini kulland\u0131. Mezitli&#8217;yi daha ya\u015fanabilir hale getirmek i\u00e7in haz\u0131rlad\u0131\u011f\u0131 projeleri anlatan Ahmet Serkan Tuncer, &#8220;Gelece\u011fi okuyan, sa\u011flam ad\u0131mlarla yere basan, sanata, bilgiye, sevgiye ve en \u00f6nemlisi ger\u00e7e\u011fe d\u00f6n\u00fc\u015fecek projelerimiz sayesinde ve sizlerin deste\u011fiyle Mezitli&#8217;miz art\u0131k bamba\u015fka&#8221; diye konu\u015ftu.<\/p>\n<p>MEZ\u0130TL\u0130&#8217;Y\u0130 HEP B\u0130RL\u0130KTE Y\u00d6NETECE\u011e\u0130Z!<\/p>\n<p>Kad\u0131n\u0131yla, \u00e7ocu\u011fuyla, genciyle, emeklisiyle g\u00fcl\u00fcmseyen Mezitli&#8217;yi olu\u015fturmak i\u00e7in gece g\u00fcnd\u00fcz \u00e7al\u0131\u015ft\u0131klar\u0131n\u0131 dile getiren Cumhuriyet Halk Partisi Mezitli Belediye Ba\u015fkan Aday\u0131 Ahmet Serkan Tuncer, &#8220;Dokunmad\u0131k y\u00fcrek, \u00e7almad\u0131k kap\u0131, gezmedik sokak b\u0131rakmayaca\u011f\u0131z. Mezitli&#8217;yi hep birlikte kazanacak, hep birlikte y\u00f6netece\u011fiz!&#8221; dedi.<\/p>\n","protected":false},"excerpt":{"rendered":"<p>Cumhuriyet Halk Partisi Mezitli Belediye Ba\u015fkan Aday\u0131 Ahmet Serkan Tuncer, Mezitli&#8217;de dokunmad\u0131k y\u00fcrek, \u00e7almad\u0131k kap\u0131, gezmedik sokak b\u0131rakmayacaklar\u0131n\u0131 belirterek, &#8220;Mezitli&#8217;yi hep birlikte kazanacak, hep birlikte y\u00f6netece\u011fiz!&#8221; dedi. Cumhuriyet Halk Partisi Mezitli Belediye Ba\u015fkan Aday\u0131 Ahmet Serkan Tuncer, do\u011fdu\u011fu yere hizmet etmenin gururu ile \u00e7al\u0131\u015fmalar\u0131n\u0131 aral\u0131ks\u0131z s\u00fcrd\u00fcr\u00fcyor. G\u00fcne taksi dura\u011f\u0131nda \u015fof\u00f6r esnaf\u0131n\u0131 ziyaretle ba\u015flayan Tuncer, Kuzucubelen, [&hellip;]<\/p>\n","protected":false},"author":2,"featured_media":31051,"comment_status":"open","ping_status":"open","sticky":false,"template":"","format":"standard","meta":{"footnotes":""},"categories":[3,6],"tags":[],"class_list":["post-31050","post","type-post","status-publish","format-standard","has-post-thumbnail","hentry","category-manset","category-siyaset-2"],"views":6,"_links":{"self":[{"href":"https:\/\/mersinkadingazetesi.com\/index.php?rest_route=\/wp\/v2\/posts\/31050"}],"collection":[{"href":"https:\/\/mersinkadingazetesi.com\/index.php?rest_route=\/wp\/v2\/posts"}],"about":[{"href":"https:\/\/mersinkadingazetesi.com\/index.php?rest_route=\/wp\/v2\/types\/post"}],"author":[{"embeddable":true,"href":"https:\/\/mersinkadingazetesi.com\/index.php?rest_route=\/wp\/v2\/users\/2"}],"replies":[{"embeddable":true,"href":"https:\/\/mersinkadingazetesi.com\/index.php?rest_route=%2Fwp%2Fv2%2Fcomments&post=31050"}],"version-history":[{"count":0,"href":"https:\/\/mersinkadingazetesi.com\/index.php?rest_route=\/wp\/v2\/posts\/31050\/revisions"}],"wp:featuredmedia":[{"embeddable":true,"href":"https:\/\/mersinkadingazetesi.com\/index.php?rest_route=\/wp\/v2\/media\/31051"}],"wp:attachment":[{"href":"https:\/\/mersinkadingazetesi.com\/index.php?rest_route=%2Fwp%2Fv2%2Fmedia&parent=31050"}],"wp:term":[{"taxonomy":"category","embeddable":true,"href":"https:\/\/mersinkadingazetesi.com\/index.php?rest_route=%2Fwp%2Fv2%2Fcategories&post=31050"},{"taxonomy":"post_tag","embeddable":true,"href":"https:\/\/mersinkadingazetesi.com\/index.php?rest_route=%2Fwp%2Fv2%2Ftags&post=31050"}],"curies":[{"name":"wp","href":"https:\/\/api.w.org\/{rel}","templated":true}]}}