{"id":31062,"date":"2024-03-03T11:52:35","date_gmt":"2024-03-03T08:52:35","guid":{"rendered":"http:\/\/mersinkadingazetesi.com\/?p=31062"},"modified":"2024-03-03T11:52:35","modified_gmt":"2024-03-03T08:52:35","slug":"mezitliyi-emek-yonetecek","status":"publish","type":"post","link":"https:\/\/mersinkadingazetesi.com\/?p=31062","title":{"rendered":"MEZ\u0130TL\u0130&#8217;Y\u0130 EMEK Y\u00d6NETECEK!"},"content":{"rendered":"<p>Cumhuriyet Halk Partisi Mezitli Belediye Ba\u015fkan Aday\u0131 Ahmet Serkan Tuncer, b\u00fcy\u00fck bir co\u015fku ve sevgi ile kar\u015f\u0131land\u0131\u011f\u0131 Kale&#8217;de \u00e7ocuklar\u0131n keyifle oyun oynayabilecekleri, vatanda\u015flar\u0131n narenciye kokulu a\u011fa\u00e7lar\u0131n alt\u0131nda sakince y\u00fcr\u00fcy\u00fc\u015f yapabilecekleri Mezitli&#8217;yi hayata ge\u00e7ireceklerini belirterek, &#8220;Mezitli&#8217;yi emek y\u00f6netecek!&#8221; ifadelerini kulland\u0131.<\/p>\n<p>Cumhuriyet Halk Partisi Mezitli Belediye Ba\u015fkan Aday\u0131 Ahmet Serkan Tuncer, Kale Mahallesi&#8217;nde hem\u015ferileri ile bir araya geldi. Miting gibi bir kalabal\u0131kla Tuncer&#8217;i kar\u015f\u0131layan Kale Mahallesi tarihinin en kalabal\u0131k toplant\u0131s\u0131na da sahne oldu. B\u00fcy\u00fck bir co\u015fku ve sevgi ile kar\u015f\u0131lanan Tuncer, hem\u015ferilerinin sevgi seline ayn\u0131 co\u015fkuyla yan\u0131t verdi.<\/p>\n<p>ADI G\u0130B\u0130; &#8216;MEZ\u0130TL\u0130&#8217;N\u0130N KALES\u0130&#8217; OLACAK<\/p>\n<p>Se\u00e7im \u00e7al\u0131\u015fmalar\u0131 kapsam\u0131nda ger\u00e7ekle\u015fen ziyarete Mezitli \u0130l\u00e7e Ba\u015fkan\u0131 Ula\u015f Y\u0131lmaz da e\u015flik etti. Her zaman; esnaf, emekli, gen\u00e7, \u00e7ocuk ve kad\u0131nlar ile bir arada olacaklar\u0131n\u0131 dile getiren Tuncer, &#8220;Mezitli&#8217;yi mutlu bir kent haline getirece\u011fiz. Mezitli&#8217;yi emek y\u00f6netecek. Ad\u0131 gibi; &#8216;Mezitli&#8217;nin kalesi&#8217; yapaca\u011f\u0131m\u0131z mahallemizde, deste\u011fini ve ilgisini a\u00e7\u0131k\u00e7a ifade eden t\u00fcm yolda\u015flar\u0131ma te\u015fekk\u00fcrlerimi iletiyorum&#8221; dedi.<\/p>\n<p>\u00d6RNEK K\u00d6YLER<\/p>\n<p>K\u00f6ylerin dokusunu koruyacaklar\u0131n\u0131 kaydeden Tuncer, &#8220;\u0130l\u00e7emizde do\u011fal ve k\u00fclt\u00fcrel de\u011ferleri olan, dokusu bozulmam\u0131\u015f k\u00f6ylerimizin d\u00fczensiz yap\u0131la\u015fmadan korunmas\u0131, do\u011fas\u0131n\u0131n ve mimarisinin iyile\u015ftirilmesi, sosyal y\u00f6nden geli\u015fmesi i\u00e7in \u00f6rnek k\u00f6yler belirleyece\u011fiz. Bu k\u00f6ylerde eko-turizm koruma alanlar\u0131n\u0131 belirleyecek ve sosyal altyap\u0131y\u0131 geli\u015ftirece\u011fiz. Mezitli&#8217;mizin k\u0131rsal mahallelerinin do\u011fal ve k\u00fclt\u00fcrel de\u011ferlerinin ulusal ve uluslararas\u0131 \u00f6l\u00e7ekte tan\u0131n\u0131rl\u0131\u011f\u0131n\u0131 sa\u011flayacak &#8216;Agro (Tar\u0131m) Turizm&#8217; potansiyeli olan \u00d6rnek K\u00f6yler projemizi hayata ge\u00e7irece\u011fiz. Bu alanlarda tarihi ve do\u011fal yap\u0131y\u0131 koruyacak \u015fekilde seyir teras\u0131, restoran, \u00e7ay bah\u00e7esi gibi tesisler kuraca\u011f\u0131z&#8221; diye konu\u015ftu.<\/p>\n<p>MUTLULUKLA K\u00d6K SALACAK&#8230;<\/p>\n<p>Do\u011fal kaynaklar\u0131 koruyacaklar\u0131n\u0131 ifade eden Tuncer, narenciye kokulu Mersin&#8217;i vurgusu yaparak \u015funlar\u0131 s\u00f6yledi: &#8220;\u00c7ocuklar\u0131n keyifle oyun oynayabilecekleri, vatanda\u015flar\u0131n narenciye kokulu a\u011fa\u00e7lar\u0131n alt\u0131nda sakince y\u00fcr\u00fcy\u00fc\u015f yapabilecekleri Nefes Park (Ya\u011fmur Park) projesini Mezitli&#8217;de hayata ge\u00e7irece\u011fiz. Bu projenin \u00c7evreci Mezitli i\u00e7in \u00f6nemli bir yeri olacak. S\u00fcrd\u00fcr\u00fclebilir y\u00f6netim anlay\u0131\u015f\u0131na sahip \u00fclkelerdeki \u00f6rneklerinden ilham ald\u0131\u011f\u0131m\u0131z bu projemizde, park\u0131n temelinde olu\u015fturulacak haznelerle ya\u011fmur sular\u0131 toplanacak, yeniden kullan\u0131ma kazand\u0131r\u0131lacak. Bu parkta hem Mezitli&#8217;mizi hem de do\u011fal kaynaklar\u0131m\u0131z\u0131 d\u00fc\u015f\u00fcnen bir anlay\u0131\u015f, mutlulukla k\u00f6k salacak.&#8221;<\/p>\n","protected":false},"excerpt":{"rendered":"<p>Cumhuriyet Halk Partisi Mezitli Belediye Ba\u015fkan Aday\u0131 Ahmet Serkan Tuncer, b\u00fcy\u00fck bir co\u015fku ve sevgi ile kar\u015f\u0131land\u0131\u011f\u0131 Kale&#8217;de \u00e7ocuklar\u0131n keyifle oyun oynayabilecekleri, vatanda\u015flar\u0131n narenciye kokulu a\u011fa\u00e7lar\u0131n alt\u0131nda sakince y\u00fcr\u00fcy\u00fc\u015f yapabilecekleri Mezitli&#8217;yi hayata ge\u00e7ireceklerini belirterek, &#8220;Mezitli&#8217;yi emek y\u00f6netecek!&#8221; ifadelerini kulland\u0131. Cumhuriyet Halk Partisi Mezitli Belediye Ba\u015fkan Aday\u0131 Ahmet Serkan Tuncer, Kale Mahallesi&#8217;nde hem\u015ferileri ile bir araya [&hellip;]<\/p>\n","protected":false},"author":2,"featured_media":31063,"comment_status":"open","ping_status":"open","sticky":false,"template":"","format":"standard","meta":{"footnotes":""},"categories":[3],"tags":[],"class_list":["post-31062","post","type-post","status-publish","format-standard","has-post-thumbnail","hentry","category-manset"],"views":0,"_links":{"self":[{"href":"https:\/\/mersinkadingazetesi.com\/index.php?rest_route=\/wp\/v2\/posts\/31062"}],"collection":[{"href":"https:\/\/mersinkadingazetesi.com\/index.php?rest_route=\/wp\/v2\/posts"}],"about":[{"href":"https:\/\/mersinkadingazetesi.com\/index.php?rest_route=\/wp\/v2\/types\/post"}],"author":[{"embeddable":true,"href":"https:\/\/mersinkadingazetesi.com\/index.php?rest_route=\/wp\/v2\/users\/2"}],"replies":[{"embeddable":true,"href":"https:\/\/mersinkadingazetesi.com\/index.php?rest_route=%2Fwp%2Fv2%2Fcomments&post=31062"}],"version-history":[{"count":0,"href":"https:\/\/mersinkadingazetesi.com\/index.php?rest_route=\/wp\/v2\/posts\/31062\/revisions"}],"wp:featuredmedia":[{"embeddable":true,"href":"https:\/\/mersinkadingazetesi.com\/index.php?rest_route=\/wp\/v2\/media\/31063"}],"wp:attachment":[{"href":"https:\/\/mersinkadingazetesi.com\/index.php?rest_route=%2Fwp%2Fv2%2Fmedia&parent=31062"}],"wp:term":[{"taxonomy":"category","embeddable":true,"href":"https:\/\/mersinkadingazetesi.com\/index.php?rest_route=%2Fwp%2Fv2%2Fcategories&post=31062"},{"taxonomy":"post_tag","embeddable":true,"href":"https:\/\/mersinkadingazetesi.com\/index.php?rest_route=%2Fwp%2Fv2%2Ftags&post=31062"}],"curies":[{"name":"wp","href":"https:\/\/api.w.org\/{rel}","templated":true}]}}