{"id":31065,"date":"2024-03-03T11:54:04","date_gmt":"2024-03-03T08:54:04","guid":{"rendered":"http:\/\/mersinkadingazetesi.com\/?p=31065"},"modified":"2024-03-03T11:54:04","modified_gmt":"2024-03-03T08:54:04","slug":"gultak-sporcu-gencler-ve-aileleri-ile-bulustu","status":"publish","type":"post","link":"https:\/\/mersinkadingazetesi.com\/?p=31065","title":{"rendered":"G\u00dcLTAK, SPORCU GEN\u00c7LER VE A\u0130LELER\u0130 \u0130LE BULU\u015eTU"},"content":{"rendered":"<p>Akdeniz Belediye Ba\u015fkan\u0131 M. Mustafa G\u00fcltak, Akdeniz Belediye Spor Kul\u00fcb\u00fc&#8217;n\u00fcn farkl\u0131 dallarda m\u00fccadele eden sporcular\u0131, sporcu gen\u00e7lerin velileri ve antren\u00f6rler ile bir araya geldi. Bulu\u015fmada, \u00f6zellikle anne babalara seslenen Ba\u015fkan G\u00fcltak; &#8220;Spordaki yat\u0131r\u0131mlar\u0131m\u0131za devam etmek; kad\u0131nlar ve gen\u00e7ler yarar\u0131na projeleri b\u00fcy\u00fcterek s\u00fcrd\u00fcrmek, e\u011fitimde daha \u00e7ok y\u00fckselmek; kentsel d\u00f6n\u00fc\u015f\u00fcm projeleri ve festivallerimizi s\u00fcrd\u00fcrmek ve en \u00f6nemlisi de huzuru, bar\u0131\u015f\u0131 ve karde\u015fli\u011fi korumak i\u00e7in 31 Mart&#8217;ta deste\u011finizi istiyorum&#8221; dedi.<\/p>\n<p>Proje \u0130mam Hatip Lisesi Salonu&#8217;nda; Sayg\u0131 Duru\u015fu ve \u0130stiklal Mar\u015f\u0131 ile ba\u015flayan Spor Gesesi bulu\u015fmas\u0131nda, Akdeniz Belediyesi&#8217;nin spora ve sporcuya g\u00f6sterdi\u011fi \u00f6nemi yans\u0131tan, Akdeniz Belediye Spor Kul\u00fcb\u00fc&#8217;n\u00fc, il\u00e7eye kazand\u0131r\u0131lan yeni ve yenilenen futbol, basketbol ve tenis oynanabilen spor tesislerini tan\u0131tan, spor okullar\u0131n\u0131 ve amat\u00f6r sporculara deste\u011fi anlatan k\u0131sa bir filmin g\u00f6sterimi sunuldu.<\/p>\n<p>Ard\u0131ndan s\u00f6z alan K\u00fclt\u00fcr Sosyal \u0130\u015fler M\u00fcd\u00fcr\u00fc ve Akdeniz Belediye Spor Kul\u00fcb\u00fc Ba\u015fkan\u0131 Ali U\u00e7ar; &#8220;Y\u00f6netimi devrald\u0131ktan sonra h\u0131zl\u0131 bir at\u0131l\u0131m g\u00f6stererek kul\u00fcp ad\u0131na tek bran\u015fta faaliyet g\u00f6sterirken 4 sene gibi k\u0131sa s\u00fcrede 5 alanda faaliyet g\u00f6stermeye ba\u015flad\u0131k. Tak\u0131mlar\u0131m\u0131z\u0131n hepsi de m\u00fcsab\u0131k tak\u0131mlar olup, kendi kategorilerinde il, ulusal ve uluslararas\u0131 d\u00fczeyde ba\u015far\u0131lar elde ederek bizlere gurur ya\u015fatt\u0131lar. Sadece sportif ba\u015far\u0131lara odaklanmadan; sporcunun ahlakl\u0131 ve bir duru\u015fu olmas\u0131 gerekti\u011finden hareketle, hocalar\u0131m\u0131zla birlikte sadece sportif hocal\u0131k yapmad\u0131k onlara birer \u00f6\u011fretmen de olduk&#8221; dedi. <\/p>\n<p>&#8220;O\u011flum, kul\u00fcp sayesinde spor lisesini kazand\u0131&#8221;<\/p>\n<p>Sporcu \u00e7ocuklar\u0131n aileleri ad\u0131na duygular\u0131n\u0131 payla\u015fan U14 Futbol Tak\u0131m\u0131 sporcular\u0131ndan Umut Kazan&#8217;\u0131n annesi Semra Kazan ise; o\u011flunun 8 y\u0131ld\u0131r Akdeniz Belediye Spor Kul\u00fcb\u00fc&#8217;nde oynad\u0131\u011f\u0131n\u0131 belirterek, &#8220;Akdeniz Belediye Spor Kul\u00fcb\u00fc&#8217;ne se\u00e7memizdeki en \u00f6nemli etken, Ba\u015fkan\u0131m\u0131z sporu ve sporcuyu sevmesi ve desteklemesidir. Servis ve malzeme bak\u0131m\u0131ndan di\u011fer kul\u00fcplere nazaran daha avantajl\u0131 olmas\u0131; deneyimli hocalar e\u015fli\u011finde \u00e7ocuklar\u0131m\u0131z\u0131n e\u011fitim g\u00f6rmesidir. Tak\u0131m sporuna ba\u015flamas\u0131ndan bu yana o\u011flumun sosyal, fiziksel ve akademik ba\u015far\u0131s\u0131n\u0131n geli\u015fti\u011fini fark edip, o\u011flumun yeteneklerini ke\u015ffedip d\u00fczenli ve disiplinli \u00e7al\u0131\u015fmas\u0131 sonucu spor lisesini kazanmas\u0131nda eme\u011fi ge\u00e7en t\u00fcm hocalar\u0131ma te\u015fekk\u00fcr ederim&#8221; diye konu\u015ftu.<\/p>\n<p>&#8220;Bar\u0131\u015f\u0131 ve huzuru getirdik, hi\u00e7 kimseyi d\u0131\u015flamad\u0131k&#8221;<\/p>\n<p>Salonu dolduran Akdeniz Belediye Spor Kul\u00fcb\u00fc sporcular\u0131 ve velilerine hitap eden Akdeniz Belediye Ba\u015fkan\u0131 M. Mustafa G\u00fcltak da kentte huzur, bar\u0131\u015f ve karde\u015flik iklimini h\u00e2kim k\u0131ld\u0131klar\u0131n\u0131n alt\u0131n\u0131 \u00e7izdi; spordan e\u011fitime, k\u00fclt\u00fcr ve sanattan gezilere; hayat\u0131n her an\u0131na ve alan\u0131na dokunan hizmetlere dek bir\u00e7ok \u00f6rnek projeyi Akdeniz halk\u0131na kazand\u0131rd\u0131klar\u0131n\u0131 ifade etti. Ba\u015fkan G\u00fcltak; g\u00f6reve geldi\u011fi 2019 y\u0131l\u0131nda bu yana herkesin ve her kesimin belediye ba\u015fkan\u0131 olmay\u0131 5 y\u0131lda ba\u015fard\u0131\u011f\u0131n\u0131 da ifade ederek; &#8220;Akdeniz&#8217;de art\u0131k kimse kavga etmiyor, kimse \u00f6telenmiyor. Gece 12&#8217;de bile olsa Akdeniz&#8217;de canl\u0131l\u0131k var. Biz ilk ba\u015fta huzuru, karde\u015fli\u011fi ve bar\u0131\u015f\u0131 getirdik. Herkesin belediye ba\u015fkan\u0131 olmay\u0131 ba\u015fard\u0131k. Ne bir K\u00fcrt karde\u015fim, ne bir Zaza karde\u015fim, ne bir Arap Alevi&#8217;si karde\u015fim, ne bir Y\u00f6r\u00fck karde\u015fim; kendini bizden dolay\u0131, yapt\u0131klar\u0131m\u0131zdan dolay\u0131 \u00f6telenmi\u015f hissetmedi&#8221; \u015feklinde konu\u015ftu.<\/p>\n<p>&#8220;Sporda T\u00fcrkiye, Avrupa ve D\u00fcnya \u015fampiyonlar\u0131 yeti\u015ftirdik&#8221;<\/p>\n<p>Akdeniz&#8217;e onlarca spor tesisi kazand\u0131rd\u0131klar\u0131n\u0131 kaydeden Ba\u015fkan G\u00fcltak, hem spor kul\u00fcb\u00fc b\u00fcnyesinde hem de yaz, bahar ve k\u0131\u015f d\u00f6nemlerinde a\u00e7t\u0131klar\u0131 okulda binlerce \u00e7ocu\u011fu spora kazand\u0131rd\u0131klar\u0131n\u0131 anlatt\u0131. Ba\u015fkan G\u00fcltak; sunduklar\u0131 destekler sayesinde \u00f6zellikle savunma sporlar\u0131nda T\u00fcrkiye, Avrupa ve D\u00fcnya \u015fampiyonlar\u0131 yeti\u015ftirdiklerini vurgulad\u0131\u011f\u0131 konu\u015fmas\u0131n\u0131 \u015f\u00f6yle s\u00fcrd\u00fcrd\u00fc; &#8220;Bir\u00e7ok gencimizin, sporcumuzun farkl\u0131 ba\u015far\u0131 \u00f6yk\u00fcleri var. Peki, daha \u00f6nce Akdeniz&#8217;de bunlar niye olmuyordu? D\u00fc\u015f\u00fcnm\u00fcyorlard\u0131, yapmak istemiyorlard\u0131. Biz g\u00f6reve geldi\u011fimizde Akdeniz&#8217;in sadece B\u0130LSEM&#8217;li 2 \u00f6\u011frencisi vard\u0131. Ne demek B\u0130LSEM \u00f6\u011frencisi; \u00fcst\u00fcn zekal\u0131, \u00fcst\u00fcn yetenekli \u00f6\u011frenciler&#8230; Akdeniz&#8217;de &#8216;sadece B\u0130LSEM&#8217;L\u0130 2 \u00f6\u011frenci olmas\u0131 m\u00fcmk\u00fcn de\u011fil&#8217; dedim. Ge\u00e7en sene B\u0130LSEM Merkezi a\u00e7t\u0131rd\u0131m buraya. Say\u0131 \u015fu an 54&#8230; B\u0130LSEM&#8217;li \u00e7ocuklar\u0131m\u0131z\u0131n say\u0131s\u0131 2&#8217;den 54&#8217;e \u00e7\u0131kt\u0131. Demek ki Akdeniz&#8217;de de zeki ve \u00fcst\u00fcn yetenekli onlarca \u00e7ocu\u011fumuz varm\u0131\u015f ama birileri onlar\u0131 ke\u015ffetmemi\u015f, takip etmemi\u015f, umursamam\u0131\u015f.&#8221;<\/p>\n<p>&#8220;E\u011fitimde de \u015fampiyonlar yeti\u015ftirdik&#8221;<\/p>\n<p>G\u00f6reve gelmeden \u00f6nce Akdeniz Belediyesi&#8217;nin tek bir et\u00fct merkezi olmad\u0131\u011f\u0131n\u0131 vurgulad\u0131\u011f\u0131 konu\u015fmas\u0131nda Ba\u015fkan G\u00fcltak; &#8220;Peki bu \u00e7ocuklar, Mezitli, Yeni\u015fehir ile nas\u0131l yar\u0131\u015facak? Yar\u0131\u015fam\u0131yorlard\u0131. Et\u00fct Merkezi&#8217;ni a\u00e7t\u0131k. Ge\u00e7en senenin say\u0131sal T\u00fcrkiye 496&#8217;nc\u0131s\u0131 Akdeniz&#8217;den \u00e7\u0131kt\u0131. Bu senenin LGS b\u00f6lge birincisi; tek yanl\u0131\u015f yapmasa T\u00fcrkiye birincisi, Akdeniz&#8217;den \u00e7\u0131kt\u0131. Demek ki olabiliyormu\u015f. Bir yandan Akdeniz&#8217;de sporda \u015fampiyonlar yeti\u015ftirirken, bir yandan e\u011fitimde \u015fampiyonlar Akdeniz&#8217;den \u00e7\u0131kabiliyormu\u015f. Tabi t\u00fcm bunlar u\u011fra\u015f\u0131nca, m\u00fccadele edince oluyor&#8221; dedi.<\/p>\n<p>&#8220;\u00c7ay Mahallesi&#8217;ndeki evler de\u011ferlendi&#8221;<\/p>\n<p>\u00c7ay Mahallesi&#8217;nde tamamlanan ve Bar\u0131\u015f Mahallesi&#8217;nde devam eden yerinde kentsel d\u00f6n\u00fc\u015f\u00fcm projelerine de de\u011finen Ba\u015fkan G\u00fcltak; &#8220;Oradaki insanlar\u0131m\u0131za Yeni\u015fehir il\u00e7emizin konforunu getirdik. \u00c7ay Mahallesi&#8217;nde insanlar\u0131m\u0131z art\u0131k l\u00fcks evlerinde huzur ve g\u00fcven i\u00e7inde ya\u015f\u0131yor. Sadece ve sadece mahallede oturan hak sahibi insanlara bu evleri verdik. D\u0131\u015far\u0131dan hi\u00e7 kimse bu evleri alamad\u0131. \u00c7ay Mahallesi&#8217;ndeki evlere de hak sahipleri 200 bin lira para verdi, fark olarak&#8230; \u015eimdi o evler \u00e7ok daha fazla de\u011ferlendi. Bar\u0131\u015f Mahallemizde de 500 konutluk proje bitmek \u00fczere. Yani; e\u011fitim, spor, k\u00fclt\u00fcrel faaliyetler, geziler, sanatsal etkinliklerle \u015fehrimizin tamam\u0131nda bar\u0131\u015f\u0131 ve huzuru sa\u011flad\u0131k&#8221; diye konu\u015ftu. <\/p>\n<p>&#8220;Yapt\u0131klar\u0131m, yapacaklar\u0131m\u0131n teminat\u0131d\u0131r. 31 Mart&#8217;ta takdir halk\u0131m\u0131z\u0131nd\u0131r&#8221;<\/p>\n<p>Ba\u015fkan G\u00fcltak; Karaduvar Bal\u0131k Festivali, Esenli \u00dcz\u00fcm \u015eenli\u011fi, Akdenizli kad\u0131nlar i\u00e7in hizmete a\u00e7\u0131lan k\u00fclt\u00fcr ve sanat evleri, geziler, ho\u015f geldin bebek projesi, onkoloji hastalar\u0131na \u00fccretsiz servis hizmeti, evde bak\u0131m ve temizlik hizmeti gibi proje ve \u00e7al\u0131\u015fmalar\u0131 hat\u0131rlatt\u0131\u011f\u0131 konu\u015fmas\u0131n\u0131 \u015f\u00f6yle s\u00fcrd\u00fcrd\u00fc;<\/p>\n<p>&#8220;Be\u015f y\u0131lda huzuru, bar\u0131\u015f\u0131, karde\u015fli\u011fi getirdi\u011fimiz gibi, e\u011fitim, spor, k\u00fclt\u00fcr, sanat, kad\u0131nlar ve gen\u00e7lerle ilgili bir\u00e7ok projeyi de hayata ge\u00e7irdik. 31 Mart&#8217;ta se\u00e7ime gidiyoruz. Takdir sizlerindir, k\u0131ymetli halk\u0131m\u0131z\u0131nd\u0131r. Ya spordaki bu devasa yat\u0131r\u0131mlara devam ederiz. Kad\u0131nlar ve gen\u00e7ler yarar\u0131na yapt\u0131\u011f\u0131m\u0131z projeleri daha da b\u00fcy\u00fcterek yapar\u0131z. E\u011fitimde \u00e7ok daha fazla yerler a\u00e7\u0131p ba\u015far\u0131lar elde ederiz.<\/p>\n<p>Kentsel d\u00f6n\u00fc\u015f\u00fcme devam ederiz. Festivallere devam ederiz&#8230; En \u00f6nemlisi de huzuru, bar\u0131\u015f\u0131 ve karde\u015fli\u011fi devam ettiririz. Takdir sizlerindir. \u00d6zellikle Annelere s\u00f6yl\u00fcyorum; aman huzurunuzu ka\u00e7\u0131rmay\u0131n. Bunu yapmak isteyenlere de f\u0131rsat vermeyin. Ayinesi i\u015ftir ki\u015finin, lafa bak\u0131lmaz. Ben size &#8216;cek, cak&#8217; demiyorum! Yapt\u0131klar\u0131m\u0131 anlatt\u0131m. Yapt\u0131klar\u0131m, yapacaklar\u0131m\u0131n teminat\u0131d\u0131r. O y\u00fczden destek olun, ben de sizin i\u00e7inizden biri olarak Ankara ile k\u00f6pr\u00fc olay\u0131m size ve hizmetleri getireyim. Kimseyi ayr\u0131\u015ft\u0131rmad\u0131k, herkesin belediye ba\u015fkan\u0131 olmay\u0131 ba\u015fard\u0131k. Bundan sonra da herkesin belediye ba\u015fkan\u0131 olmaya s\u00f6z veriyorum.&#8221;<\/p>\n<p>Akdeniz Belediye Spor Kul\u00fcb\u00fc b\u00fcnyesinde m\u00fccadele eden y\u00fczlerce sporcuyu, velileri ve antren\u00f6rlerinin yo\u011fun ilgi g\u00f6sterdi\u011fi etkinlik, plaket ve hediye sunumunun ard\u0131ndan toplu foto\u011fraf \u00e7ekimiyle sona erdi.<\/p>\n","protected":false},"excerpt":{"rendered":"<p>Akdeniz Belediye Ba\u015fkan\u0131 M. Mustafa G\u00fcltak, Akdeniz Belediye Spor Kul\u00fcb\u00fc&#8217;n\u00fcn farkl\u0131 dallarda m\u00fccadele eden sporcular\u0131, sporcu gen\u00e7lerin velileri ve antren\u00f6rler ile bir araya geldi. Bulu\u015fmada, \u00f6zellikle anne babalara seslenen Ba\u015fkan G\u00fcltak; &#8220;Spordaki yat\u0131r\u0131mlar\u0131m\u0131za devam etmek; kad\u0131nlar ve gen\u00e7ler yarar\u0131na projeleri b\u00fcy\u00fcterek s\u00fcrd\u00fcrmek, e\u011fitimde daha \u00e7ok y\u00fckselmek; kentsel d\u00f6n\u00fc\u015f\u00fcm projeleri ve festivallerimizi s\u00fcrd\u00fcrmek ve en \u00f6nemlisi [&hellip;]<\/p>\n","protected":false},"author":2,"featured_media":31066,"comment_status":"open","ping_status":"open","sticky":false,"template":"","format":"standard","meta":{"footnotes":""},"categories":[1,2,3],"tags":[],"class_list":["post-31065","post","type-post","status-publish","format-standard","has-post-thumbnail","hentry","category-genel","category-gundem","category-manset"],"views":1,"_links":{"self":[{"href":"https:\/\/mersinkadingazetesi.com\/index.php?rest_route=\/wp\/v2\/posts\/31065"}],"collection":[{"href":"https:\/\/mersinkadingazetesi.com\/index.php?rest_route=\/wp\/v2\/posts"}],"about":[{"href":"https:\/\/mersinkadingazetesi.com\/index.php?rest_route=\/wp\/v2\/types\/post"}],"author":[{"embeddable":true,"href":"https:\/\/mersinkadingazetesi.com\/index.php?rest_route=\/wp\/v2\/users\/2"}],"replies":[{"embeddable":true,"href":"https:\/\/mersinkadingazetesi.com\/index.php?rest_route=%2Fwp%2Fv2%2Fcomments&post=31065"}],"version-history":[{"count":0,"href":"https:\/\/mersinkadingazetesi.com\/index.php?rest_route=\/wp\/v2\/posts\/31065\/revisions"}],"wp:featuredmedia":[{"embeddable":true,"href":"https:\/\/mersinkadingazetesi.com\/index.php?rest_route=\/wp\/v2\/media\/31066"}],"wp:attachment":[{"href":"https:\/\/mersinkadingazetesi.com\/index.php?rest_route=%2Fwp%2Fv2%2Fmedia&parent=31065"}],"wp:term":[{"taxonomy":"category","embeddable":true,"href":"https:\/\/mersinkadingazetesi.com\/index.php?rest_route=%2Fwp%2Fv2%2Fcategories&post=31065"},{"taxonomy":"post_tag","embeddable":true,"href":"https:\/\/mersinkadingazetesi.com\/index.php?rest_route=%2Fwp%2Fv2%2Ftags&post=31065"}],"curies":[{"name":"wp","href":"https:\/\/api.w.org\/{rel}","templated":true}]}}