{"id":31080,"date":"2024-03-04T12:42:34","date_gmt":"2024-03-04T09:42:34","guid":{"rendered":"http:\/\/mersinkadingazetesi.com\/?p=31080"},"modified":"2024-03-04T12:42:34","modified_gmt":"2024-03-04T09:42:34","slug":"hem-buyuksehiri-hem-mezitliyi-kazanacagiz","status":"publish","type":"post","link":"https:\/\/mersinkadingazetesi.com\/?p=31080","title":{"rendered":"HEM B\u00dcY\u00dcK\u015eEH\u0130R&#8217;\u0130, HEM MEZ\u0130TL\u0130&#8217;Y\u0130 KAZANACA\u011eIZ"},"content":{"rendered":"<p>Cumhuriyet Halk Partisi Mezitli Belediye Ba\u015fkan Aday\u0131 Ahmet Serkan Tuncer, F\u0131nd\u0131kp\u0131nar\u0131&#8217;n\u0131n en \u00f6nemli sorunu olan ar\u0131tma sorunu ile otopark sorunun \u00e7\u00f6z\u00fcld\u00fc\u011f\u00fcne i\u015faret ederek, &#8220;Ne mutlu, vatan\u0131n\u0131, bayra\u011f\u0131n\u0131, milletini seven bir B\u00fcy\u00fck\u015fehir Belediye Ba\u015fkan\u0131m\u0131z var. 1 Nisan&#8217;dan sonra B\u00fcy\u00fck\u015fehir Belediye Ba\u015fkan\u0131mla birlikte \u00e7ok g\u00fczel i\u015fler yapaca\u011f\u0131ma hepiniz emin olun&#8221; dedi.<\/p>\n<p>Cumhuriyet Halk Partisi Mezitli Belediye Ba\u015fkan Aday\u0131 Ahmet Serkan Tuncer, Mersin B\u00fcy\u00fck\u015fehir Belediye Ba\u015fkan\u0131 Vahap Se\u00e7er ile birlikte F\u0131nd\u0131kp\u0131nar\u0131 Katl\u0131 Otopark ve Pazar Yeri A\u00e7\u0131l\u0131\u015f\u0131 ile Paket At\u0131ksu Ar\u0131tma Tesisi Temel Atma T\u00f6reni&#8217;ne kat\u0131ld\u0131. T\u00f6rene; ya\u011fmurlu havaya ra\u011fmen F\u0131nd\u0131kp\u0131nar\u0131 halk\u0131 b\u00fcy\u00fck ilgi g\u00f6sterdi.<\/p>\n<p>HEM B\u00dcY\u00dcK\u015eEH\u0130R&#8217;\u0130, HEM MEZ\u0130TL\u0130&#8217;Y\u0130 KAZANACA\u011eIZ<\/p>\n<p>F\u0131nd\u0131kp\u0131nar\u0131&#8217;na de\u011fer katan bu projelerin yap\u0131m\u0131nda eme\u011fi ge\u00e7en Mersin B\u00fcy\u00fck\u015fehir Belediye Ba\u015fkan\u0131m\u0131z Vahap Se\u00e7er ve ekibine eden Tuncer, &#8220;31 Mart&#8217;ta hem B\u00fcy\u00fck\u015fehir&#8217;i, hem de Mezitli&#8217;yi kazanacak; k\u0131rsal, merkez ayr\u0131m\u0131 yapmaks\u0131z\u0131n g\u00fc\u00e7l\u00fc bir koordinasyon ile Mezitli&#8217;nin geli\u015fimine katk\u0131 sunaca\u011f\u0131z&#8221; dedi.<\/p>\n<p>&#8220;FINDIKPINARI&#8217;NIN KEYF\u0130 YER\u0130NDE&#8221;<\/p>\n<p>F\u0131nd\u0131kp\u0131nar\u0131&#8217;n\u0131n en \u00f6nemli sorunu olan ar\u0131tma sorununun \u00e7\u00f6z\u00fcld\u00fc\u011f\u00fcn\u00fc ifade eden Tuncer, &#8220;\u0130\u015fte vatan\u0131n\u0131, bayra\u011f\u0131n\u0131, milletini seven bir B\u00fcy\u00fck\u015fehir Belediye Ba\u015fkan\u0131m\u0131z var. Ne mutlu. Benim de 1 Nisan&#8217;dan sonra sizlerin deste\u011fiyle; B\u00fcy\u00fck\u015fehir Belediye Ba\u015fkan\u0131mla birlikte \u00e7ok g\u00fczel i\u015fler yapaca\u011f\u0131ma hepiniz emin olun. F\u0131nd\u0131kp\u0131nar\u0131&#8217;n\u0131n keyfi yerinde. En \u00f6nemli sorunu olan ar\u0131tma sorunu \u00e7\u00f6z\u00fcld\u00fc. Di\u011fer \u00f6nemli konu otoparkt\u0131. \u00c7ok b\u00fcy\u00fck s\u0131k\u0131\u015f\u0131kl\u0131k oluyordu, o da \u00e7\u00f6z\u00fcld\u00fc. Biz ba\u015fkan\u0131m\u0131zla uyum i\u00e7inde F\u0131nd\u0131kp\u0131nar\u0131m\u0131z dahil b\u00fct\u00fcn k\u00f6ylerimize e\u015fit bir \u015fekilde ihtiyac\u0131 olan hizmeti yapmaya devam edece\u011fiz&#8221; dedi.<br \/>\nKonu\u015fmalar\u0131n ard\u0131ndan protokol \u00fcyeleri, temel atma i\u00e7in butona bast\u0131. Program, Ay\u015fe Din\u00e7er konseri ile devam etti.<\/p>\n<p>TOPLAM B\u0130N 96ARA\u00c7 KAPAS\u0130TES\u0130<\/p>\n<p>F\u0131nd\u0131kp\u0131nar\u0131 Katl\u0131 Otopark ve Pazar Yeri yap\u0131 alan\u0131 toplam 5 bin 837 metrekare ve arsa alan\u0131 da bin 608 metrekareden olu\u015furken, yakla\u015f\u0131k 150 ara\u00e7 kapasitesine sahip bulunuyor. 4 katl\u0131 otopark, farkl\u0131 kotlara yerle\u015fen 3 bodrum ve 1 zemin kattan olu\u015fuyor. Pazar yeri ve etkinlik alan\u0131 da zemin kat\u0131 a\u00e7\u0131k otopark olarak kurgulanm\u0131\u015f olup, ihtiya\u00e7 halinde pazar yeri ve etkinlik alan\u0131 olarak da kullan\u0131labilecek. F\u0131nd\u0131kp\u0131nar\u0131 ile beraber Mersin B\u00fcy\u00fck\u015fehir&#8217;in otoparklar\u0131nda toplam ara\u00e7 kapasitesi bin 96 ara\u00e7 oldu.<\/p>\n<p>13 N\u0130SAN&#8217;DA B\u0130TMES\u0130 PLANLANIYOR<\/p>\n<p>MESK\u0130 Genel M\u00fcd\u00fcrl\u00fc\u011f\u00fc taraf\u0131ndan yap\u0131lacak F\u0131nd\u0131kp\u0131nar\u0131 Paket At\u0131ksu Ar\u0131tma Tesisi&#8217;nin de biti\u015f tarihi 13 Nisan 2024 olarak planlan\u0131yor. Tesis tamamland\u0131\u011f\u0131nda, y\u0131lda 826 vidanj\u00f6r\u00fcn Mezitli merkeze transferinden imtina edilecek. Tesiste; 1 adet \u0131zgara yap\u0131s\u0131, 1 adet tambur elek, 3 adet biyolojik reakt\u00f6r ve 1 adet dengeleme tank\u0131 bulunacak. S\u00f6zle\u015fme bedeli 98 milyon 238 bin TL olan \u00e7al\u0131\u015fmayla, b\u00f6lgedeki at\u0131k sular paket at\u0131ksu ar\u0131tma tesisine iletilerek ar\u0131t\u0131lacak. B\u00f6lgede ya\u015fayan vatanda\u015flara uzun y\u0131llar hizmet edecek \u015fekilde tasarlanan tesis sayesinde, Mersin&#8217;e daha temiz ve sa\u011fl\u0131kl\u0131 bir mahalle daha kazand\u0131r\u0131lm\u0131\u015f olacak.<\/p>\n","protected":false},"excerpt":{"rendered":"<p>Cumhuriyet Halk Partisi Mezitli Belediye Ba\u015fkan Aday\u0131 Ahmet Serkan Tuncer, F\u0131nd\u0131kp\u0131nar\u0131&#8217;n\u0131n en \u00f6nemli sorunu olan ar\u0131tma sorunu ile otopark sorunun \u00e7\u00f6z\u00fcld\u00fc\u011f\u00fcne i\u015faret ederek, &#8220;Ne mutlu, vatan\u0131n\u0131, bayra\u011f\u0131n\u0131, milletini seven bir B\u00fcy\u00fck\u015fehir Belediye Ba\u015fkan\u0131m\u0131z var. 1 Nisan&#8217;dan sonra B\u00fcy\u00fck\u015fehir Belediye Ba\u015fkan\u0131mla birlikte \u00e7ok g\u00fczel i\u015fler yapaca\u011f\u0131ma hepiniz emin olun&#8221; dedi. Cumhuriyet Halk Partisi Mezitli Belediye Ba\u015fkan [&hellip;]<\/p>\n","protected":false},"author":2,"featured_media":31081,"comment_status":"open","ping_status":"open","sticky":false,"template":"","format":"standard","meta":{"footnotes":""},"categories":[3,6],"tags":[],"class_list":["post-31080","post","type-post","status-publish","format-standard","has-post-thumbnail","hentry","category-manset","category-siyaset-2"],"views":2,"_links":{"self":[{"href":"https:\/\/mersinkadingazetesi.com\/index.php?rest_route=\/wp\/v2\/posts\/31080"}],"collection":[{"href":"https:\/\/mersinkadingazetesi.com\/index.php?rest_route=\/wp\/v2\/posts"}],"about":[{"href":"https:\/\/mersinkadingazetesi.com\/index.php?rest_route=\/wp\/v2\/types\/post"}],"author":[{"embeddable":true,"href":"https:\/\/mersinkadingazetesi.com\/index.php?rest_route=\/wp\/v2\/users\/2"}],"replies":[{"embeddable":true,"href":"https:\/\/mersinkadingazetesi.com\/index.php?rest_route=%2Fwp%2Fv2%2Fcomments&post=31080"}],"version-history":[{"count":0,"href":"https:\/\/mersinkadingazetesi.com\/index.php?rest_route=\/wp\/v2\/posts\/31080\/revisions"}],"wp:featuredmedia":[{"embeddable":true,"href":"https:\/\/mersinkadingazetesi.com\/index.php?rest_route=\/wp\/v2\/media\/31081"}],"wp:attachment":[{"href":"https:\/\/mersinkadingazetesi.com\/index.php?rest_route=%2Fwp%2Fv2%2Fmedia&parent=31080"}],"wp:term":[{"taxonomy":"category","embeddable":true,"href":"https:\/\/mersinkadingazetesi.com\/index.php?rest_route=%2Fwp%2Fv2%2Fcategories&post=31080"},{"taxonomy":"post_tag","embeddable":true,"href":"https:\/\/mersinkadingazetesi.com\/index.php?rest_route=%2Fwp%2Fv2%2Ftags&post=31080"}],"curies":[{"name":"wp","href":"https:\/\/api.w.org\/{rel}","templated":true}]}}