{"id":31099,"date":"2024-03-05T12:31:11","date_gmt":"2024-03-05T09:31:11","guid":{"rendered":"http:\/\/mersinkadingazetesi.com\/?p=31099"},"modified":"2024-03-05T12:31:11","modified_gmt":"2024-03-05T09:31:11","slug":"ekmen-mersinde-deva-partisi-olarak-dort-kadin-belediye-baskan-adayi-ile-yarisiyoruz","status":"publish","type":"post","link":"https:\/\/mersinkadingazetesi.com\/?p=31099","title":{"rendered":"Ekmen: \u201cMersin\u2019de DEVA Partisi olarak d\u00f6rt kad\u0131n belediye ba\u015fkan aday\u0131 ile yar\u0131\u015f\u0131yoruz\u201d"},"content":{"rendered":"<p>DEVA Partisi Genel Ba\u015fkan Yard\u0131mc\u0131s\u0131 ve Mersin Milletvekili Mehmet Emin Ekmen, kat\u0131ld\u0131\u011f\u0131 televizyon program\u0131nda Mersin\u2019in kozmopolit yap\u0131s\u0131na de\u011finerek DEVA Partisi\u2019nin se\u00e7im \u00e7al\u0131\u015fmalar\u0131na dair a\u00e7\u0131klamalarda bulundu.<\/p>\n<p>DEVA Partisi Mersin Milletvekili Ekmen, konu\u015fmas\u0131na ba\u015flarken; Mersin\u2019in ger\u00e7ekten ola\u011fan\u00fcst\u00fc bir \u015fehir oldu\u011funu ve T\u00fcrkiye&#8217;nin etnik, dini, k\u00fclt\u00fcrel ve ya\u015fam tarz\u0131 a\u00e7\u0131s\u0131ndan en \u00e7o\u011fulcu en dengeli, en bar\u0131\u015f\u00e7\u0131l kenti oldu\u011funu ifade etti. <\/p>\n<p>Ekmen s\u00f6zlerine \u015f\u00f6yle devam etti:<\/p>\n<p>\u201c\u00d6rne\u011fin mecliste grubu bulunan b\u00fct\u00fcn partiler burada birbirine yak\u0131n oranda oy al\u0131rlar. Mersin&#8217;in 13 milletvekili var ve bu milletvekilleri 8 ayr\u0131 siyasi partiye mensuptur. Mersin her herkesin birbirini kendi kimli\u011fiyle varl\u0131\u011f\u0131yla oldu\u011fu gibi kabul etti\u011fi ve kimsenin kendisini kar\u015f\u0131s\u0131na dayatmaya \u00e7al\u0131\u015fmad\u0131\u011f\u0131 bir \u015fehirdir.\u201d<\/p>\n<p>Mersin\u2019in bu y\u00f6nlerinin d\u0131\u015f\u0131nda siyaseten de ilgin\u00e7 bir \u015fehir oldu\u011funu belirten Ekmen, \u201cMHP 2023 genel se\u00e7imlerinde Mersin&#8217;de %12 oy ald\u0131. AK Parti&#8217;de ciddi bir oy kayb\u0131 oldu %31&#8217;den %26&#8217;ya d\u00fc\u015ft\u00fc. Ak Parti ile MHP aras\u0131ndaki bu farka ra\u011fmen B\u00fcy\u00fck\u015fehir Belediyesi MHP&#8217;ye b\u0131rak\u0131ld\u0131. \u015eimdi %12 oy alan bir partiye %26&#8217;l\u0131k bir parti ni\u00e7in feragatte bulunur? AK Partililer bu durumdan memnun mudur?\u201d<\/p>\n<p>Genel Ba\u015fkan Yard\u0131mc\u0131s\u0131 Ekmen, partisinin Mersin\u2019deki durumuyla ilgili olarak \u015fu ifadeleri kulland\u0131:<\/p>\n<p>\u201cDEVA Partisi 13 il\u00e7enin tamam\u0131nda yar\u0131\u015farak belediye ba\u015fkan aday\u0131 ve b\u00fcy\u00fck\u015fehir belediye ba\u015fkan aday\u0131 g\u00f6stermi\u015ftir. B\u00fcy\u00fck\u015fehir i\u00e7in \u00f6nceki il ba\u015fkan\u0131m\u0131z Doktor G\u00fcran Din\u00e7er&#8217;le birlikte bu yar\u0131\u015fa dahil olduk. Mersin tarihinde emsali g\u00f6r\u00fclmemi\u015f bir \u015fekilde d\u00f6rt il\u00e7e kad\u0131n belediye ba\u015fkan aday\u0131 ile yar\u0131\u015f\u0131yoruz. Toroslar il\u00e7e belediye ba\u015fkan aday\u0131m\u0131z \u0130\u015f \u0130nsan\u0131 Sultan Aydo\u011fan, Erdemli il\u00e7e belediye ba\u015fkan aday\u0131m\u0131z Di\u015f Hekimi Sinem Y\u00fcr\u00fc, Mut belediye ba\u015fkan aday\u0131m\u0131z Giri\u015fimci Fatma \u00c7elik Kovan, Ayd\u0131nc\u0131k belediye ba\u015fkan\u0131 aday\u0131m\u0131z Av. Yaren Yavuz\u2019dur. D\u00f6rt arkada\u015f\u0131m\u0131z da \u00e7evrelerinde tan\u0131nan sevilen ve il\u00e7elerine hizmet a\u015fk\u0131yla dolu insanlard\u0131r. Bu vesileyle arkada\u015flar\u0131m\u0131za ba\u015far\u0131lar diliyoruz.\u201d<\/p>\n","protected":false},"excerpt":{"rendered":"<p>DEVA Partisi Genel Ba\u015fkan Yard\u0131mc\u0131s\u0131 ve Mersin Milletvekili Mehmet Emin Ekmen, kat\u0131ld\u0131\u011f\u0131 televizyon program\u0131nda Mersin\u2019in kozmopolit yap\u0131s\u0131na de\u011finerek DEVA Partisi\u2019nin se\u00e7im \u00e7al\u0131\u015fmalar\u0131na dair a\u00e7\u0131klamalarda bulundu. DEVA Partisi Mersin Milletvekili Ekmen, konu\u015fmas\u0131na ba\u015flarken; Mersin\u2019in ger\u00e7ekten ola\u011fan\u00fcst\u00fc bir \u015fehir oldu\u011funu ve T\u00fcrkiye&#8217;nin etnik, dini, k\u00fclt\u00fcrel ve ya\u015fam tarz\u0131 a\u00e7\u0131s\u0131ndan en \u00e7o\u011fulcu en dengeli, en bar\u0131\u015f\u00e7\u0131l kenti oldu\u011funu [&hellip;]<\/p>\n","protected":false},"author":2,"featured_media":30812,"comment_status":"open","ping_status":"open","sticky":false,"template":"","format":"standard","meta":{"footnotes":""},"categories":[6],"tags":[],"class_list":["post-31099","post","type-post","status-publish","format-standard","has-post-thumbnail","hentry","category-siyaset-2"],"views":4,"_links":{"self":[{"href":"https:\/\/mersinkadingazetesi.com\/index.php?rest_route=\/wp\/v2\/posts\/31099"}],"collection":[{"href":"https:\/\/mersinkadingazetesi.com\/index.php?rest_route=\/wp\/v2\/posts"}],"about":[{"href":"https:\/\/mersinkadingazetesi.com\/index.php?rest_route=\/wp\/v2\/types\/post"}],"author":[{"embeddable":true,"href":"https:\/\/mersinkadingazetesi.com\/index.php?rest_route=\/wp\/v2\/users\/2"}],"replies":[{"embeddable":true,"href":"https:\/\/mersinkadingazetesi.com\/index.php?rest_route=%2Fwp%2Fv2%2Fcomments&post=31099"}],"version-history":[{"count":0,"href":"https:\/\/mersinkadingazetesi.com\/index.php?rest_route=\/wp\/v2\/posts\/31099\/revisions"}],"wp:featuredmedia":[{"embeddable":true,"href":"https:\/\/mersinkadingazetesi.com\/index.php?rest_route=\/wp\/v2\/media\/30812"}],"wp:attachment":[{"href":"https:\/\/mersinkadingazetesi.com\/index.php?rest_route=%2Fwp%2Fv2%2Fmedia&parent=31099"}],"wp:term":[{"taxonomy":"category","embeddable":true,"href":"https:\/\/mersinkadingazetesi.com\/index.php?rest_route=%2Fwp%2Fv2%2Fcategories&post=31099"},{"taxonomy":"post_tag","embeddable":true,"href":"https:\/\/mersinkadingazetesi.com\/index.php?rest_route=%2Fwp%2Fv2%2Ftags&post=31099"}],"curies":[{"name":"wp","href":"https:\/\/api.w.org\/{rel}","templated":true}]}}