{"id":31104,"date":"2024-03-05T12:34:12","date_gmt":"2024-03-05T09:34:12","guid":{"rendered":"http:\/\/mersinkadingazetesi.com\/?p=31104"},"modified":"2024-03-05T12:34:12","modified_gmt":"2024-03-05T09:34:12","slug":"vali-pehlivan-ashab-i-kehfi-daha-guzel-ve-cazip-hale-getirmek-icin-gerekli-calismalar-gerceklestirilecektir","status":"publish","type":"post","link":"https:\/\/mersinkadingazetesi.com\/?p=31104","title":{"rendered":"Vali Pehlivan: &#8220;Ashab-\u0131 Kehf&#8217;i daha g\u00fczel ve cazip hale getirmek i\u00e7in gerekli \u00e7al\u0131\u015fmalar ger\u00e7ekle\u015ftirilecektir&#8221;"},"content":{"rendered":"<p>Mersin&#8217;in Tarsus il\u00e7esinde bulunan Ashab-\u0131 Kehf&#8217;i ziyaret eden ve \u00e7al\u0131\u015fmalar hakk\u0131nda yetkililerden bilgi alan Mersin Valisi Ali Hamza Pehlivan, Mersin&#8217;in en \u00e7ok ziyaret edilen yerlerinden birinin Ashab-\u0131 Kehf oldu\u011funa dikkat \u00e7ekerek, &#8220;Daha g\u00fczel ve cazip hale getirmek i\u00e7in Vak\u0131flar B\u00f6lge M\u00fcd\u00fcrl\u00fc\u011f\u00fcm\u00fcz vas\u0131tas\u0131yla gerekli d\u00fczenleme ve iyile\u015ftirme \u00e7al\u0131\u015fmalar\u0131 ger\u00e7ekle\u015ftirilecektir&#8221; dedi.<br \/>\nMersin Valisi Ali Hamza Pehlivan ve beraberindeki heyet, Tarsus il\u00e7esinde bulunan Ashab-\u0131 Kehf \u2018i ziyaret etti. Dedeler K\u00f6y\u00fc\u2019nde yer alan Ashab\u0131 Kehf Makam\u0131 \u015eerifleri Zaviye ve Hangah Vakf\u0131 ad\u0131na kay\u0131tl\u0131 Ashab-\u0131 Kehf Ma\u011faras\u0131n\u0131 ziyaret eden Vali Pehlivan, Adana Vak\u0131flar B\u00f6lge M\u00fcd\u00fcr\u00fc Metin Evsen ve yetkililerden mevcut durum ve ihtiya\u00e7 duyulan \u00e7al\u0131\u015fmalar hakk\u0131nda bilgiler ald\u0131.<br \/>\nMa\u011faran\u0131n mevcut durumu hakk\u0131nda a\u00e7\u0131klamalarda bulunan Vali Pehlivan, \u201cYedi Uyurlar rivayetinin ger\u00e7ekle\u015fti\u011fi Ashab-\u0131 Kehf Ma\u011faras\u0131, ilimizde en \u00e7ok ziyaret edilen yerlerden biridir. Bu ba\u011flamda \u00f6nemli bir inan\u00e7 turizm merkezi \u00f6zelli\u011fi ta\u015f\u0131maktad\u0131r. Bu alan\u0131 daha g\u00fczel ve cazip hale getirmek i\u00e7in Vak\u0131flar B\u00f6lge M\u00fcd\u00fcrl\u00fc\u011f\u00fcm\u00fcz vas\u0131tas\u0131yla gerekli d\u00fczenleme ve iyile\u015ftirme \u00e7al\u0131\u015fmalar\u0131 ger\u00e7ekle\u015ftirilecektir. Saha ziyaretimizde, Vak\u0131flar B\u00f6lge M\u00fcd\u00fcr\u00fcm\u00fcz ve ilgili teknik ekibimizle birlikte yerine getirilecek \u00e7al\u0131\u015fmalar hakk\u0131nda de\u011ferlendirmeler yapt\u0131k\u201d ifadelerine yer verdi.<br \/>\nVali Pehlivan\u2019a, Tarsus Kaymakam\u0131 Mehmet Ali Aky\u00fcz, Adana Vak\u0131flar B\u00f6lge M\u00fcd\u00fcr Vekili Metin Evsen ve Dedeler Mahallesi Muhtar\u0131 Mehmet Y\u0131lmaz e\u015flik etti.<\/p>\n","protected":false},"excerpt":{"rendered":"<p>Mersin&#8217;in Tarsus il\u00e7esinde bulunan Ashab-\u0131 Kehf&#8217;i ziyaret eden ve \u00e7al\u0131\u015fmalar hakk\u0131nda yetkililerden bilgi alan Mersin Valisi Ali Hamza Pehlivan, Mersin&#8217;in en \u00e7ok ziyaret edilen yerlerinden birinin Ashab-\u0131 Kehf oldu\u011funa dikkat \u00e7ekerek, &#8220;Daha g\u00fczel ve cazip hale getirmek i\u00e7in Vak\u0131flar B\u00f6lge M\u00fcd\u00fcrl\u00fc\u011f\u00fcm\u00fcz vas\u0131tas\u0131yla gerekli d\u00fczenleme ve iyile\u015ftirme \u00e7al\u0131\u015fmalar\u0131 ger\u00e7ekle\u015ftirilecektir&#8221; dedi. Mersin Valisi Ali Hamza Pehlivan ve [&hellip;]<\/p>\n","protected":false},"author":2,"featured_media":31105,"comment_status":"open","ping_status":"open","sticky":false,"template":"","format":"standard","meta":{"footnotes":""},"categories":[1],"tags":[],"class_list":["post-31104","post","type-post","status-publish","format-standard","has-post-thumbnail","hentry","category-genel"],"views":2,"_links":{"self":[{"href":"https:\/\/mersinkadingazetesi.com\/index.php?rest_route=\/wp\/v2\/posts\/31104"}],"collection":[{"href":"https:\/\/mersinkadingazetesi.com\/index.php?rest_route=\/wp\/v2\/posts"}],"about":[{"href":"https:\/\/mersinkadingazetesi.com\/index.php?rest_route=\/wp\/v2\/types\/post"}],"author":[{"embeddable":true,"href":"https:\/\/mersinkadingazetesi.com\/index.php?rest_route=\/wp\/v2\/users\/2"}],"replies":[{"embeddable":true,"href":"https:\/\/mersinkadingazetesi.com\/index.php?rest_route=%2Fwp%2Fv2%2Fcomments&post=31104"}],"version-history":[{"count":0,"href":"https:\/\/mersinkadingazetesi.com\/index.php?rest_route=\/wp\/v2\/posts\/31104\/revisions"}],"wp:featuredmedia":[{"embeddable":true,"href":"https:\/\/mersinkadingazetesi.com\/index.php?rest_route=\/wp\/v2\/media\/31105"}],"wp:attachment":[{"href":"https:\/\/mersinkadingazetesi.com\/index.php?rest_route=%2Fwp%2Fv2%2Fmedia&parent=31104"}],"wp:term":[{"taxonomy":"category","embeddable":true,"href":"https:\/\/mersinkadingazetesi.com\/index.php?rest_route=%2Fwp%2Fv2%2Fcategories&post=31104"},{"taxonomy":"post_tag","embeddable":true,"href":"https:\/\/mersinkadingazetesi.com\/index.php?rest_route=%2Fwp%2Fv2%2Ftags&post=31104"}],"curies":[{"name":"wp","href":"https:\/\/api.w.org\/{rel}","templated":true}]}}