{"id":31110,"date":"2024-03-05T12:37:40","date_gmt":"2024-03-05T09:37:40","guid":{"rendered":"http:\/\/mersinkadingazetesi.com\/?p=31110"},"modified":"2024-03-05T12:37:40","modified_gmt":"2024-03-05T09:37:40","slug":"yenisehir-belediyesinin-5-gun-surecek-8-mart-etkinlikleri-basliyor","status":"publish","type":"post","link":"https:\/\/mersinkadingazetesi.com\/?p=31110","title":{"rendered":"Yeni\u015fehir Belediyesinin 5 g\u00fcn s\u00fcrecek 8 Mart etkinlikleri ba\u015fl\u0131yor"},"content":{"rendered":"<p>Mersin Yeni\u015fehir Belediyesi, 8 Mart D\u00fcnya Kad\u0131nlar G\u00fcn\u00fc\u2019n\u00fc 5 g\u00fcn s\u00fcrecek etkinliklerle kutlayacak. Yeni\u015fehir Belediyesi Atat\u00fcrk K\u00fclt\u00fcr Merkezinde tiyatro oyunlar\u0131, sergiler,  m\u00fczik dinletileri ve s\u00f6yle\u015filer gibi etkinlikler ger\u00e7ekle\u015ftirilecek. Yeni\u015fehir Belediye Ba\u015fkan\u0131 Abdullah \u00d6zyi\u011fit,  t\u00fcm vatanda\u015flar\u0131 8 Mart D\u00fcnya Kad\u0131nlar G\u00fcn\u00fc etkinliklerine davet etti.<br \/>\nMersin Yeni\u015fehir Belediyesi 8 Mart D\u00fcnya Kad\u0131nlar G\u00fcn\u00fc kutlamalar\u0131 kapsam\u0131nda kad\u0131n sanat\u00e7\u0131lar\u0131n, kad\u0131n aktivistlerin ve derneklerin eme\u011fi ve kat\u0131l\u0131m\u0131yla bir dizi etkinlik program\u0131 haz\u0131rlad\u0131. Etkinlikler Yeni\u015fehir Belediyesi Atat\u00fcrk K\u00fclt\u00fcr Merkezinde yap\u0131lacak.<br \/>\nYeni\u015fehir\u2019deki D\u00fcnya Kad\u0131nlar G\u00fcn\u00fc etkinlikleri 5 Mart Sal\u0131 g\u00fcn\u00fc saat 14.00\u2019te Avukat Vildan Yirmibe\u015fo\u011flu\u2019nun s\u00f6yle\u015fisiyle ba\u015flayacak. Saat 17.00\u2019de Av. Arzu G\u00fcnay, Av. Asl\u0131 Ap\u00e7in ile sosyolog \u0130lkem Aslan ve sosyolog Emre Caymaz \u201cT\u00fcrkiye\u2019de Kad\u0131n Haklar\u0131 S\u00f6yle\u015fisi\u201d ba\u015fl\u0131kl\u0131 s\u00f6yle\u015fi ger\u00e7ekle\u015ftirecek. 6 Mart \u00c7ar\u015famba g\u00fcn\u00fc ressam Serap Aygenli\u2019nin \u201cFig\u00fcratif Sanatta Di\u015fil Yans\u0131malar\u201d ba\u015fl\u0131kl\u0131 sergisi,  seramik \u00f6\u011fretmeni Enis Tuka\u00e7\u2019\u0131n \u201cYeni\u015fehir\u2019de Seramik Kad\u0131nlar\u201d sergisi, resim \u00f6\u011fretmeni Nalan Y\u0131lmaz\u2019\u0131n \u201cKad\u0131n\u0131n G\u00fcc\u00fc\u201d sergisi, seramik sanat\u00e7\u0131s\u0131 G\u00fclden Ark\u0131\u015f\u2019\u0131n \u201cGradiva Y\u00fcr\u00fcyen Kad\u0131nlar\u201d sergisi a\u00e7\u0131lacak. 8 Mart Cuma g\u00fcn\u00fc &#8220;Gayr-\u0131 Meskun Mahaller&#8221; adl\u0131 g\u00fcncel sanat sergisi Yeni\u015fehir Belediyesi Ahmet Ye\u015fil Sanat Galerisinde saat 18.00&#8217;de a\u00e7\u0131lacak.<br \/>\n7 Mart Per\u015fembe g\u00fcn\u00fc Yeni\u015fehir Kad\u0131n Tiyatro Toplulu\u011fu \u201cMasal Dedikleri\u201d adl\u0131 tiyatro g\u00f6sterisini saat 20.00\u2019de sahneleyecek. 8 Mart Cuma g\u00fcn\u00fc ise T\u00fcrk Anneler Derne\u011fi Yeni\u015fehir \u015eubesinin k\u0131z \u00f6\u011frenciler yarar\u0131na d\u00fczenledi\u011fi kermes, 13.00 ile 18.00 saatleri aras\u0131nda yap\u0131lacak. Mersin \u015eairler ve Yazarlar Derne\u011fi kad\u0131n \u015fair ve yazarlar s\u00f6yle\u015fi ve imza g\u00fcn\u00fc etkinli\u011fi de 13.00 ile 18.00 saatleri aras\u0131nda ger\u00e7ekle\u015fecek. Cansu-Nejat Dalo\u011flu gitar ve fl\u00fct resitali 13.00 ile 14.30 saatleri aras\u0131nda ger\u00e7ekle\u015fecek. Sosyolog \u0130lkem Aslan, saat 14.30\u2019da \u201cFl\u00f6rt \u015eiddeti\u201d konulu bir panel verecek. Saat 20.00\u2019de \u201cYaralar\u0131m A\u015fktand\u0131r\u201d adl\u0131 tiyatro g\u00f6sterisi sahnelenecek. Saat 21.30\u2019da ise d\u00fczenlenecek etkinlikte \u201cSal\u0131ncak\u201d adl\u0131 k\u0131sa film g\u00f6sterilecek ve sinema sanat\u00e7\u0131s\u0131 Nazan Kesal ile s\u00f6yle\u015fi yap\u0131lacak.<\/p>\n","protected":false},"excerpt":{"rendered":"<p>Mersin Yeni\u015fehir Belediyesi, 8 Mart D\u00fcnya Kad\u0131nlar G\u00fcn\u00fc\u2019n\u00fc 5 g\u00fcn s\u00fcrecek etkinliklerle kutlayacak. Yeni\u015fehir Belediyesi Atat\u00fcrk K\u00fclt\u00fcr Merkezinde tiyatro oyunlar\u0131, sergiler, m\u00fczik dinletileri ve s\u00f6yle\u015filer gibi etkinlikler ger\u00e7ekle\u015ftirilecek. Yeni\u015fehir Belediye Ba\u015fkan\u0131 Abdullah \u00d6zyi\u011fit, t\u00fcm vatanda\u015flar\u0131 8 Mart D\u00fcnya Kad\u0131nlar G\u00fcn\u00fc etkinliklerine davet etti. Mersin Yeni\u015fehir Belediyesi 8 Mart D\u00fcnya Kad\u0131nlar G\u00fcn\u00fc kutlamalar\u0131 kapsam\u0131nda kad\u0131n sanat\u00e7\u0131lar\u0131n, [&hellip;]<\/p>\n","protected":false},"author":2,"featured_media":31111,"comment_status":"open","ping_status":"open","sticky":false,"template":"","format":"standard","meta":{"footnotes":""},"categories":[2,3],"tags":[],"class_list":["post-31110","post","type-post","status-publish","format-standard","has-post-thumbnail","hentry","category-gundem","category-manset"],"views":3,"_links":{"self":[{"href":"https:\/\/mersinkadingazetesi.com\/index.php?rest_route=\/wp\/v2\/posts\/31110"}],"collection":[{"href":"https:\/\/mersinkadingazetesi.com\/index.php?rest_route=\/wp\/v2\/posts"}],"about":[{"href":"https:\/\/mersinkadingazetesi.com\/index.php?rest_route=\/wp\/v2\/types\/post"}],"author":[{"embeddable":true,"href":"https:\/\/mersinkadingazetesi.com\/index.php?rest_route=\/wp\/v2\/users\/2"}],"replies":[{"embeddable":true,"href":"https:\/\/mersinkadingazetesi.com\/index.php?rest_route=%2Fwp%2Fv2%2Fcomments&post=31110"}],"version-history":[{"count":0,"href":"https:\/\/mersinkadingazetesi.com\/index.php?rest_route=\/wp\/v2\/posts\/31110\/revisions"}],"wp:featuredmedia":[{"embeddable":true,"href":"https:\/\/mersinkadingazetesi.com\/index.php?rest_route=\/wp\/v2\/media\/31111"}],"wp:attachment":[{"href":"https:\/\/mersinkadingazetesi.com\/index.php?rest_route=%2Fwp%2Fv2%2Fmedia&parent=31110"}],"wp:term":[{"taxonomy":"category","embeddable":true,"href":"https:\/\/mersinkadingazetesi.com\/index.php?rest_route=%2Fwp%2Fv2%2Fcategories&post=31110"},{"taxonomy":"post_tag","embeddable":true,"href":"https:\/\/mersinkadingazetesi.com\/index.php?rest_route=%2Fwp%2Fv2%2Ftags&post=31110"}],"curies":[{"name":"wp","href":"https:\/\/api.w.org\/{rel}","templated":true}]}}