{"id":31133,"date":"2024-03-06T12:35:27","date_gmt":"2024-03-06T09:35:27","guid":{"rendered":"http:\/\/mersinkadingazetesi.com\/?p=31133"},"modified":"2024-03-06T12:35:27","modified_gmt":"2024-03-06T09:35:27","slug":"mercekten-mobilya-imalat-ve-montaj-kursu","status":"publish","type":"post","link":"https:\/\/mersinkadingazetesi.com\/?p=31133","title":{"rendered":"MERCEK&#8217;TEN MOB\u0130LYA \u0130MALAT VE MONTAJ KURSU&#8230;"},"content":{"rendered":"<p>Mersin B\u00fcy\u00fck\u015fehir Belediyesi, kent genelinde a\u00e7t\u0131\u011f\u0131 kurslarla istihdama katk\u0131 sa\u011flamaya ve vatanda\u015flara yeni i\u015f olanaklar\u0131 sunmaya devam ediyor. B\u00fcy\u00fck\u015fehir&#8217;in istihdam yaratan Mercek Mesleki E\u011fitim  kurslar\u0131; vatanda\u015flar\u0131n hem mesleki beceri kazanmalar\u0131na, hem de i\u015f hayat\u0131na at\u0131lmalar\u0131na olanak sunuyor. B\u00fcy\u00fck\u015fehir Belediyesi Sosyal Hizmetler Dairesi Ba\u015fkanl\u0131\u011f\u0131 E\u011fitim Hizmetleri \u015eube M\u00fcd\u00fcrl\u00fc\u011f\u00fc&#8217;ne ba\u011fl\u0131 olarak hizmet veren T\u0131rm\u0131l Mercek Meslek Edindirme ve  E\u011fitim Merkezi&#8217;nde ger\u00e7ekle\u015fen &#8216;Mobilya \u0130malat\u0131 ve Montaj E\u011fitimi&#8217; sayesinde kursiyerler hem teorik, hem de uygulamal\u0131 e\u011fitim alarak i\u015f hayat\u0131na kolayl\u0131kla at\u0131l\u0131yor. Uzman e\u011fitmen e\u015fli\u011finde mobilya imalat\u0131 ve montaj \u00f6\u011frenen kursiyerler, e\u011fitim sonunda alacaklar\u0131 Milli E\u011fitim Bakanl\u0131\u011f\u0131 (MEB) onayl\u0131 sertifika sayesinde, i\u015f hayat\u0131na bir ad\u0131m \u00f6nde ba\u015flayacak.<\/p>\n<p>Maya: &#8220;Kursiyerler tasar\u0131m, el i\u015f\u00e7ili\u011fi, imalat ve montaj \u00fczerine e\u011fitim al\u0131yor&#8221;<\/p>\n<p>Mercek Mesleki E\u011fitim Merkezi Koordinat\u00f6r\u00fc G\u00fcl Kadem Maya, kurs kapsam\u0131nda kursiyerlere \u00f6nce teorik, ard\u0131ndan da uygulamal\u0131 e\u011fitim verildi\u011fini belirterek, &#8220;Yakla\u015f\u0131k 2,5 ay s\u00fcren bu kursta hem tasar\u0131m, hem el i\u015f\u00e7ili\u011fi, hem de imalat ve montaj \u00fczerine e\u011fitim veriliyor&#8221; dedi. Kursa \u00f6zellikle kad\u0131nlar\u0131n yo\u011fun ilgi g\u00f6sterdi\u011fini s\u00f6yleyen Maya, &#8220;Eskiden erkek mesle\u011fi olarak bilinen mobilya imalat ve montaj\u0131na, art\u0131k kad\u0131nlar da ilgi duyuyor. \u00c7\u00fcnk\u00fc kad\u0131n\u0131n eme\u011fi, kad\u0131n\u0131n el yetene\u011fi, kad\u0131n\u0131n azmi, daha h\u0131zl\u0131 ve d\u00fczenli olmas\u0131ndan dolay\u0131, sekt\u00f6r de bu anlamda kad\u0131n \u00e7al\u0131\u015fan istiyor&#8221; ifadelerine yer verdi.<\/p>\n<p>&#8220;\u0130lk kursumuzu a\u00e7mam\u0131za ra\u011fmen devaml\u0131l\u0131k \u00e7ok g\u00fczel gidiyor&#8221;<\/p>\n<p>Kat\u0131l\u0131m\u0131n yo\u011fun oldu\u011funu ve \u00f6zellikle kad\u0131n kursiyerlerin kurstan \u00e7ok memnun oldu\u011fu dile getiren Maya, &#8220;\u0130lk kursumuzu a\u00e7mam\u0131za ra\u011fmen, devaml\u0131l\u0131k da \u00e7ok g\u00fczel gidiyor. Kursu tamamlay\u0131p bir an \u00f6nce istihdama kat\u0131lmak istiyorlar. Bununla ilgili de bizim i\u015f piyasas\u0131yla g\u00f6r\u00fc\u015fmelerimiz devam ediyor. Buradan mezun olduktan sonra MEB onayl\u0131 sertifikalar\u0131n\u0131 verip istihdama y\u00f6nlendirmelerini yapaca\u011f\u0131z&#8221; diye konu\u015ftu. Maya son olarak kurslar hakk\u0131nda bilgi almak ve kat\u0131lmak isteyen vatanda\u015flar\u0131n, mercek.mersin.bel.tr adresinden gerekli bilgilere ula\u015fabileceklerini belirtti.<\/p>\n<p>E\u011fitmen Hava Ba\u015f ise e\u011fitimin i\u00e7eri\u011finden s\u00f6z ederek, &#8220;\u015eu an minifix montaj yap\u0131yoruz. \u0130lerleyen d\u00f6nemlerde de kap\u0131, pencere ve dolap montaj\u0131 gibi b\u00fcy\u00fck i\u015fler yapaca\u011f\u0131z. Aktif olarak 7 kad\u0131n ve 2 erkek kursiyerimiz var&#8221; ifadelerine yer verdi.<\/p>\n<p>Demirkaya: &#8220;Kad\u0131nlar\u0131n her yerde olmas\u0131 laz\u0131m&#8221;<\/p>\n<p>Kursiyerlerden \u0130nci Demirkaya, i\u015f olana\u011f\u0131 sunmas\u0131 i\u00e7in kursa kat\u0131ld\u0131\u011f\u0131n\u0131 s\u00f6yledi. Demirkaya, &#8220;Benim de alan\u0131m i\u00e7 mek\u00e2n tasar\u0131m\u0131 oldu\u011fu i\u00e7in gelmek istedim, \u00e7\u00fcnk\u00fc \u00e7ok a\u00e7\u0131kta kald\u0131\u011f\u0131m bir meslek. \u0130\u015f i\u00e7in kap\u0131 kap\u0131 dola\u015ft\u0131m, en sonunda B\u00fcy\u00fck\u015fehir&#8217;in bu kursuna kat\u0131ld\u0131m. \u015eu an \u00e7ok iyi gidiyor&#8221; dedi. B\u00fcy\u00fck\u015fehir&#8217;in istihdama y\u00f6nelik \u00e7al\u0131\u015fmalar\u0131n\u0131 da \u00e7ok be\u011fendi\u011fini vurgulayan Demirkaya, &#8220;\u015eu an imalat k\u0131sm\u0131ndan ba\u015flad\u0131k. S\u0131rada montaj ve ah\u015fap oymac\u0131l\u0131\u011f\u0131 var&#8221; dedi. \u00d6zellikle kad\u0131nlara y\u00f6nelik hizmetlerden \u00e7ok memnun oldu\u011funu ifade eden Demirkaya, &#8220;Ben \u00e7ok destekliyorum. \u0130stihdam\u0131n olmas\u0131 gerekiyor.  Kad\u0131nlar\u0131n her yerde olmas\u0131 laz\u0131m&#8221; diye konu\u015ftu.<\/p>\n<p>Erg\u00fclen: &#8220;Gelecekte yapaca\u011f\u0131m i\u015flerde faydas\u0131 olaca\u011f\u0131na inan\u0131yorum&#8221;<\/p>\n<p>Kursiyerlerden R\u0131fat Erg\u00fclen, daha \u00f6nceden deneyiminin oldu\u011funu ve kendini geli\u015ftirmek i\u00e7in kursa kat\u0131ld\u0131\u011f\u0131n\u0131 s\u00f6yleyerek, &#8220;Burada kendimi geli\u015ftiriyorum. Makinelerin kullan\u0131mlar\u0131, emniyet tedbirleri ve k\u00fc\u00e7\u00fck modellerde e\u015fyalar\u0131 yapmay\u0131 \u00f6\u011freniyoruz&#8221; dedi. Kursu \u00e7ok yararl\u0131 buldu\u011funu da s\u00f6zlerine ekleyen Erg\u00fclen, &#8220;Ge\u00e7mi\u015fteki deneyimlerimi belgelemi\u015f olaca\u011f\u0131m. Gelecekte yapaca\u011f\u0131m i\u015flerde de faydas\u0131 olaca\u011f\u0131na inan\u0131yorum&#8221; ifadelerine yer verdi.<\/p>\n<p>Ak\u00e7akaya: &#8220;Mesle\u011fimi geli\u015ftirmek i\u00e7in bu kursa kat\u0131ld\u0131m&#8221;<\/p>\n<p>Kursiyer G\u00fcl Ak\u00e7akaya ise \u0130\u00e7 Mimar oldu\u011funu ve mesleki alanda daha fazla geli\u015fmek amac\u0131yla kursa kat\u0131ld\u0131\u011f\u0131n\u0131 aktard\u0131. Ak\u00e7akaya, &#8220;Meslek icab\u0131 montaj mobilya benim alan\u0131m. O y\u00fczden &#8216;daha fazla ne \u00f6\u011frenebilirim&#8217; diye geldim. Hocam\u0131z da \u00e7ok iyi ilgileniyor&#8221; dedi. B\u00fcy\u00fck\u015fehir&#8217;in istihdama ve \u00f6zellikle de kad\u0131nlara y\u00f6nelik projelerini yak\u0131ndan takip etti\u011fini de s\u00f6zlerine ekleyen Ak\u00e7akaya, &#8220;Vahap Bey bu konuda iyi \u00e7al\u0131\u015f\u0131yor. Ben mesle\u011fimi geli\u015ftirmek, belediyenin a\u00e7t\u0131\u011f\u0131 kurslara kat\u0131lmak ve kad\u0131nlara \u00f6nc\u00fc olmak i\u00e7in geldim. Di\u011fer kurslara da kat\u0131ld\u0131m&#8221; diye konu\u015ftu.<\/p>\n","protected":false},"excerpt":{"rendered":"<p>Mersin B\u00fcy\u00fck\u015fehir Belediyesi, kent genelinde a\u00e7t\u0131\u011f\u0131 kurslarla istihdama katk\u0131 sa\u011flamaya ve vatanda\u015flara yeni i\u015f olanaklar\u0131 sunmaya devam ediyor. B\u00fcy\u00fck\u015fehir&#8217;in istihdam yaratan Mercek Mesleki E\u011fitim kurslar\u0131; vatanda\u015flar\u0131n hem mesleki beceri kazanmalar\u0131na, hem de i\u015f hayat\u0131na at\u0131lmalar\u0131na olanak sunuyor. B\u00fcy\u00fck\u015fehir Belediyesi Sosyal Hizmetler Dairesi Ba\u015fkanl\u0131\u011f\u0131 E\u011fitim Hizmetleri \u015eube M\u00fcd\u00fcrl\u00fc\u011f\u00fc&#8217;ne ba\u011fl\u0131 olarak hizmet veren T\u0131rm\u0131l Mercek Meslek Edindirme [&hellip;]<\/p>\n","protected":false},"author":2,"featured_media":31134,"comment_status":"open","ping_status":"open","sticky":false,"template":"","format":"standard","meta":{"footnotes":""},"categories":[2,3,5],"tags":[],"class_list":["post-31133","post","type-post","status-publish","format-standard","has-post-thumbnail","hentry","category-gundem","category-manset","category-mersin"],"views":2,"_links":{"self":[{"href":"https:\/\/mersinkadingazetesi.com\/index.php?rest_route=\/wp\/v2\/posts\/31133"}],"collection":[{"href":"https:\/\/mersinkadingazetesi.com\/index.php?rest_route=\/wp\/v2\/posts"}],"about":[{"href":"https:\/\/mersinkadingazetesi.com\/index.php?rest_route=\/wp\/v2\/types\/post"}],"author":[{"embeddable":true,"href":"https:\/\/mersinkadingazetesi.com\/index.php?rest_route=\/wp\/v2\/users\/2"}],"replies":[{"embeddable":true,"href":"https:\/\/mersinkadingazetesi.com\/index.php?rest_route=%2Fwp%2Fv2%2Fcomments&post=31133"}],"version-history":[{"count":0,"href":"https:\/\/mersinkadingazetesi.com\/index.php?rest_route=\/wp\/v2\/posts\/31133\/revisions"}],"wp:featuredmedia":[{"embeddable":true,"href":"https:\/\/mersinkadingazetesi.com\/index.php?rest_route=\/wp\/v2\/media\/31134"}],"wp:attachment":[{"href":"https:\/\/mersinkadingazetesi.com\/index.php?rest_route=%2Fwp%2Fv2%2Fmedia&parent=31133"}],"wp:term":[{"taxonomy":"category","embeddable":true,"href":"https:\/\/mersinkadingazetesi.com\/index.php?rest_route=%2Fwp%2Fv2%2Fcategories&post=31133"},{"taxonomy":"post_tag","embeddable":true,"href":"https:\/\/mersinkadingazetesi.com\/index.php?rest_route=%2Fwp%2Fv2%2Ftags&post=31133"}],"curies":[{"name":"wp","href":"https:\/\/api.w.org\/{rel}","templated":true}]}}