{"id":31142,"date":"2024-03-06T12:43:20","date_gmt":"2024-03-06T09:43:20","guid":{"rendered":"http:\/\/mersinkadingazetesi.com\/?p=31142"},"modified":"2024-03-06T12:43:20","modified_gmt":"2024-03-06T09:43:20","slug":"dr-ali-oze-is-dunyasindan-tam-destek","status":"publish","type":"post","link":"https:\/\/mersinkadingazetesi.com\/?p=31142","title":{"rendered":"Dr. Ali \u00d6z&#8217;e i\u015f d\u00fcnyas\u0131ndan tam destek"},"content":{"rendered":"<p>31 Mart&#8217;ta yap\u0131lacak olan se\u00e7imler \u00f6ncesi \u00e7al\u0131\u015fmalar\u0131na h\u0131z veren Cumhur \u0130ttifak\u0131 Toroslar Belediye Ba\u015fkan Aday\u0131 Dr. Ali \u00d6z, il\u00e7ede faaliyet g\u00f6steren fabrikalar\u0131 ziyaret etti. \u00d6z, &#8220;Hayata ge\u00e7irece\u011fimiz projelerle birlikte Toroslar, Mersin&#8217;in parlayan y\u0131ld\u0131z\u0131 ve cazibe merkezi olacak&#8221; dedi.<\/p>\n<p>Se\u00e7im \u00e7al\u0131\u015fmalar\u0131 kapsam\u0131nda il\u00e7ede faaliyet g\u00f6steren fabrikalar\u0131 ziyaret eden \u00d6z, i\u015f d\u00fcnyas\u0131na projelerinden bahsetti. Ziyarete, MHP \u0130l Ba\u015fkan Yard\u0131mc\u0131s\u0131 Salih Bayraktar, AK Parti Toroslar \u0130l\u00e7e Ba\u015fkan\u0131 Ferdi \u00c7okkeser, MHP Toroslar \u0130l\u00e7e Ba\u015fkan\u0131 Osman Mete Y\u0131ld\u0131z ve \u00f6nceki d\u00f6nem Toroslar Belediye Ba\u015fkan\u0131 Hamit Tuna da e\u015flik etti.<\/p>\n<p>&#8220;TOROSLAR, MERS\u0130N&#8217;\u0130N PARLAYAN YILDIZI OLACAK&#8221;<\/p>\n<p>Fabrika ziyaretleri sonras\u0131nda konu\u015fan \u00d6z, &#8220;Hayata ge\u00e7irece\u011fimiz projelerle birlikte Toroslar, Mersin&#8217;in parlayan y\u0131ld\u0131z\u0131 ve cazibe merkezi olacak. \u0130l\u00e7emizde faaliyet g\u00f6steren i\u015f insanlar\u0131m\u0131zla i\u015fbirli\u011fi yaparak il\u00e7emizin potansiyelini \u00f6n plana \u00e7\u0131karaca\u011f\u0131z. \u0130l\u00e7emizi ekonomik anlamda kalk\u0131nd\u0131raca\u011f\u0131z. Bunu da i\u015f insanlar\u0131m\u0131zla birlikte ba\u015faraca\u011f\u0131z. Her \u015feyden \u00f6nce Toroslar\u0131m\u0131z\u0131 daha ya\u015fan\u0131labilir, daha mutlu bir il\u00e7e haline getirece\u011fiz&#8221; dedi.<\/p>\n<p>&#8220;KAMU H\u0130ZMET TES\u0130SLER\u0130 \u0130LE \u0130L\u00c7EM\u0130Z \u00c7EK\u0130M MERKEZ\u0130 OLACAK&#8221;<\/p>\n<p>\u0130l\u00e7eye yeni kamu tesislerinin kazand\u0131r\u0131lmas\u0131 y\u00f6n\u00fcnde ilgili bakanl\u0131klarla ortak hareket edeceklerini ifade eden \u00d6z, &#8220;\u0130l\u00e7emizde yeterli kamu idari tesisleri bulunmamaktad\u0131r. Kamu kurumlar\u0131yla yapaca\u011f\u0131m\u0131z i\u015fbirli\u011fi ile yeni kamu tesislerinin il\u00e7emizde kurulmas\u0131 ve merkezden il\u00e7emize ta\u015f\u0131nmas\u0131 i\u00e7in gerekli g\u00f6r\u00fc\u015fmeleri ve kolayl\u0131klar\u0131 sa\u011flayaca\u011f\u0131z. B\u00f6ylece il\u00e7emiz sosyal ve ekonomik a\u00e7\u0131dan daha geli\u015fmi\u015f bir d\u00fczeye ula\u015farak yeni cazibe merkezi olacak&#8221; diye konu\u015ftu.<\/p>\n<p>&#8220;T\u0130CARET\u0130N KALB\u0130 TOROSLAR&#8217;DA ATACAK&#8221;<\/p>\n<p>Toroslar&#8217;\u0131 cazibe merkezi haline getirece\u011fini vurgulayan \u00d6z, &#8220;Toroslar&#8217;\u0131n geli\u015fmesi ve istihdam\u0131 art\u0131rmak i\u00e7in \u00e7e\u015fitli sekt\u00f6rleri kapsayan b\u00fcy\u00fck bir ticaret merkezine ihtiya\u00e7 duyulmaktad\u0131r. Se\u00e7ildikten sonra hayata ge\u00e7irece\u011fimiz projelerle birlikte, ticaret sekt\u00f6rlerinin olaca\u011f\u0131 ve b\u00fcnyesinde 150 i\u015fyeri bar\u0131nd\u0131racak olan Toroslar Ticaret Merkezi&#8217;nin kurulmas\u0131n\u0131 sa\u011flayaca\u011f\u0131z. Bu sayede de Ticaretin kalbi Toroslar&#8217;da atacak&#8221; ifadelerini kulland\u0131.<\/p>\n","protected":false},"excerpt":{"rendered":"<p>31 Mart&#8217;ta yap\u0131lacak olan se\u00e7imler \u00f6ncesi \u00e7al\u0131\u015fmalar\u0131na h\u0131z veren Cumhur \u0130ttifak\u0131 Toroslar Belediye Ba\u015fkan Aday\u0131 Dr. Ali \u00d6z, il\u00e7ede faaliyet g\u00f6steren fabrikalar\u0131 ziyaret etti. \u00d6z, &#8220;Hayata ge\u00e7irece\u011fimiz projelerle birlikte Toroslar, Mersin&#8217;in parlayan y\u0131ld\u0131z\u0131 ve cazibe merkezi olacak&#8221; dedi. Se\u00e7im \u00e7al\u0131\u015fmalar\u0131 kapsam\u0131nda il\u00e7ede faaliyet g\u00f6steren fabrikalar\u0131 ziyaret eden \u00d6z, i\u015f d\u00fcnyas\u0131na projelerinden bahsetti. Ziyarete, MHP \u0130l [&hellip;]<\/p>\n","protected":false},"author":2,"featured_media":31143,"comment_status":"open","ping_status":"open","sticky":false,"template":"","format":"standard","meta":{"footnotes":""},"categories":[1,2,5,9],"tags":[],"class_list":["post-31142","post","type-post","status-publish","format-standard","has-post-thumbnail","hentry","category-genel","category-gundem","category-mersin","category-saglik"],"views":2,"_links":{"self":[{"href":"https:\/\/mersinkadingazetesi.com\/index.php?rest_route=\/wp\/v2\/posts\/31142"}],"collection":[{"href":"https:\/\/mersinkadingazetesi.com\/index.php?rest_route=\/wp\/v2\/posts"}],"about":[{"href":"https:\/\/mersinkadingazetesi.com\/index.php?rest_route=\/wp\/v2\/types\/post"}],"author":[{"embeddable":true,"href":"https:\/\/mersinkadingazetesi.com\/index.php?rest_route=\/wp\/v2\/users\/2"}],"replies":[{"embeddable":true,"href":"https:\/\/mersinkadingazetesi.com\/index.php?rest_route=%2Fwp%2Fv2%2Fcomments&post=31142"}],"version-history":[{"count":0,"href":"https:\/\/mersinkadingazetesi.com\/index.php?rest_route=\/wp\/v2\/posts\/31142\/revisions"}],"wp:featuredmedia":[{"embeddable":true,"href":"https:\/\/mersinkadingazetesi.com\/index.php?rest_route=\/wp\/v2\/media\/31143"}],"wp:attachment":[{"href":"https:\/\/mersinkadingazetesi.com\/index.php?rest_route=%2Fwp%2Fv2%2Fmedia&parent=31142"}],"wp:term":[{"taxonomy":"category","embeddable":true,"href":"https:\/\/mersinkadingazetesi.com\/index.php?rest_route=%2Fwp%2Fv2%2Fcategories&post=31142"},{"taxonomy":"post_tag","embeddable":true,"href":"https:\/\/mersinkadingazetesi.com\/index.php?rest_route=%2Fwp%2Fv2%2Ftags&post=31142"}],"curies":[{"name":"wp","href":"https:\/\/api.w.org\/{rel}","templated":true}]}}