{"id":31150,"date":"2024-03-07T09:42:15","date_gmt":"2024-03-07T06:42:15","guid":{"rendered":"http:\/\/mersinkadingazetesi.com\/?p=31150"},"modified":"2024-03-07T09:42:15","modified_gmt":"2024-03-07T06:42:15","slug":"sosyal-politikalarimizin-buyuk-kismi-kadin-odakli","status":"publish","type":"post","link":"https:\/\/mersinkadingazetesi.com\/?p=31150","title":{"rendered":"\u2018SOSYAL POL\u0130T\u0130KALARIMIZIN B\u00dcY\u00dcK KISMI KADIN ODAKLI\u2019"},"content":{"rendered":"<p><img loading=\"lazy\" decoding=\"async\" src=\"http:\/\/mersinkadingazetesi.com\/wp-content\/uploads\/2024\/03\/ALI_4062-300x200.jpg\" alt=\"\" width=\"300\" height=\"200\" class=\"alignnone size-medium wp-image-31152\" srcset=\"https:\/\/mersinkadingazetesi.com\/wp-content\/uploads\/2024\/03\/ALI_4062-300x200.jpg 300w, https:\/\/mersinkadingazetesi.com\/wp-content\/uploads\/2024\/03\/ALI_4062-1024x683.jpg 1024w, https:\/\/mersinkadingazetesi.com\/wp-content\/uploads\/2024\/03\/ALI_4062-768x512.jpg 768w, https:\/\/mersinkadingazetesi.com\/wp-content\/uploads\/2024\/03\/ALI_4062-1536x1024.jpg 1536w, https:\/\/mersinkadingazetesi.com\/wp-content\/uploads\/2024\/03\/ALI_4062-2048x1366.jpg 2048w\" sizes=\"(max-width: 300px) 100vw, 300px\" \/><\/p>\n<p>Kad\u0131n\u0131n toplumdaki konumunun g\u00fc\u00e7lendirilmesi, kad\u0131n eme\u011finin de\u011ferlendirilmesi ve ekonomik de\u011fere d\u00f6n\u00fc\u015ft\u00fcr\u00fclmesi; kad\u0131nlara sa\u011fl\u0131k, dan\u0131\u015fmanl\u0131k ve rehberlik hizmeti verilmesi ana ba\u015fl\u0131klar\u0131 alt\u0131nda bir\u00e7ok \u00f6nemli projeyi hayata ge\u00e7iren Mersin B\u00fcy\u00fck\u015fehir<br \/>\nBelediyesi, ikinci 5 y\u0131ll\u0131k d\u00f6nemde de bu projeleri art\u0131racak haz\u0131rl\u0131klar\u0131 yap\u0131yor.<\/p>\n<p>Mersin B\u00fcy\u00fck\u015fehir Belediye Ba\u015fkan\u0131 Vahap Se\u00e7er, kad\u0131n\u0131n eme\u011finden ve g\u00fcc\u00fcnden do\u011fan her \u015feyin daha anlaml\u0131 ve daha g\u00fczel oldu\u011funu kaydederek, \u201cKad\u0131n\u0131n yapamayaca\u011f\u0131 i\u015f yoktur. Kad\u0131n hayat\u0131n her alan\u0131nda kendini ispatlam\u0131\u015ft\u0131r. Biz de bu bilin\u00e7le hareket ederek, 5 y\u0131l boyunca kad\u0131nlar\u0131n emeklerini \u00f6n plana \u00e7\u0131karan ve bu emeklerini ekonomik de\u011fere d\u00f6n\u00fc\u015ft\u00fcrebilece\u011fi projeleri hayata ge\u00e7irmeye \u00f6zen g\u00f6sterdik\u201d dedi.   <\/p>\n<p>Se\u00e7er: \u201cBelediye\u2019de kad\u0131n istihdam\u0131n\u0131 y\u00fczde 18\u2019den y\u00fczde 24\u2019e \u00e7\u0131kard\u0131k\u201d<\/p>\n<p>G\u00f6revde olduklar\u0131 s\u00fcre\u00e7te kentin birle\u015ftirici g\u00fcc\u00fc olduklar\u0131n\u0131, her konuda e\u015fitlik\u00e7i olduklar\u0131n\u0131, ancak konu kad\u0131nlar olunca \u2018pozitif ayr\u0131mc\u0131\u2019 olduklar\u0131n\u0131 vurgulayan Se\u00e7er, \u201cBa\u015fta kad\u0131nlar, ya\u015fl\u0131lar, \u00f6zel \u00e7ocuklar,<br \/>\nyoksulumuz, garibimiz, ma\u011fdurumuz; bize ihtiyac\u0131 olanlar\u0131n yan\u0131nda, biz onlar\u0131n taraf\u0131nday\u0131z. \u00c7al\u0131\u015fma hayat\u0131nda da bunu g\u00f6steriyoruz. Belediyemizde 5 y\u0131l \u00f6nceki rakamlara bakt\u0131\u011f\u0131m\u0131z zaman, bug\u00fcn kad\u0131n \u00e7al\u0131\u015fan say\u0131s\u0131nda \u00f6nemli bir art\u0131\u015f oldu\u011funu g\u00f6r\u00fcyoruz. 5 y\u0131l i\u00e7inde belediyede kad\u0131n istihdam\u0131n\u0131 y\u00fczde 18\u2019den y\u00fczde 24\u2019e \u00e7\u0131kard\u0131k. \u00c7ok basit bir \u00f6rnek; 2019-2023 y\u0131llar\u0131 aras\u0131nda sadece kad\u0131n s\u00fcr\u00fcc\u00fc say\u0131m\u0131zda tam 5 kattan fazla bir art\u0131\u015f var. \u015eu anda toplam 895 \u015fof\u00f6r\u00fcm\u00fcz\u00fcn 170\u2019i kad\u0131n \u015fof\u00f6rlerden olu\u015fuyor. G\u00f6reve geldi\u011fimizde kad\u0131n \u015fof\u00f6r say\u0131s\u0131 30\u2019du. Bunun gibi bir\u00e7ok \u00f6rnek, di\u011fer birimlerimiz i\u00e7in de ge\u00e7erli. Belediye hizmetlerinde sadece temizlik g\u00f6revlisi veya \u015fof\u00f6rl\u00fck alan\u0131nda de\u011fil, alt kademedeki g\u00f6revlerden y\u00f6netici kadrosuna kadar t\u00fcm alanlarda kad\u0131n \u00e7al\u0131\u015fan say\u0131s\u0131n\u0131 art\u0131rd\u0131k ve daha da art\u0131rmay\u0131 hedefliyoruz\u201d dedi.<\/p>\n<p><img loading=\"lazy\" decoding=\"async\" src=\"http:\/\/mersinkadingazetesi.com\/wp-content\/uploads\/2024\/03\/GNCO0846-300x200.jpg\" alt=\"\" width=\"300\" height=\"200\" class=\"alignnone size-medium wp-image-31153\" srcset=\"https:\/\/mersinkadingazetesi.com\/wp-content\/uploads\/2024\/03\/GNCO0846-300x200.jpg 300w, https:\/\/mersinkadingazetesi.com\/wp-content\/uploads\/2024\/03\/GNCO0846-1024x683.jpg 1024w, https:\/\/mersinkadingazetesi.com\/wp-content\/uploads\/2024\/03\/GNCO0846-768x512.jpg 768w, https:\/\/mersinkadingazetesi.com\/wp-content\/uploads\/2024\/03\/GNCO0846-1536x1024.jpg 1536w, https:\/\/mersinkadingazetesi.com\/wp-content\/uploads\/2024\/03\/GNCO0846-2048x1366.jpg 2048w\" sizes=\"(max-width: 300px) 100vw, 300px\" \/><\/p>\n<p>\u201cKad\u0131n ve Aile Hizmetleri Dairesi\u2019ni, Mersin\u2019de ilk kuran belediyeyiz\u201d<\/p>\n<p>Kad\u0131nlar\u0131n ya\u015fad\u0131klar\u0131 sorunlara \u00e7\u00f6z\u00fcm \u00fcretmek, g\u00fcnl\u00fck hayatta kar\u015f\u0131la\u015ft\u0131klar\u0131 zorluklar\u0131 gidermek ve bu sorunlar\u0131 ortadan kald\u0131racak hizmet ve projeleri hayata ge\u00e7irmek i\u00e7in Kad\u0131n ve Aile Hizmetleri Daire Ba\u015fkanl\u0131\u011f\u0131\u2019n\u0131 kurduklar\u0131n\u0131 ifade eden Se\u00e7er, \u201cKad\u0131n ve Aile Hizmetleri Dairesi Ba\u015fkanl\u0131\u011f\u0131\u2019n\u0131, Mersin\u2019de ilk olarak biz kurduk. Bu dairemiz, kad\u0131nlar\u0131 ilgilendiren her konuda \u00e7al\u0131\u015fmalar yapmakta ve projeler \u00fcretmektedir. MERCEK Meslek Edindirme ve E\u011fitim Merkezleri\u2019nde marangozluktan in\u015faat boyac\u0131l\u0131\u011f\u0131na, al\u00e7\u0131-s\u0131va ustal\u0131\u011f\u0131ndan kaynak\u00e7\u0131l\u0131\u011fa, mobilya imalat ve montaj\u0131ndan giyim \u00fcretim teknolojilerine kadar bir\u00e7ok alanda verdi\u011fimiz kurslarda, kad\u0131nlara \u00f6ncelik tan\u0131yoruz.\u201d diye konu\u015ftu. <\/p>\n<p>\u201cKad\u0131nlara \u00fcretimin her a\u015famas\u0131nda destek oluyoruz\u201d<\/p>\n<p>Kad\u0131nlar\u0131n, imkan verildi\u011finde \u00e7al\u0131\u015fmak ve<br \/>\n\u00fcretmek istediklerini kaydeden Se\u00e7er, \u201cB\u00fcy\u00fck\u015fehir Belediyesi olarak \u00fcretici kad\u0131nlara her t\u00fcrl\u00fc deste\u011fi vererek, el eme\u011fi g\u00f6z nuru \u00fcr\u00fcnlerinin ekonomik de\u011fere d\u00f6n\u00fc\u015fmesinde \u00f6nc\u00fcl\u00fck ediyoruz. Belli zamanlarda kurulan stantlarda, \u00fcretici kad\u0131nlar\u0131 t\u00fcketiciyle bulu\u015fturuyor ve pazarda daha kolay yer almalar\u0131n\u0131 sa\u011fl\u0131yoruz. Kad\u0131n ve Aile Hizmetleri Dairesi\u2019nin \u00f6nc\u00fcl\u00fc\u011f\u00fcnde kad\u0131n at\u00f6lyesi, \u00e7ocuk at\u00f6lyesi, kre\u015fler a\u00e7t\u0131k. Evimiz At\u00f6lye Projesi sayesinde kad\u0131nlar\u0131n \u00f6zg\u00fcveni artt\u0131 ve sosyalle\u015ftiler. \u0130kinci d\u00f6nemde de bu projelere \u2018K\u00f6y\u00fcm\u00fcz At\u00f6lye\u2019 projesini de ekleyecek ve k\u00fc\u00e7\u00fck aile i\u015fletmeleri ile kad\u0131nlar\u0131n \u00fcretimine destek olaca\u011f\u0131z\u201d diye konu\u015ftu. <\/p>\n<p><img loading=\"lazy\" decoding=\"async\" src=\"http:\/\/mersinkadingazetesi.com\/wp-content\/uploads\/2024\/03\/GNCO2467-300x200.jpg\" alt=\"\" width=\"300\" height=\"200\" class=\"alignnone size-medium wp-image-31154\" srcset=\"https:\/\/mersinkadingazetesi.com\/wp-content\/uploads\/2024\/03\/GNCO2467-300x200.jpg 300w, https:\/\/mersinkadingazetesi.com\/wp-content\/uploads\/2024\/03\/GNCO2467-1024x683.jpg 1024w, https:\/\/mersinkadingazetesi.com\/wp-content\/uploads\/2024\/03\/GNCO2467-768x512.jpg 768w, https:\/\/mersinkadingazetesi.com\/wp-content\/uploads\/2024\/03\/GNCO2467-1536x1024.jpg 1536w, https:\/\/mersinkadingazetesi.com\/wp-content\/uploads\/2024\/03\/GNCO2467-2048x1365.jpg 2048w\" sizes=\"(max-width: 300px) 100vw, 300px\" \/><\/p>\n<p>\u201cB\u00fcy\u00fck\u015fehir Belediyesi\u2019nin<br \/>\nsosyal politikalar\u0131n\u0131n b\u00fcy\u00fck k\u0131sm\u0131 kad\u0131n odakl\u0131\u201d<\/p>\n<p>Mersin B\u00fcy\u00fck\u015fehir Belediyesi\u2019nin sosyal politikalar\u0131n\u0131n b\u00fcy\u00fck k\u0131sm\u0131n\u0131n kad\u0131n odakl\u0131 oldu\u011funu dile getiren Se\u00e7er, \u201cBunlar\u0131n aras\u0131nda Kad\u0131n Konuk Evi, Kad\u0131n Sa\u011fl\u0131\u011f\u0131 ve Dan\u0131\u015fma Merkezi, Hamile Bak\u0131m S\u00fct\u00fc, \u00dcretici Kad\u0131n Stantlar\u0131, Okuma Yazma Kurslar\u0131, El Bebek G\u00fcl Bebek Destekleri, Etkinlik ve Sanat Merkezi, Meslek Edindirme Kurslar\u0131, Toplumsal Cinsiyet E\u015fitli\u011fi \u00e7al\u0131\u015fmalar\u0131, Kad\u0131n ve \u00c7ocuk At\u00f6lyeleri gibi hizmetler say\u0131labilir\u201d dedi. \u2018Hadi Gel K\u00f6y\u00fcm\u00fcze Destek Verelim\u2019 projesinde de \u00f6zellikle kad\u0131nlara a\u011f\u0131rl\u0131k verdiklerini belirten Se\u00e7er, \u201c121\u2019i kad\u0131n 240 aileye i\u015fletme kurduk. Her aileye 25 hayvan verdik. 7 bin 500 k\u00fc\u00e7\u00fckba\u015f hayvandan bahsediyoruz. Bu t\u00fcr projeler hep kad\u0131n odakl\u0131. Kad\u0131nlar ekonomik hayata kat\u0131ls\u0131n istiyoruz\u201d diye konu\u015ftu.<\/p>\n<p>\u201cMersin\u2019de Yerel E\u015fitlik Eylem Plan\u0131\u2019n\u0131 hayata ge\u00e7irdik\u201d<\/p>\n<p>Mersin\u2019de \u2018Yerel E\u015fitlik Eylem Plan\u0131\u2019n\u0131 da hayata ge\u00e7irdiklerini s\u00f6zlerine ekleyen Se\u00e7er, \u201cBelediyemizin \u00f6nc\u00fcl\u00fc\u011f\u00fcnde \u2018Yerel E\u015fitlik Eylem Plan\u0131\u2019 \u00e7al\u0131\u015fmalar\u0131n\u0131, STK\u2019larla i\u015f birli\u011fi yaparak tamamlad\u0131k. Her alanda kad\u0131nlar\u0131n yan\u0131nday\u0131z. \u00c7al\u0131\u015fma hayat\u0131nda, aile hayat\u0131nda, \u00e7ocuklarla sorunlar\u0131nda, hukuki problemlerinde kad\u0131nlar\u0131n yan\u0131nda olmaya devam edece\u011fiz\u201d dedi.<\/p>\n<p><img loading=\"lazy\" decoding=\"async\" src=\"http:\/\/mersinkadingazetesi.com\/wp-content\/uploads\/2024\/03\/Vahap-Sec\u0327er-87-300x200.jpg\" alt=\"\" width=\"300\" height=\"200\" class=\"alignnone size-medium wp-image-31155\" srcset=\"https:\/\/mersinkadingazetesi.com\/wp-content\/uploads\/2024\/03\/Vahap-Sec\u0327er-87-300x200.jpg 300w, https:\/\/mersinkadingazetesi.com\/wp-content\/uploads\/2024\/03\/Vahap-Sec\u0327er-87-1024x683.jpg 1024w, https:\/\/mersinkadingazetesi.com\/wp-content\/uploads\/2024\/03\/Vahap-Sec\u0327er-87-768x512.jpg 768w, https:\/\/mersinkadingazetesi.com\/wp-content\/uploads\/2024\/03\/Vahap-Sec\u0327er-87-1536x1024.jpg 1536w, https:\/\/mersinkadingazetesi.com\/wp-content\/uploads\/2024\/03\/Vahap-Sec\u0327er-87-2048x1365.jpg 2048w\" sizes=\"(max-width: 300px) 100vw, 300px\" \/><\/p>\n","protected":false},"excerpt":{"rendered":"<p>Kad\u0131n\u0131n toplumdaki konumunun g\u00fc\u00e7lendirilmesi, kad\u0131n eme\u011finin de\u011ferlendirilmesi ve ekonomik de\u011fere d\u00f6n\u00fc\u015ft\u00fcr\u00fclmesi; kad\u0131nlara sa\u011fl\u0131k, dan\u0131\u015fmanl\u0131k ve rehberlik hizmeti verilmesi ana ba\u015fl\u0131klar\u0131 alt\u0131nda bir\u00e7ok \u00f6nemli projeyi hayata ge\u00e7iren Mersin B\u00fcy\u00fck\u015fehir Belediyesi, ikinci 5 y\u0131ll\u0131k d\u00f6nemde de bu projeleri art\u0131racak haz\u0131rl\u0131klar\u0131 yap\u0131yor. Mersin B\u00fcy\u00fck\u015fehir Belediye Ba\u015fkan\u0131 Vahap Se\u00e7er, kad\u0131n\u0131n eme\u011finden ve g\u00fcc\u00fcnden do\u011fan her \u015feyin daha anlaml\u0131 ve [&hellip;]<\/p>\n","protected":false},"author":2,"featured_media":31151,"comment_status":"open","ping_status":"open","sticky":false,"template":"","format":"standard","meta":{"footnotes":""},"categories":[2,3,5,9],"tags":[],"class_list":["post-31150","post","type-post","status-publish","format-standard","has-post-thumbnail","hentry","category-gundem","category-manset","category-mersin","category-saglik"],"views":2,"_links":{"self":[{"href":"https:\/\/mersinkadingazetesi.com\/index.php?rest_route=\/wp\/v2\/posts\/31150"}],"collection":[{"href":"https:\/\/mersinkadingazetesi.com\/index.php?rest_route=\/wp\/v2\/posts"}],"about":[{"href":"https:\/\/mersinkadingazetesi.com\/index.php?rest_route=\/wp\/v2\/types\/post"}],"author":[{"embeddable":true,"href":"https:\/\/mersinkadingazetesi.com\/index.php?rest_route=\/wp\/v2\/users\/2"}],"replies":[{"embeddable":true,"href":"https:\/\/mersinkadingazetesi.com\/index.php?rest_route=%2Fwp%2Fv2%2Fcomments&post=31150"}],"version-history":[{"count":0,"href":"https:\/\/mersinkadingazetesi.com\/index.php?rest_route=\/wp\/v2\/posts\/31150\/revisions"}],"wp:featuredmedia":[{"embeddable":true,"href":"https:\/\/mersinkadingazetesi.com\/index.php?rest_route=\/wp\/v2\/media\/31151"}],"wp:attachment":[{"href":"https:\/\/mersinkadingazetesi.com\/index.php?rest_route=%2Fwp%2Fv2%2Fmedia&parent=31150"}],"wp:term":[{"taxonomy":"category","embeddable":true,"href":"https:\/\/mersinkadingazetesi.com\/index.php?rest_route=%2Fwp%2Fv2%2Fcategories&post=31150"},{"taxonomy":"post_tag","embeddable":true,"href":"https:\/\/mersinkadingazetesi.com\/index.php?rest_route=%2Fwp%2Fv2%2Ftags&post=31150"}],"curies":[{"name":"wp","href":"https:\/\/api.w.org\/{rel}","templated":true}]}}