{"id":31157,"date":"2024-03-07T09:45:11","date_gmt":"2024-03-07T06:45:11","guid":{"rendered":"http:\/\/mersinkadingazetesi.com\/?p=31157"},"modified":"2024-03-07T09:47:15","modified_gmt":"2024-03-07T06:47:15","slug":"baskan-yilmaz-kadinlarimiz-guclu-turkiyenin-en-temel-guvencesidir","status":"publish","type":"post","link":"https:\/\/mersinkadingazetesi.com\/?p=31157","title":{"rendered":"BA\u015eKAN YILMAZ: \u2018KADINLARIMIZ G\u00dc\u00c7L\u00dc T\u00dcRK\u0130YE\u2019N\u0130N EN TEMEL G\u00dcVENCES\u0130D\u0130R\u2019"},"content":{"rendered":"\n<figure class=\"wp-block-image size-large is-resized\"><img loading=\"lazy\" decoding=\"async\" src=\"http:\/\/mersinkadingazetesi.com\/wp-content\/uploads\/2024\/03\/foto-15-1024x683.jpg\" alt=\"\" class=\"wp-image-31162\" width=\"580\" height=\"386\" srcset=\"https:\/\/mersinkadingazetesi.com\/wp-content\/uploads\/2024\/03\/foto-15-1024x683.jpg 1024w, https:\/\/mersinkadingazetesi.com\/wp-content\/uploads\/2024\/03\/foto-15-300x200.jpg 300w, https:\/\/mersinkadingazetesi.com\/wp-content\/uploads\/2024\/03\/foto-15-768x512.jpg 768w, https:\/\/mersinkadingazetesi.com\/wp-content\/uploads\/2024\/03\/foto-15-1536x1024.jpg 1536w, https:\/\/mersinkadingazetesi.com\/wp-content\/uploads\/2024\/03\/foto-15-2048x1365.jpg 2048w\" sizes=\"(max-width: 580px) 100vw, 580px\" \/><\/figure>\n\n\n<p>Toroslar Belediye Ba\u015fkan\u0131 Ats\u0131z Af\u015f\u0131n Y\u0131lmaz, t\u00fcm kad\u0131nlar\u0131n 8 Mart D\u00fcnya Kad\u0131nlar G\u00fcn\u00fc&#8217;n\u00fc kutlayarak, sa\u011fl\u0131k ve mutluluk dolu bir gelecek diledi.<\/p>\n<p><img loading=\"lazy\" decoding=\"async\" class=\"alignnone  wp-image-31161\" src=\"http:\/\/mersinkadingazetesi.com\/wp-content\/uploads\/2024\/03\/foto-13-300x200.jpg\" alt=\"\" width=\"431\" height=\"287\" srcset=\"https:\/\/mersinkadingazetesi.com\/wp-content\/uploads\/2024\/03\/foto-13-300x200.jpg 300w, https:\/\/mersinkadingazetesi.com\/wp-content\/uploads\/2024\/03\/foto-13-1024x683.jpg 1024w, https:\/\/mersinkadingazetesi.com\/wp-content\/uploads\/2024\/03\/foto-13-768x512.jpg 768w, https:\/\/mersinkadingazetesi.com\/wp-content\/uploads\/2024\/03\/foto-13-1536x1024.jpg 1536w, https:\/\/mersinkadingazetesi.com\/wp-content\/uploads\/2024\/03\/foto-13-2048x1365.jpg 2048w\" sizes=\"(max-width: 431px) 100vw, 431px\" \/><\/p>\n<p>\u00a0<\/p>\n<p>G\u00f6reve geldikleri g\u00fcnden bu yana \u201cKad\u0131nlar i\u00e7in daha ya\u015fan\u0131labilir bir Toroslar\u201d hedefiyle \u00e7al\u0131\u015fmalar\u0131n\u0131 s\u00fcrd\u00fcrd\u00fcklerini belirten Ba\u015fkan Y\u0131lmaz; \u201cKad\u0131nlar\u0131m\u0131z hak etti\u011fi toplumsal mevkii almal\u0131, siyasetten ticarete, ekonomiden sanata, e\u011fitimden spora lay\u0131k oldu\u011fu mertebelere y\u00fckselmeli, yaln\u0131zca \u015fiddet konu\u015fulurken hat\u0131rlanmamal\u0131, yaln\u0131zca 8 Mart\u2019a s\u0131k\u0131\u015ft\u0131r\u0131lmamal\u0131d\u0131r. Bu sorumluluk hepimizin omuzlar\u0131ndad\u0131r. Unutmay\u0131n\u0131z ki, kad\u0131nlar kadar g\u00fc\u00e7l\u00fcy\u00fcz, kad\u0131nlar kadar insan\u0131z, kad\u0131nlar kadar medeniyiz\u201d dedi.<br \/>Ba\u015fkan Y\u0131lmaz, kad\u0131n haklar\u0131n\u0131n korunmas\u0131, kad\u0131na kar\u015f\u0131 \u015fiddetin \u00f6nlenmesi ve istihdam\u0131 konusunda olu\u015fturduklar\u0131 vizyon projeler ve sunduklar\u0131 hizmetlerle kad\u0131nlar\u0131n i\u015f ve \u00fcretim hayat\u0131nda daha etkin olmalar\u0131 i\u00e7in \u00e7aba g\u00f6sterdiklerini de kaydederek; \u201cKentimize, \u00fclkemize hizmetleriyle de\u011fer katan, \u00f6rnek olacak ba\u015far\u0131lara imza atan, gen\u00e7 nesillere rol model olan, \u00fcretken ve \u00f6zg\u00fcveni y\u00fcksek kad\u0131nlar\u0131m\u0131z g\u00fc\u00e7l\u00fc T\u00fcrkiye\u2019nin en temel g\u00fcvencesidir. Kad\u0131nlara yap\u0131lan yat\u0131r\u0131m\u0131n gelece\u011fe yap\u0131lan yat\u0131r\u0131m oldu\u011funu d\u00fc\u015f\u00fcn\u00fcyoruz. \u00c7al\u0131\u015fmalar\u0131m\u0131zla, projelerimizle kad\u0131nlar\u0131n her zaman yan\u0131nda olduk, olmaya devam ediyoruz. \u00c7al\u0131\u015fan, \u00fcreten hem aile hem \u00fclke ekonomisine katk\u0131da bulunan t\u00fcm kad\u0131nlar\u0131 y\u00fcrekten kutluyorum\u201d diye konu\u015ftu.<\/p>\n<p>\u201cKADIN-ERKEK E\u015e\u0130TL\u0130K \u015eARTI&#8217;NI \u0130MZALAYAN \u0130LK BELED\u0130YEY\u0130Z\u201d<\/p>\n<p>Avrupa Belediyeler ve B\u00f6lgeler Konseyi (CEMR) taraf\u0131ndan haz\u0131rlanan Avrupa Yerel Ya\u015famda<br \/>Kad\u0131n-Erkek E\u015fitlik \u015eart\u0131&#8217;n\u0131 imzalayan ilk belediye olduklar\u0131n\u0131 da hat\u0131rlatan Ba\u015fkan Y\u0131lmaz, \u015fiddetin \u00f6nlenmesi ve gerekli tedbirlerin al\u0131nmas\u0131 konusunda \u00f6nemli \u00e7al\u0131\u015fmalar yapt\u0131klar\u0131n\u0131 dile getirdi.<\/p>\n<p>\u00a0<\/p>\n<p><img loading=\"lazy\" decoding=\"async\" class=\"alignnone  wp-image-31160\" src=\"http:\/\/mersinkadingazetesi.com\/wp-content\/uploads\/2024\/03\/foto-11-300x154.jpg\" alt=\"\" width=\"485\" height=\"249\" srcset=\"https:\/\/mersinkadingazetesi.com\/wp-content\/uploads\/2024\/03\/foto-11-300x154.jpg 300w, https:\/\/mersinkadingazetesi.com\/wp-content\/uploads\/2024\/03\/foto-11-1024x526.jpg 1024w, https:\/\/mersinkadingazetesi.com\/wp-content\/uploads\/2024\/03\/foto-11-768x395.jpg 768w, https:\/\/mersinkadingazetesi.com\/wp-content\/uploads\/2024\/03\/foto-11-1536x789.jpg 1536w, https:\/\/mersinkadingazetesi.com\/wp-content\/uploads\/2024\/03\/foto-11-2048x1052.jpg 2048w\" sizes=\"(max-width: 485px) 100vw, 485px\" \/><\/p>\n<p>\u201cTOROSLAR KADIN VE \u00c7OCUK DANI\u015eMA MERKEZ\u0130 \u0130LE 121 B\u0130N 514 VATANDA\u015eIMIZIN YANINDA OLDUK\u201d<\/p>\n<p>Toplum yap\u0131s\u0131n\u0131 ve aile kavram\u0131n\u0131 g\u00fc\u00e7lendirmek ad\u0131na hayata ge\u00e7irdikleri Toroslar Kad\u0131n ve \u00c7o\u00e7uk Dan\u0131\u015fma Merkezi ile bug\u00fcne kadar 121 bin 514 vatanda\u015fa destek verdiklerini s\u00f6yleyen Ba\u015fkan Y\u0131lmaz; \u201cAlan\u0131nda uzman psikologlar, oyun terapistleri ve \u00e7ocuk geli\u015fim uzmanlar\u0131n\u0131n g\u00f6rev ald\u0131\u011f\u0131 merkezde, kad\u0131nlara psikolojik, sosyal ve hukuksal dan\u0131\u015fmanl\u0131k hizmeti veriliyor. \u00c7ocuklar\u0131n ya\u015fad\u0131klar\u0131 duygusal, geli\u015fimsel ve davran\u0131\u015fsal sorunlar\u0131n \u00fcstesinden gelmeleri, geli\u015fimlerinin sa\u011fl\u0131kl\u0131 bir \u015fekilde desteklenmesi i\u00e7in farkl\u0131 alanlarda at\u00f6lye \u00e7al\u0131\u015fmalar\u0131 da yap\u0131l\u0131yor.Y\u00fcz y\u00fcze g\u00f6r\u00fc\u015fmenin yan\u0131 s\u0131ra merkeze gelemeyen vatanda\u015flar i\u00e7in g\u00f6r\u00fcnt\u00fcl\u00fc aramalar ile online terapiler de ger\u00e7ekle\u015ftiriliyor. Belirli g\u00fcn ve haftalarda b\u00f6lgenin ihtiya\u00e7lar\u0131na uygun e\u011fitimler, seminerler, at\u00f6lyeler ve etkinlikler hayata ge\u00e7irilirken bu kapsamda; Kad\u0131na Y\u00f6nelik \u015eiddete Kar\u015f\u0131 M\u00fccadele E\u011fitimi, G\u00fcven ve D\u00f6n\u00fc\u015f\u00fcm Projesi Ba\u011f\u0131ml\u0131l\u0131k ve Fark\u0131ndal\u0131k E\u011fitimi, ev ve esnaf ziyaretleri, \u015fehit ailesi ziyaretleri, yayla sohbetleri, mahalle muhtar ziyaretleri, \u00e7ocuk ve aile aras\u0131 ileti\u015fim seminerleri, \u00e7ocuk \u015fenlikleri, kad\u0131nlara y\u00f6nelik paneller, deprem s\u00fcreci psikolojik ilk yard\u0131m deste\u011fi, Atat\u00fcrk ve Masal evi ziyaretleri, Kuvayi Milliye Karargah\u0131 ve m\u00fcze ziyaretleri, Denver II Geli\u015fim testi, sinema etkinlikleri, bireysel terapi ve oyun terapisi \u00e7al\u0131\u015fmalar\u0131 yap\u0131ld\u0131\u201d \u015feklinde konu\u015ftu.<\/p>\n<p>TORTEK \u0130LE 8 B\u0130N 956 K\u0130\u015e\u0130YE MESLEK\u0130 E\u011e\u0130T\u0130M VERD\u0130K, \u0130ST\u0130HDAMA KATKIDA<br \/>BULUNDUK\u201d<\/p>\n<p>Toroslar Belediyesinin Teknik ve Mesleki E\u011fitim Kurslar\u0131 (TORTEK), e\u011fitim a\u011f\u0131n\u0131 g\u00fcnden g\u00fcne b\u00fcy\u00fct\u00fcyor.<br \/>56 farkl\u0131 bran\u015fta verilen \u00fccretsiz sanat ve mesleki e\u011fitimlerden bug\u00fcne kadar 8 bin 956 ki\u015fi yararland\u0131. TORTEK; sergiler, seminerler ve at\u00f6lye \u00e7al\u0131\u015fmalar\u0131 gibi bir\u00e7ok faaliyetiyle de vatanda\u015flar\u0131n hayat\u0131na renk kat\u0131yor.<\/p>\n<p>Toroslar Belediye Ba\u015fkan\u0131 Ats\u0131z Af\u015f\u0131n Y\u0131lmaz, mesleki e\u011fitim kurslar\u0131 ile istihdama ve i\u015f g\u00fcc\u00fcne katk\u0131 sa\u011flaman\u0131n mutlulu\u011funu ya\u015fad\u0131klar\u0131n\u0131 belirterek; \u201cHayat Boyu \u00d6\u011frenme ve \u00c7evik Belediyecilik anlay\u0131\u015f\u0131yla ger\u00e7ekle\u015ftirdi\u011fimiz meslek edindirme kurslar\u0131m\u0131zla \u00f6zellikle kad\u0131nlara yeni i\u015f kap\u0131lar\u0131 a\u00e7\u0131yor, ev ekonomilerine katk\u0131da bulunmalar\u0131na destek veriyoruz. TORTEK ile vatanda\u015flar\u0131m\u0131za ba\u015far\u0131l\u0131 bir meslek yolu haz\u0131rlad\u0131\u011f\u0131m\u0131z gibi ekonomiye de vas\u0131fl\u0131 eleman yeti\u015ftirmek i\u00e7in \u00f6nemli bir misyonu \u00fcstlendik. \u0130stihdam\u0131 te\u015fvik eden \u00e7al\u0131\u015fmalar\u0131m\u0131z\u0131n yan\u0131 s\u0131ra \u00fcretime katk\u0131 sunan kad\u0131nlar\u0131n desteklenmesini de \u00e7ok \u00f6nemsiyoruz\u201d ifadelerini kulland\u0131.<\/p>\n<p>\u201cHEDEF, B\u0130L\u0130N\u00c7L\u0130 B\u0130REY, SA\u011eLIKLI A\u0130LE,<br \/>G\u00dc\u00c7L\u00dc TOPLUM\u201d<\/p>\n<p>Ba\u015fkan Y\u0131lmaz; \u201cHep s\u00f6yledi\u011fimiz gibi bir evde bulunan her bir ferdin derdi bizleri ilgilendiriyor. Kad\u0131nlar\u0131m\u0131z\u0131n, \u00e7ocuklar\u0131m\u0131z\u0131n, gen\u00e7lerimizin, engellilerimizin, ya\u015fl\u0131lar\u0131m\u0131z\u0131n k\u0131saca toplumun her kesiminin yan\u0131nda olmaya gayret g\u00f6sterdik. Kad\u0131n ne kadar g\u00fc\u00e7l\u00fc olursa, aile ne kadar g\u00fc\u00e7l\u00fc olursa toplum da o kadar g\u00fc\u00e7l\u00fc olur. Toroslar\u2019da herkesin mutlu oldu\u011fu, ya\u015famaktan zevk ald\u0131\u011f\u0131 bir il\u00e7e hedefiyle \u00e7al\u0131\u015fmalar\u0131m\u0131z\u0131 s\u00fcrd\u00fcrd\u00fck. Bu duygu ve d\u00fc\u015f\u00fcncelerle; ba\u015fta \u015fehit anneleri ve e\u015fleri olmak \u00fczere her zaman yan\u0131m\u0131zda olan t\u00fcm fedakar kad\u0131nlar\u0131n ve att\u0131\u011f\u0131m her ad\u0131mda en b\u00fcy\u00fck destek\u00e7im olan e\u015fimin 8 Mart D\u00fcnya Kad\u0131nlar G\u00fcn\u00fc\u2019n\u00fc kutluyorum\u201d diye konu\u015ftu.<\/p>\n\n\n<figure class=\"wp-block-image size-large\"><img loading=\"lazy\" decoding=\"async\" width=\"1024\" height=\"905\" src=\"http:\/\/mersinkadingazetesi.com\/wp-content\/uploads\/2024\/03\/foto-7-1024x905.jpg\" alt=\"\" class=\"wp-image-31159\" srcset=\"https:\/\/mersinkadingazetesi.com\/wp-content\/uploads\/2024\/03\/foto-7-1024x905.jpg 1024w, https:\/\/mersinkadingazetesi.com\/wp-content\/uploads\/2024\/03\/foto-7-300x265.jpg 300w, https:\/\/mersinkadingazetesi.com\/wp-content\/uploads\/2024\/03\/foto-7-768x679.jpg 768w, https:\/\/mersinkadingazetesi.com\/wp-content\/uploads\/2024\/03\/foto-7-1536x1357.jpg 1536w, https:\/\/mersinkadingazetesi.com\/wp-content\/uploads\/2024\/03\/foto-7-2048x1809.jpg 2048w\" sizes=\"(max-width: 1024px) 100vw, 1024px\" \/><\/figure>\n","protected":false},"excerpt":{"rendered":"<p>Toroslar Belediye Ba\u015fkan\u0131 Ats\u0131z Af\u015f\u0131n Y\u0131lmaz, t\u00fcm kad\u0131nlar\u0131n 8 Mart D\u00fcnya Kad\u0131nlar G\u00fcn\u00fc&#8217;n\u00fc kutlayarak, sa\u011fl\u0131k ve mutluluk dolu bir gelecek diledi. \u00a0 G\u00f6reve geldikleri g\u00fcnden bu yana \u201cKad\u0131nlar i\u00e7in daha ya\u015fan\u0131labilir bir Toroslar\u201d hedefiyle \u00e7al\u0131\u015fmalar\u0131n\u0131 s\u00fcrd\u00fcrd\u00fcklerini belirten Ba\u015fkan Y\u0131lmaz; \u201cKad\u0131nlar\u0131m\u0131z hak etti\u011fi toplumsal mevkii almal\u0131, siyasetten ticarete, ekonomiden sanata, e\u011fitimden spora lay\u0131k oldu\u011fu mertebelere y\u00fckselmeli, [&hellip;]<\/p>\n","protected":false},"author":2,"featured_media":31158,"comment_status":"open","ping_status":"open","sticky":false,"template":"","format":"standard","meta":{"footnotes":""},"categories":[1,2,3,5],"tags":[],"class_list":["post-31157","post","type-post","status-publish","format-standard","has-post-thumbnail","hentry","category-genel","category-gundem","category-manset","category-mersin"],"views":2,"_links":{"self":[{"href":"https:\/\/mersinkadingazetesi.com\/index.php?rest_route=\/wp\/v2\/posts\/31157"}],"collection":[{"href":"https:\/\/mersinkadingazetesi.com\/index.php?rest_route=\/wp\/v2\/posts"}],"about":[{"href":"https:\/\/mersinkadingazetesi.com\/index.php?rest_route=\/wp\/v2\/types\/post"}],"author":[{"embeddable":true,"href":"https:\/\/mersinkadingazetesi.com\/index.php?rest_route=\/wp\/v2\/users\/2"}],"replies":[{"embeddable":true,"href":"https:\/\/mersinkadingazetesi.com\/index.php?rest_route=%2Fwp%2Fv2%2Fcomments&post=31157"}],"version-history":[{"count":0,"href":"https:\/\/mersinkadingazetesi.com\/index.php?rest_route=\/wp\/v2\/posts\/31157\/revisions"}],"wp:featuredmedia":[{"embeddable":true,"href":"https:\/\/mersinkadingazetesi.com\/index.php?rest_route=\/wp\/v2\/media\/31158"}],"wp:attachment":[{"href":"https:\/\/mersinkadingazetesi.com\/index.php?rest_route=%2Fwp%2Fv2%2Fmedia&parent=31157"}],"wp:term":[{"taxonomy":"category","embeddable":true,"href":"https:\/\/mersinkadingazetesi.com\/index.php?rest_route=%2Fwp%2Fv2%2Fcategories&post=31157"},{"taxonomy":"post_tag","embeddable":true,"href":"https:\/\/mersinkadingazetesi.com\/index.php?rest_route=%2Fwp%2Fv2%2Ftags&post=31157"}],"curies":[{"name":"wp","href":"https:\/\/api.w.org\/{rel}","templated":true}]}}