{"id":31165,"date":"2024-03-07T09:48:45","date_gmt":"2024-03-07T06:48:45","guid":{"rendered":"http:\/\/mersinkadingazetesi.com\/?p=31165"},"modified":"2024-03-07T09:52:19","modified_gmt":"2024-03-07T06:52:19","slug":"o-kadar-onemli-rol-ustlenirler","status":"publish","type":"post","link":"https:\/\/mersinkadingazetesi.com\/?p=31165","title":{"rendered":"\u2018KADINLARA NE KADAR FIRSAT SUNARSAK KALKINMADA O KADAR \u00d6NEML\u0130 ROL \u00dcSTLEN\u0130RLER\u2019"},"content":{"rendered":"<p>Cumhur \u0130ttifak\u0131 Mersin B\u00fcy\u00fck\u015fehir Belediye Ba\u015fkan Aday\u0131 Serdar Soydan, 8 Mart D\u00fcnya Kad\u0131nlar G\u00fcn\u00fc dolay\u0131s\u0131yla yapt\u0131\u011f\u0131 a\u00e7\u0131klamada, \u201cKad\u0131nlar ya\u015fam\u0131n her alan\u0131nda yer almalar\u0131, e\u015fit haklara sahip olmalar\u0131 ad\u0131na ne kadar f\u0131rsat sunarsak o kadar g\u00fc\u00e7lenirler ve ba\u015fta kentimiz olmak \u00fczere \u00fclkemizin de kalk\u0131nmas\u0131nda \u00f6nemli rol \u00fcstlenirler\u201d diye konu\u015ftu.<\/p>\n<p>Cumhur \u0130ttifak\u0131 Mersin B\u00fcy\u00fck\u015fehir Belediye Ba\u015fkan Aday\u0131 Serdar Soydan a\u00e7\u0131klamas\u0131nda, \u201cKad\u0131nlar toplumumuzun en temel yap\u0131 ta\u015f\u0131 olup, bizlerin geli\u015fmesinde, gelecek ku\u015faklar\u0131n yeti\u015fmesinde ve \u00fclkemizin kalk\u0131nmas\u0131nda \u00e7ok \u00f6nemli bir role sahiptir. Tarihsel s\u00fcrecimizde kusursuz fedakarl\u0131k, cephelerde kahramanl\u0131klar\u0131yla destan yazm\u0131\u015flard\u0131r.<br \/>\nCumhuriyetimizin kurucusu Gazi Mustafa Kemal Atat\u00fcrk, T\u00fcrk kad\u0131n\u0131na b\u00fcy\u00fck de\u011fer vermi\u015f, gerek siyasal gerekse toplumsal hayatta bir\u00e7ok \u00fclkenin kad\u0131n\u0131ndan daha \u00f6nce s\u00f6z sahibi olmas\u0131n\u0131 sa\u011flam\u0131\u015ft\u0131r\u201d dedi.<\/p>\n<p>\u201cKADINLARIN TOPLUMDAK\u0130 YER\u0130N\u0130 SA\u011eLAMLA\u015eTIRMA \u00c7ALI\u015eMALARI<br \/>\nYAPIYORUZ\u201d<\/p>\n<p><img loading=\"lazy\" decoding=\"async\" src=\"http:\/\/mersinkadingazetesi.com\/wp-content\/uploads\/2024\/03\/PHOTO-2024-03-06-16-31-23-300x200.jpg\" alt=\"\" class=\"alignnone size-medium wp-image-31167\" height=\"200\" width=\"300\" srcset=\"https:\/\/mersinkadingazetesi.com\/wp-content\/uploads\/2024\/03\/PHOTO-2024-03-06-16-31-23-300x200.jpg 300w, https:\/\/mersinkadingazetesi.com\/wp-content\/uploads\/2024\/03\/PHOTO-2024-03-06-16-31-23-1024x683.jpg 1024w, https:\/\/mersinkadingazetesi.com\/wp-content\/uploads\/2024\/03\/PHOTO-2024-03-06-16-31-23-768x512.jpg 768w, https:\/\/mersinkadingazetesi.com\/wp-content\/uploads\/2024\/03\/PHOTO-2024-03-06-16-31-23-1536x1024.jpg 1536w, https:\/\/mersinkadingazetesi.com\/wp-content\/uploads\/2024\/03\/PHOTO-2024-03-06-16-31-23.jpg 1600w\" sizes=\"(max-width: 300px) 100vw, 300px\" \/><\/p>\n<p>Serdar Soydan, \u201cYerel y\u00f6netimler olarak bizler de kad\u0131nlar i\u00e7in k\u00fclt\u00fcrel, sanatsal, ekonomik alanda yer almalar\u0131, e\u015fit haklara sahip olmalar\u0131 ad\u0131na ne kadar f\u0131rsat sunarsak o kadar g\u00fc\u00e7lenirler ve ba\u015fta kentimiz olmak \u00fczere \u00fclkemizin de kalk\u0131nmas\u0131nda \u00f6nemli rol \u00fcstlenirler. Bu ba\u011flamda biz de kad\u0131nlar\u0131n toplumdaki yerini sa\u011flamla\u015ft\u0131rmak ad\u0131na \u00e7e\u015fitli \u00e7al\u0131\u015fmalar yap\u0131yoruz. Kad\u0131n sa\u011fl\u0131\u011f\u0131 spor merkezi, anneli\u011fe ilk ad\u0131m dan\u0131\u015fma merkezi, giri\u015fimcilik hususunda melek yat\u0131r\u0131mc\u0131 proje destek merkezi gibi bir\u00e7ok proje ile kad\u0131nlara her alanda destek sunaca\u011f\u0131z. \u00d6te yandan kad\u0131n \u00fcretici pazarlar\u0131n\u0131n say\u0131s\u0131n\u0131 art\u0131rma konusunda da \u00e7al\u0131\u015fmalar\u0131m\u0131z olacak\u201d diye konu\u015ftu.<\/p>\n<p>\u201c\u015eEH\u0130T ANNELER\u0130 VE E\u015eLER\u0130N\u0130N DE<br \/>\nKADINLAR G\u00dcN\u00dc\u2019N\u00dc KUTLUYORUM\u201d<\/p>\n<p>Cumhur \u0130ttifak\u0131 Mersin B\u00fcy\u00fck\u015fehir Belediye Ba\u015fkan Aday\u0131 Serdar Soydan, \u201cBa\u015fta \u015fehit anneleri, de\u011ferli e\u015fleri olmak \u00fczere, ya\u015fam\u0131m\u0131z\u0131n her an\u0131nda varl\u0131klar\u0131yla bizleri onurland\u0131ran, bizlere deste\u011fini esirgemeyen t\u00fcm kad\u0131nlar\u0131n 8 Mart D\u00fcnya Kad\u0131nlar G\u00fcn\u00fc\u2019n\u00fc kutluyor, sayg\u0131lar\u0131m\u0131 sunuyorum.\u201d ifadelerini kulland\u0131.<\/p>\n<p><img loading=\"lazy\" decoding=\"async\" src=\"http:\/\/mersinkadingazetesi.com\/wp-content\/uploads\/2024\/03\/PHOTO-2024-03-06-12-45-35-300x200.jpg\" alt=\"\" class=\"alignnone size-medium wp-image-31168\" height=\"200\" width=\"300\" srcset=\"https:\/\/mersinkadingazetesi.com\/wp-content\/uploads\/2024\/03\/PHOTO-2024-03-06-12-45-35-300x200.jpg 300w, https:\/\/mersinkadingazetesi.com\/wp-content\/uploads\/2024\/03\/PHOTO-2024-03-06-12-45-35-1024x682.jpg 1024w, https:\/\/mersinkadingazetesi.com\/wp-content\/uploads\/2024\/03\/PHOTO-2024-03-06-12-45-35-768x512.jpg 768w, https:\/\/mersinkadingazetesi.com\/wp-content\/uploads\/2024\/03\/PHOTO-2024-03-06-12-45-35-1536x1023.jpg 1536w, https:\/\/mersinkadingazetesi.com\/wp-content\/uploads\/2024\/03\/PHOTO-2024-03-06-12-45-35.jpg 1600w\" sizes=\"(max-width: 300px) 100vw, 300px\" \/><\/p>\n","protected":false},"excerpt":{"rendered":"<p>Cumhur \u0130ttifak\u0131 Mersin B\u00fcy\u00fck\u015fehir Belediye Ba\u015fkan Aday\u0131 Serdar Soydan, 8 Mart D\u00fcnya Kad\u0131nlar G\u00fcn\u00fc dolay\u0131s\u0131yla yapt\u0131\u011f\u0131 a\u00e7\u0131klamada, \u201cKad\u0131nlar ya\u015fam\u0131n her alan\u0131nda yer almalar\u0131, e\u015fit haklara sahip olmalar\u0131 ad\u0131na ne kadar f\u0131rsat sunarsak o kadar g\u00fc\u00e7lenirler ve ba\u015fta kentimiz olmak \u00fczere \u00fclkemizin de kalk\u0131nmas\u0131nda \u00f6nemli rol \u00fcstlenirler\u201d diye konu\u015ftu. Cumhur \u0130ttifak\u0131 Mersin B\u00fcy\u00fck\u015fehir Belediye Ba\u015fkan Aday\u0131 [&hellip;]<\/p>\n","protected":false},"author":2,"featured_media":31166,"comment_status":"open","ping_status":"open","sticky":false,"template":"","format":"standard","meta":{"footnotes":""},"categories":[1,2,3],"tags":[],"class_list":["post-31165","post","type-post","status-publish","format-standard","has-post-thumbnail","hentry","category-genel","category-gundem","category-manset"],"views":3,"_links":{"self":[{"href":"https:\/\/mersinkadingazetesi.com\/index.php?rest_route=\/wp\/v2\/posts\/31165"}],"collection":[{"href":"https:\/\/mersinkadingazetesi.com\/index.php?rest_route=\/wp\/v2\/posts"}],"about":[{"href":"https:\/\/mersinkadingazetesi.com\/index.php?rest_route=\/wp\/v2\/types\/post"}],"author":[{"embeddable":true,"href":"https:\/\/mersinkadingazetesi.com\/index.php?rest_route=\/wp\/v2\/users\/2"}],"replies":[{"embeddable":true,"href":"https:\/\/mersinkadingazetesi.com\/index.php?rest_route=%2Fwp%2Fv2%2Fcomments&post=31165"}],"version-history":[{"count":0,"href":"https:\/\/mersinkadingazetesi.com\/index.php?rest_route=\/wp\/v2\/posts\/31165\/revisions"}],"wp:featuredmedia":[{"embeddable":true,"href":"https:\/\/mersinkadingazetesi.com\/index.php?rest_route=\/wp\/v2\/media\/31166"}],"wp:attachment":[{"href":"https:\/\/mersinkadingazetesi.com\/index.php?rest_route=%2Fwp%2Fv2%2Fmedia&parent=31165"}],"wp:term":[{"taxonomy":"category","embeddable":true,"href":"https:\/\/mersinkadingazetesi.com\/index.php?rest_route=%2Fwp%2Fv2%2Fcategories&post=31165"},{"taxonomy":"post_tag","embeddable":true,"href":"https:\/\/mersinkadingazetesi.com\/index.php?rest_route=%2Fwp%2Fv2%2Ftags&post=31165"}],"curies":[{"name":"wp","href":"https:\/\/api.w.org\/{rel}","templated":true}]}}