{"id":31171,"date":"2024-03-07T09:51:55","date_gmt":"2024-03-07T06:51:55","guid":{"rendered":"http:\/\/mersinkadingazetesi.com\/?p=31171"},"modified":"2024-03-07T09:51:55","modified_gmt":"2024-03-07T06:51:55","slug":"31-martta-yine-kadinlar-kazanacak-yeniden-baris-kardeslik-ve-sevgi-kazanacak","status":"publish","type":"post","link":"https:\/\/mersinkadingazetesi.com\/?p=31171","title":{"rendered":"\u201831 MART\u2019TA Y\u0130NE KADINLAR KAZANACAK; YEN\u0130DEN BARI\u015e, KARDE\u015eL\u0130K VE SEVG\u0130 KAZANACAK\u2019"},"content":{"rendered":"<p>G\u00f6reve geldi\u011fi ilk g\u00fcnden beri kad\u0131nlara pozitif ayr\u0131mc\u0131l\u0131k uygulayan Akdeniz Belediye Ba\u015fkan\u0131 M. Mustafa G\u00fcltak; \u201cT\u0131pk\u0131 2019 y\u0131l\u0131nda oldu\u011fu gibi \u00f6zellikle Akdenizli kad\u0131nlara g\u00fcveniyorum. 1 Nisan\u2019dan sonra herkese ve her kesime dokunan hizmet ve projelerimiz artarak s\u00fcrecek. \u00c7\u00fcnk\u00fc inan\u0131yorum ki Akdeniz\u2019de yine kad\u0131nlar kazanacak, bar\u0131\u015f, huzur, karde\u015flik ve sevgi iklimi devam edecek\u201d dedi.<br \/>\nAkdeniz\u2019de, Kad\u0131n ve Aile Hizmetleri M\u00fcd\u00fcrl\u00fc\u011f\u00fc ile K\u00fclt\u00fcr ve Sosyal \u0130\u015fler M\u00fcd\u00fcrl\u00fc\u011f\u00fc koordinesinde; kad\u0131nlara y\u00f6nelik olarak hayata katt\u0131klar\u0131 hizmet, proje ve \u00e7al\u0131\u015fmalar\u0131 gazetemize de\u011ferlendiren Ba\u015fkan G\u00fcltak, de\u011fi\u015fim ve d\u00f6n\u00fc\u015f\u00fcm\u00fcn, hizmet ve projelerin 31 Mart\u2019tan sonra da s\u00fcrece\u011finin alt\u0131n\u0131 \u00e7izdi.<br \/>\nBa\u015fkan G\u00fcltak; \u201cYine, yeniden Akdeniz kazanacak, milletimiz kazanacak. Kad\u0131nlar, gen\u00e7ler ve \u00e7ocuklar kazanacak. Hepimiz kazanaca\u011f\u0131z. Akdeniz\u2019de bar\u0131\u015f\u0131n g\u00fcvencesi, halk\u0131m\u0131z\u0131n sesi olmaya devam edece\u011fiz. \u0130lklere ve yeniliklere imza atmay\u0131, il\u00e7emizi her alanda hak etti\u011fi seviyeye y\u00fckseltmeyi s\u00fcrd\u00fcrece\u011fiz\u201d ifadelerini kulland\u0131.<\/p>\n<p><img loading=\"lazy\" decoding=\"async\" src=\"http:\/\/mersinkadingazetesi.com\/wp-content\/uploads\/2024\/03\/20240227140242_0V4A5285-300x200.jpg\" alt=\"\" width=\"300\" height=\"200\" class=\"alignnone size-medium wp-image-31173\" srcset=\"https:\/\/mersinkadingazetesi.com\/wp-content\/uploads\/2024\/03\/20240227140242_0V4A5285-300x200.jpg 300w, https:\/\/mersinkadingazetesi.com\/wp-content\/uploads\/2024\/03\/20240227140242_0V4A5285-1024x683.jpg 1024w, https:\/\/mersinkadingazetesi.com\/wp-content\/uploads\/2024\/03\/20240227140242_0V4A5285-768x512.jpg 768w, https:\/\/mersinkadingazetesi.com\/wp-content\/uploads\/2024\/03\/20240227140242_0V4A5285-1536x1024.jpg 1536w, https:\/\/mersinkadingazetesi.com\/wp-content\/uploads\/2024\/03\/20240227140242_0V4A5285-2048x1365.jpg 2048w\" sizes=\"(max-width: 300px) 100vw, 300px\" \/><\/p>\n<p>\u201cKad\u0131nlar \u00f6\u011freniyor, \u00fcretiyor ve kazan\u0131yor\u201d<\/p>\n<p>Ba\u015fkan G\u00fcltak, \u201cGe\u00e7mi\u015fte kaderine terk edilen kad\u0131nlar\u0131 ekonomik ve sosyal hayat\u0131n i\u00e7ine kat\u0131yoruz. Farkl\u0131 mahallelerimizde a\u00e7t\u0131\u011f\u0131m\u0131z 22 k\u00fclt\u00fcr ve sanat evimizde binlerce kad\u0131na farkl\u0131 alanlarda kurs ve e\u011fitimler verdik. Kimi mevcut i\u015fini b\u00fcy\u00fctt\u00fc, kimi de kendine ait i\u015fyeri a\u00e7\u0131p ailesinin b\u00fct\u00e7esine katk\u0131 sunmaya ba\u015flad\u0131. Bizi en \u00e7ok mutlu eden ve duyguland\u0131ran konu ise; 40-50 hatta 70 ya\u015f\u0131ndan sonra k\u00fclt\u00fcr sanat evlerimizde verdi\u011fimiz kurslara kat\u0131larak okuma yazma \u00f6\u011frenen kad\u0131nlar\u0131n olmas\u0131d\u0131r\u201d dedi. <\/p>\n<p>\u201cYeni d\u00f6nemde hedefimiz 50 bin kad\u0131na ula\u015fmak\u201d<\/p>\n<p>Akdenizli 6 bin anne ve k\u0131z\u0131n\u0131n, hayatlar\u0131nda ilk kez Silifke\u2019de yaz kamp\u0131nda tatil yapman\u0131n keyfini ya\u015fad\u0131\u011f\u0131n\u0131 dile getiren Ba\u015fkan G\u00fcltak; \u201cBa\u015flatt\u0131\u011f\u0131m\u0131z Anne-K\u0131z Projesi ile aradan ge\u00e7en 5 y\u0131lda 15 bin kad\u0131n Kapadokya, Konya, Hatay, Gaziantep, Ankara ve \u00c7anakkale gibi \u00fclkemizin farkl\u0131 illerini gezme, g\u00f6rme ve tan\u0131ma f\u0131rsat\u0131 buldu.<br \/>\nYeni d\u00f6nemdeki hedefimiz ise en az 50 bin kad\u0131na ula\u015fmak. Kad\u0131nlara de\u011fer veren bir anlay\u0131\u015fla hizmet, proje ve etkinliklerimizde pozitif ayr\u0131mc\u0131l\u0131ktan taviz vermeyece\u011fiz. \u00c7\u00fcnk\u00fc bir toplumda kad\u0131n mutlu ise aile mutludur; aile mutlu ise toplum; toplum mutlu ise devlet de mutludur\u201d diye konu\u015ftu. <\/p>\n<p>\u201cAkdenizli kad\u0131nlar, art\u0131k kendi i\u015finin patronu oluyor\u201d<\/p>\n<p><img loading=\"lazy\" decoding=\"async\" src=\"http:\/\/mersinkadingazetesi.com\/wp-content\/uploads\/2024\/03\/IMG_5994-300x200.jpg\" alt=\"\" width=\"300\" height=\"200\" class=\"alignnone size-medium wp-image-31174\" srcset=\"https:\/\/mersinkadingazetesi.com\/wp-content\/uploads\/2024\/03\/IMG_5994-300x200.jpg 300w, https:\/\/mersinkadingazetesi.com\/wp-content\/uploads\/2024\/03\/IMG_5994-1024x683.jpg 1024w, https:\/\/mersinkadingazetesi.com\/wp-content\/uploads\/2024\/03\/IMG_5994-768x512.jpg 768w, https:\/\/mersinkadingazetesi.com\/wp-content\/uploads\/2024\/03\/IMG_5994-1536x1024.jpg 1536w, https:\/\/mersinkadingazetesi.com\/wp-content\/uploads\/2024\/03\/IMG_5994-2048x1365.jpg 2048w\" sizes=\"(max-width: 300px) 100vw, 300px\" \/><\/p>\n<p>Ba\u015fkan G\u00fcltak, verdikleri destek sayesinde y\u00fczlerce kad\u0131na 5 milyon TL mikro kredi deste\u011fi verilmesini sa\u011flad\u0131klar\u0131n\u0131n da alt\u0131n\u0131 \u00e7izerek; \u201cAkdenizli kad\u0131nlar art\u0131k kendi i\u015finin patronu oluyor. \u00c7ukurova\u2019n\u0131n bereketli topraklar\u0131na kad\u0131n eli de\u011fdi. Yerli ve organik tar\u0131mda ba\u015flatt\u0131\u011f\u0131m\u0131z atakla kad\u0131nlar\u0131 \u00fcretime, ekonomiye ve istihdama kazand\u0131r\u0131yoruz. Zira 10 bin y\u0131ll\u0131k ata tohumunu kad\u0131nlar eliyle toprakla bulu\u015fturup verim ald\u0131k. Kad\u0131n kooperatifleri eliyle Stevia (\u015feker otu), Moringa, \u015eevketi Bostan, Organik Ispanak, Gambilya Otu gibi \u00fcr\u00fcnler yeti\u015ftirip sat\u0131\u015f\u0131na destek olduk. Belediyemize ba\u011fl\u0131 Kad\u0131n Eme\u011fi Diyar\u0131n\u0131 \u00fcreten ve katma de\u011fer yaratan kad\u0131nlar i\u00e7in \u00fccretsiz hizmete sunduk\u201d \u015feklinde konu\u015ftu. <\/p>\n<p>4 bin kad\u0131n sa\u011fl\u0131k taramas\u0131ndan ge\u00e7ti!<\/p>\n<p>Kad\u0131n sa\u011fl\u0131\u011f\u0131na da b\u00fcy\u00fck \u00f6nem verdiklerini vurgulayan Ba\u015fkan G\u00fcltak, \u201cBu kapsamda Akdeniz\u2019de 4 bin kad\u0131na \u00fccretsiz kanser taramas\u0131 yapt\u0131rd\u0131k. Erken te\u015fhis sayesinde hasta oldu\u011funu \u00f6\u011frenen kad\u0131nlar\u0131m\u0131za, uzmanlar\u0131m\u0131z g\u00f6zetiminde tedavi s\u00fcre\u00e7leri boyunca destek oluyoruz\u201d dedi. <\/p>\n<p>\u201cHo\u015f Geldin Bebek Projesi\u201d <\/p>\n<p>\u201cMersin\u2019de, ilk kez 2020 y\u0131l\u0131nda ba\u015flatt\u0131\u011f\u0131m\u0131z Ho\u015f Geldin Bebek Projesi ile ailelerimizin mutlulu\u011funa da ortak oluyoruz\u201d diyen Ba\u015fkan G\u00fcltak, \u201cNitekim Akdeniz\u2019de g\u00f6reve gelir gelmez ilk kez bizim ba\u015flatt\u0131\u011f\u0131m\u0131z ve herkesin ilgi ve takdirini \u00e7eken Ho\u015f Geldin Bebek Projemiz sayesinde 8 bin anneye anne-bebek destek paketi ula\u015ft\u0131rd\u0131k\u201d diye konu\u015ftu. <\/p>\n<p>\u201cKentsel d\u00f6n\u00fc\u015f\u00fcm\u00fc en \u00e7ok kad\u0131nlar talep ediyor\u201d<\/p>\n<p>Ba\u015fkan G\u00fcltak, Ankara nezdindeki giri\u015fimleri sonucu, \u00c7ay Mahallesi\u2019nde yerinde kentsel d\u00f6n\u00fc\u015f\u00fcm projesi kapsam\u0131nda 1\u2019inci etapta 416 konutun tamamlan\u0131p hak sahibi vatanda\u015flara teslim edildi\u011fini, \u015fimdi ise s\u0131rada 330 konutu kapsayan 2\u2019nci etab\u0131n oldu\u011funu belirtti. Ba\u015fkan G\u00fcltak; \u201cAyr\u0131ca Bar\u0131\u015f Mahallemizde de toplam 415 konut, 50 d\u00fckk\u00e2n, 1 cami, kre\u015f, ticaret ve k\u00fclt\u00fcr merkezi ile altyap\u0131 ve \u00e7evre d\u00fczenlemesini kapsayan proje h\u0131zla devam ediyor. G\u00fcvenli ve konforlu bir ya\u015fam Akdeniz\u2019i etap etap sar\u0131yor.<br \/>\nNitekim ziyaret etti\u011fim bir\u00e7ok mahallemizde kar\u015f\u0131la\u015ft\u0131\u011f\u0131m kad\u0131nlar\u0131n, annelerin b\u00fcy\u00fck bir \u00e7o\u011funlu\u011fu kentsel d\u00f6n\u00fc\u015f\u00fcm\u00fc talep ederek evlerinin yenilenmesini istiyor. Akdenizli kad\u0131nlar, annelerimiz merak etmesin. G\u00f6reve tekrar geldi\u011fimizde \u00c7ay, \u00c7ilek, Turgut Reis ve Bah\u00e7e mahallelerimizde bin (1000) konutluk bir projeyi hayata ge\u00e7irmeyi hedefliyoruz. \u00c7\u00fcnk\u00fc g\u00fcvenli, depreme kar\u015f\u0131 diren\u00e7li ve her y\u00f6n\u00fcyle konforlu konut t\u00fcm hem\u015ferilerimizi hakk\u0131d\u0131r\u201d ifadelerini kulland\u0131.<\/p>\n<p>\u201cAyr\u0131mc\u0131l\u0131k yapmad\u0131m, herkesin ve her kesimin belediye ba\u015fkan\u0131 oldum\u201d<\/p>\n<p><img loading=\"lazy\" decoding=\"async\" src=\"http:\/\/mersinkadingazetesi.com\/wp-content\/uploads\/2024\/03\/IMG_20240225_132527-300x200.jpg\" alt=\"\" width=\"300\" height=\"200\" class=\"alignnone size-medium wp-image-31175\" srcset=\"https:\/\/mersinkadingazetesi.com\/wp-content\/uploads\/2024\/03\/IMG_20240225_132527-300x200.jpg 300w, https:\/\/mersinkadingazetesi.com\/wp-content\/uploads\/2024\/03\/IMG_20240225_132527-1024x683.jpg 1024w, https:\/\/mersinkadingazetesi.com\/wp-content\/uploads\/2024\/03\/IMG_20240225_132527-768x512.jpg 768w, https:\/\/mersinkadingazetesi.com\/wp-content\/uploads\/2024\/03\/IMG_20240225_132527.jpg 1376w\" sizes=\"(max-width: 300px) 100vw, 300px\" \/><\/p>\n<p>Akdeniz\u2019de huzur, bar\u0131\u015f ve karde\u015flik iklimini h\u00e2kim k\u0131ld\u0131klar\u0131n\u0131n alt\u0131n\u0131 \u00e7izen Akdeniz Belediye Ba\u015fkan\u0131 M. Mustafa G\u00fcltak, \u201cSpordan e\u011fitime, k\u00fclt\u00fcr ve sanattan gezilere; hayat\u0131n her an\u0131na ve alan\u0131na dokunan hizmetlere dek bir\u00e7ok \u00f6rnek projeyi Akdeniz halk\u0131na kazand\u0131rd\u0131k.<br \/>\nG\u00f6reve geldi\u011fim 2019 y\u0131l\u0131nda bu yana herkesin ve her kesimin belediye ba\u015fkan\u0131 olmay\u0131 5 y\u0131lda ba\u015fard\u0131m. Akdeniz\u2019de art\u0131k kimse kavga etmiyor, kimse \u00f6telenmiyor. Ne bir K\u00fcrt, ne bir Zaza, ne bir Arap Alevi\u2019si, ne de bir Y\u00f6r\u00fck karde\u015fim bizden dolay\u0131, yapt\u0131klar\u0131m\u0131zdan dolay\u0131 kendini \u00f6telenmi\u015f hissetmedi\u201d \u015feklinde a\u00e7\u0131klama yapt\u0131.<\/p>\n<p>\u201cKad\u0131nlar ve gen\u00e7ler yarar\u0131na projelerimizi b\u00fcy\u00fcterek s\u00fcrd\u00fcrece\u011fiz\u201d<\/p>\n<p>A\u00e7\u0131klamas\u0131nda; Karaduvar Bal\u0131k Festivali, Esenli \u00dcz\u00fcm \u015eenli\u011fi, kad\u0131nlar i\u00e7in hizmete a\u00e7\u0131lan k\u00fclt\u00fcr ve sanat evleri, geziler, ho\u015f geldin bebek projesi, onkoloji hastalar\u0131na \u00fccretsiz servis hizmeti, evde bak\u0131m ve temizlik hizmeti gibi proje ve \u00e7al\u0131\u015fmalar\u0131 yineleyen Ba\u015fkan G\u00fcltak konu\u015fmas\u0131n\u0131 \u015f\u00f6yle s\u00fcrd\u00fcrd\u00fc; \u201cBe\u015f y\u0131lda huzuru, bar\u0131\u015f\u0131, karde\u015fli\u011fi getirdi\u011fimiz gibi, e\u011fitim, spor, k\u00fclt\u00fcr, sanat, kad\u0131nlar ve gen\u00e7lerle ilgili bir\u00e7ok projeyi de hayata ge\u00e7irdik. 31 Mart\u2019ta se\u00e7ime gidiyoruz. Takdir sizlerindir, k\u0131ymetli halk\u0131m\u0131z\u0131nd\u0131r. Ya spordaki bu devasa yat\u0131r\u0131mlara devam ederiz. Kad\u0131nlar ve gen\u00e7ler yarar\u0131na yapt\u0131\u011f\u0131m\u0131z projeleri daha da b\u00fcy\u00fcterek yapar\u0131z. E\u011fitimde \u00e7ok daha fazla yerler a\u00e7\u0131p ba\u015far\u0131lar elde ederiz.<br \/>\nKentsel d\u00f6n\u00fc\u015f\u00fcm projelerine ve festivallere devam ederiz. En \u00f6nemlisi de huzuru, bar\u0131\u015f\u0131 ve karde\u015fli\u011fi devam ettiririz. Ayinesi i\u015ftir ki\u015finin, lafa bak\u0131lmaz. Yapt\u0131klar\u0131m, yapacaklar\u0131m\u0131n teminat\u0131d\u0131r. Bundan sonra da herkesin ve her kesimin belediye ba\u015fkan\u0131 olmaya, sizden, i\u00e7inizden biri olmaya s\u00f6z veriyorum.\u201d<\/p>\n<p>Akdeniz Belediye Ba\u015fkan\u0131 Mustafa G\u00fcltak; T\u00fcrkiye\u2019de kad\u0131n \u00e7al\u0131\u015fanlara 8 Mart\u2019ta idari izin uygulayan ender belediyelerden biri olduklar\u0131n\u0131 da hat\u0131rlatt\u0131\u011f\u0131 a\u00e7\u0131klamas\u0131nda; \u201cBa\u015fta sayg\u0131de\u011fer \u015fehit annelerimiz ve k\u0131ymetli \u015fehit e\u015fleri olmak \u00fczere t\u00fcm kad\u0131nlar\u0131n 8 Mart D\u00fcnya Emek\u00e7i Kad\u0131nlar G\u00fcn\u00fc\u2019n\u00fc en i\u00e7ten duygular\u0131mla tebrik ediyor; sa\u011fl\u0131k, huzur ve mutluluk diliyorum\u201d dedi.<\/p>\n","protected":false},"excerpt":{"rendered":"<p>G\u00f6reve geldi\u011fi ilk g\u00fcnden beri kad\u0131nlara pozitif ayr\u0131mc\u0131l\u0131k uygulayan Akdeniz Belediye Ba\u015fkan\u0131 M. Mustafa G\u00fcltak; \u201cT\u0131pk\u0131 2019 y\u0131l\u0131nda oldu\u011fu gibi \u00f6zellikle Akdenizli kad\u0131nlara g\u00fcveniyorum. 1 Nisan\u2019dan sonra herkese ve her kesime dokunan hizmet ve projelerimiz artarak s\u00fcrecek. \u00c7\u00fcnk\u00fc inan\u0131yorum ki Akdeniz\u2019de yine kad\u0131nlar kazanacak, bar\u0131\u015f, huzur, karde\u015flik ve sevgi iklimi devam edecek\u201d dedi. Akdeniz\u2019de, Kad\u0131n [&hellip;]<\/p>\n","protected":false},"author":2,"featured_media":31172,"comment_status":"open","ping_status":"open","sticky":false,"template":"","format":"standard","meta":{"footnotes":""},"categories":[34,1,2,3,5],"tags":[],"class_list":["post-31171","post","type-post","status-publish","format-standard","has-post-thumbnail","hentry","category-flas-haber","category-genel","category-gundem","category-manset","category-mersin"],"views":9,"_links":{"self":[{"href":"https:\/\/mersinkadingazetesi.com\/index.php?rest_route=\/wp\/v2\/posts\/31171"}],"collection":[{"href":"https:\/\/mersinkadingazetesi.com\/index.php?rest_route=\/wp\/v2\/posts"}],"about":[{"href":"https:\/\/mersinkadingazetesi.com\/index.php?rest_route=\/wp\/v2\/types\/post"}],"author":[{"embeddable":true,"href":"https:\/\/mersinkadingazetesi.com\/index.php?rest_route=\/wp\/v2\/users\/2"}],"replies":[{"embeddable":true,"href":"https:\/\/mersinkadingazetesi.com\/index.php?rest_route=%2Fwp%2Fv2%2Fcomments&post=31171"}],"version-history":[{"count":0,"href":"https:\/\/mersinkadingazetesi.com\/index.php?rest_route=\/wp\/v2\/posts\/31171\/revisions"}],"wp:featuredmedia":[{"embeddable":true,"href":"https:\/\/mersinkadingazetesi.com\/index.php?rest_route=\/wp\/v2\/media\/31172"}],"wp:attachment":[{"href":"https:\/\/mersinkadingazetesi.com\/index.php?rest_route=%2Fwp%2Fv2%2Fmedia&parent=31171"}],"wp:term":[{"taxonomy":"category","embeddable":true,"href":"https:\/\/mersinkadingazetesi.com\/index.php?rest_route=%2Fwp%2Fv2%2Fcategories&post=31171"},{"taxonomy":"post_tag","embeddable":true,"href":"https:\/\/mersinkadingazetesi.com\/index.php?rest_route=%2Fwp%2Fv2%2Ftags&post=31171"}],"curies":[{"name":"wp","href":"https:\/\/api.w.org\/{rel}","templated":true}]}}