{"id":31182,"date":"2024-03-07T12:48:00","date_gmt":"2024-03-07T09:48:00","guid":{"rendered":"http:\/\/mersinkadingazetesi.com\/?p=31182"},"modified":"2024-03-07T12:48:00","modified_gmt":"2024-03-07T09:48:00","slug":"mezitli-gercek-belediyecilige-cumhur-ittifaki-ile-kavusacak","status":"publish","type":"post","link":"https:\/\/mersinkadingazetesi.com\/?p=31182","title":{"rendered":"\u2018Mezitli ger\u00e7ek belediyecili\u011fe Cumhur \u0130ttifak\u0131 ile kavu\u015facak\u2019"},"content":{"rendered":"<p>Se\u00e7im \u00e7al\u0131\u015fmalar\u0131n\u0131 s\u00fcrd\u00fcren Cumhur \u0130ttifak\u0131 Mezitli Belediye Ba\u015fkan aday\u0131 Mevl\u00fct Ekmekci, Mezitli&#8217;de g\u00f6rev yapan muhtarlara bir araya geldi.  Ak parti mersin Milletvekili Havva Sibel S\u00f6ylemez, AK Parti Mezitli \u0130l\u00e7e Ba\u015fkan\u0131 Zafer Uslu, \u0130l Gen\u00e7lik Kollar\u0131 Ba\u015fkan\u0131 Emre Y\u0131lmaz, MHP \u0130l\u00e7e Ba\u015fkan\u0131 Bilal Irmak ve te\u015fkilatlar\u0131n\u0131n kat\u0131ld\u0131\u011f\u0131 bulu\u015fmada, Ekmekci, muhtarlara Mezitli&#8217;de ger\u00e7ekle\u015ftirecekleri projeleri anlatt\u0131. T\u00fcm mahalle muhtarlar\u0131n\u0131n eksiksiz kat\u0131ld\u0131\u011f\u0131 bulu\u015fmada, AK Parti olarak T\u00fcrkiye Y\u00fczy\u0131l\u0131n\u0131n in\u015fas\u0131n\u0131 Mezitli&#8217;de de hayata ge\u00e7irirken muhtarlara b\u00fcy\u00fck g\u00f6rev d\u00fc\u015ft\u00fc\u011f\u00fcn\u00fc s\u00f6yledi.<br \/>\n&#8220;Muhtarlar\u0131m\u0131zla, Mezitli&#8217;de esnafl\u0131\u011f\u0131m s\u0131ras\u0131nda, belediye meclis \u00fcyeli\u011fim s\u0131ras\u0131nda hep yan yana olduk. Her zaman Muhtarlar\u0131m\u0131zla beraber \u00e7al\u0131\u015fmaya devam edece\u011fiz&#8221; diyen Ekmekci, Mezitli&#8217;nin ger\u00e7ek belediyecili\u011fe Cumhur \u0130ttifak\u0131 ile kavu\u015faca\u011f\u0131n\u0131n alt\u0131n\u0131 \u00e7izdi.<br \/>\nHi\u00e7 kimsenin \u00f6tekile\u015ftirilmedi\u011fi, bar\u0131\u015f i\u00e7erisinde bir Mezitli&#8217;nin tek hayallerinin oldu\u011funa vurgu yapan Ekmekci, &#8220;Bu kentte ya\u015fayan bu kentte nefes alan bir birey olarak Mezitli&#8217;nin neye ihtiyac\u0131 oldu\u011funu bilerek yola \u00e7\u0131kt\u0131k. Daha sonra yapt\u0131\u011f\u0131m\u0131z ziyaret ve g\u00f6r\u00fc\u015fmelerde, \u00e7ok iyi bildi\u011fimiz bir ger\u00e7ek bir kez daha kendisini g\u00f6sterdi. Mezitli&#8217;nin ger\u00e7ek belediyecili\u011fi ne kadar \u00f6zledi\u011fini ve hak etti\u011fini daha iyi g\u00f6rme f\u0131rsat\u0131 da oldu. Ev ev mahalle mahalle gezerek yapmak istediklerimizi anlatt\u0131k, vatanda\u015f\u0131m\u0131z\u0131n bizden beklentilerini kaydettik. \u0130letilen sorunlara \u00e7\u00f6z\u00fcm\u00fc de Ak Parti&#8217;nin belediyecilik anlay\u0131\u015f\u0131 ile \u00e7\u00f6zece\u011fiz&#8221; dedi.<br \/>\nMezitli Belediyesini halka a\u00e7acaklar\u0131 s\u00f6z\u00fcn\u00fc de veren Ekmekci, &#8220;Biz aday olurken, y\u00f6netmek i\u00e7in de\u011fil hizmet etmek i\u00e7in aday olduk. Bu hizmeti yaparken de en b\u00fcy\u00fck deste\u011fimiz alk\u0131m\u0131z olacak. \u00c7al\u0131\u015fmalar\u0131m\u0131z esnas\u0131nda en b\u00fcy\u00fck ekip arkada\u015flar\u0131m\u0131z da muhtarlar\u0131m\u0131z olacak. Birlikte tespit etti\u011fimiz sorunlar\u0131n \u00e7\u00f6z\u00fcm\u00fcn\u00fc de birlikte \u00fcretece\u011fiz. Muhtarlar\u0131m\u0131z en b\u00fcy\u00fck g\u00fcc\u00fcm\u00fcz ve g\u00f6z\u00fcm\u00fcz kula\u011f\u0131m\u0131z olacak&#8221; diye konu\u015ftu. (Haber Merkezi)<\/p>\n","protected":false},"excerpt":{"rendered":"<p>Se\u00e7im \u00e7al\u0131\u015fmalar\u0131n\u0131 s\u00fcrd\u00fcren Cumhur \u0130ttifak\u0131 Mezitli Belediye Ba\u015fkan aday\u0131 Mevl\u00fct Ekmekci, Mezitli&#8217;de g\u00f6rev yapan muhtarlara bir araya geldi. Ak parti mersin Milletvekili Havva Sibel S\u00f6ylemez, AK Parti Mezitli \u0130l\u00e7e Ba\u015fkan\u0131 Zafer Uslu, \u0130l Gen\u00e7lik Kollar\u0131 Ba\u015fkan\u0131 Emre Y\u0131lmaz, MHP \u0130l\u00e7e Ba\u015fkan\u0131 Bilal Irmak ve te\u015fkilatlar\u0131n\u0131n kat\u0131ld\u0131\u011f\u0131 bulu\u015fmada, Ekmekci, muhtarlara Mezitli&#8217;de ger\u00e7ekle\u015ftirecekleri projeleri anlatt\u0131. T\u00fcm mahalle [&hellip;]<\/p>\n","protected":false},"author":2,"featured_media":31183,"comment_status":"open","ping_status":"open","sticky":false,"template":"","format":"standard","meta":{"footnotes":""},"categories":[3],"tags":[],"class_list":["post-31182","post","type-post","status-publish","format-standard","has-post-thumbnail","hentry","category-manset"],"views":3,"_links":{"self":[{"href":"https:\/\/mersinkadingazetesi.com\/index.php?rest_route=\/wp\/v2\/posts\/31182"}],"collection":[{"href":"https:\/\/mersinkadingazetesi.com\/index.php?rest_route=\/wp\/v2\/posts"}],"about":[{"href":"https:\/\/mersinkadingazetesi.com\/index.php?rest_route=\/wp\/v2\/types\/post"}],"author":[{"embeddable":true,"href":"https:\/\/mersinkadingazetesi.com\/index.php?rest_route=\/wp\/v2\/users\/2"}],"replies":[{"embeddable":true,"href":"https:\/\/mersinkadingazetesi.com\/index.php?rest_route=%2Fwp%2Fv2%2Fcomments&post=31182"}],"version-history":[{"count":0,"href":"https:\/\/mersinkadingazetesi.com\/index.php?rest_route=\/wp\/v2\/posts\/31182\/revisions"}],"wp:featuredmedia":[{"embeddable":true,"href":"https:\/\/mersinkadingazetesi.com\/index.php?rest_route=\/wp\/v2\/media\/31183"}],"wp:attachment":[{"href":"https:\/\/mersinkadingazetesi.com\/index.php?rest_route=%2Fwp%2Fv2%2Fmedia&parent=31182"}],"wp:term":[{"taxonomy":"category","embeddable":true,"href":"https:\/\/mersinkadingazetesi.com\/index.php?rest_route=%2Fwp%2Fv2%2Fcategories&post=31182"},{"taxonomy":"post_tag","embeddable":true,"href":"https:\/\/mersinkadingazetesi.com\/index.php?rest_route=%2Fwp%2Fv2%2Ftags&post=31182"}],"curies":[{"name":"wp","href":"https:\/\/api.w.org\/{rel}","templated":true}]}}