{"id":31195,"date":"2024-03-08T09:06:34","date_gmt":"2024-03-08T06:06:34","guid":{"rendered":"http:\/\/mersinkadingazetesi.com\/?p=31195"},"modified":"2024-03-08T09:06:34","modified_gmt":"2024-03-08T06:06:34","slug":"kadinlar-siyaset-dahil-tum-alanlarda-olmali","status":"publish","type":"post","link":"https:\/\/mersinkadingazetesi.com\/?p=31195","title":{"rendered":"\u2018KADINLAR S\u0130YASET DAH\u0130L T\u00dcM ALANLARDA OLMALI\u2019"},"content":{"rendered":"<p>CHP Mezitli Belediye Ba\u015fkan Aday\u0131 Ahmet Serkan Tuncer, 8 Mart D\u00fcnya Kad\u0131nlar G\u00fcn\u00fc sebebiyle bir kutlama mesaj\u0131 yay\u0131nlad\u0131.<\/p>\n<p>Kad\u0131nlar\u0131n, siyaset dahil her alanda olmalar\u0131 i\u00e7in m\u00fccadele ettiklerini belirten Tuncer; \u201cGen\u00e7li\u011fini \u00f6rg\u00fcte vermi\u015f bir insan olarak s\u00f6ylemem gerekirse, ilk g\u00fcnden bug\u00fcne kadar partimizin emek\u00e7i kad\u0131nlar\u0131 ile yol y\u00fcr\u00fcd\u00fcm. Beni, \u00e7\u0131kt\u0131\u011f\u0131m bu yolda hi\u00e7bir zaman b\u0131rakmad\u0131lar. Her ko\u015fulda, \u015fartlar ne olursa olsun yan\u0131mda dimdik durdular. Ben, kad\u0131nlarla birlikte bu onurlu yolu y\u00fcr\u00fcmekten \u00e7ok mutluyum. Kad\u0131nlar\u0131n siyaset dahil t\u00fcm alanlarda olmalar\u0131 i\u00e7in m\u00fccadele ediyoruz. Kad\u0131nlar\u0131n; daha \u00f6zg\u00fcr, daha mutlu ve g\u00fcvende bir ya\u015fam m\u00fccadelesi verdiklerinin bilincindeyiz.<br \/>\nMezitli i\u00e7in \u00e7\u0131kt\u0131\u011f\u0131m\u0131z bu yolda, kad\u0131nlar\u0131n verdikleri m\u00fccadelede ilk biz yanlar\u0131nda olaca\u011f\u0131z. Katledilen; hayattan kopar\u0131lan kad\u0131nlar\u0131 hi\u00e7bir zaman unutturmayacak, sesleri olaca\u011f\u0131z.<\/p>\n<p><img loading=\"lazy\" decoding=\"async\" src=\"http:\/\/mersinkadingazetesi.com\/wp-content\/uploads\/2024\/03\/PHOTO-2024-03-07-14-01-56-300x225.jpg\" alt=\"\" width=\"300\" height=\"225\" class=\"alignnone size-medium wp-image-31197\" srcset=\"https:\/\/mersinkadingazetesi.com\/wp-content\/uploads\/2024\/03\/PHOTO-2024-03-07-14-01-56-300x225.jpg 300w, https:\/\/mersinkadingazetesi.com\/wp-content\/uploads\/2024\/03\/PHOTO-2024-03-07-14-01-56-1024x768.jpg 1024w, https:\/\/mersinkadingazetesi.com\/wp-content\/uploads\/2024\/03\/PHOTO-2024-03-07-14-01-56-768x576.jpg 768w, https:\/\/mersinkadingazetesi.com\/wp-content\/uploads\/2024\/03\/PHOTO-2024-03-07-14-01-56.jpg 1280w\" sizes=\"(max-width: 300px) 100vw, 300px\" \/><\/p>\n<p>\u201cMEZ\u0130TL\u0130 KADIN DOSTU B\u0130R BELED\u0130YE OLACAK\u201d   <\/p>\n<p>Mezitli\u2019nin, kad\u0131n dostu bir belediye olaca\u011f\u0131n\u0131, kad\u0131nlara y\u00f6nelik hayata ge\u00e7irecekleri projeler de dahil olmak \u00fczere, Mezitli\u2019ye yapacaklar\u0131 her projeye bir kad\u0131n eli de\u011fece\u011fini vurgulayan, ayr\u0131ca kad\u0131nlar\u0131n \u00f6zg\u00fcrce ya\u015famalar\u0131 i\u00e7in m\u00fccadele edeceklerini ifade eden Tuncer; \u201cGazi Mustafa Kemal Atat\u00fcrk\u2019\u00fcn \u00f6nderli\u011finde; \u00e7a\u011fda\u015f d\u00fcnya kad\u0131nlar\u0131n\u0131n sahip oldu\u011fu t\u00fcm kazan\u0131mlar\u0131 elde eden, se\u00e7me se\u00e7ilme hakk\u0131n\u0131 bir\u00e7ok Bat\u0131 \u00fclkesinden daha \u00f6nce kazanan T\u00fcrk kad\u0131nlar\u0131 g\u00fcn\u00fcm\u00fczde ne yaz\u0131k ki \u015fiddete, ayr\u0131mc\u0131l\u0131\u011fa ve e\u015fitsizli\u011fe maruz b\u0131rak\u0131lm\u0131\u015ft\u0131r. \u00c7a\u011fda\u015f T\u00fcrkiye\u2019nin kurulmas\u0131 y\u00f6n\u00fcnde \u00f6nemli bir misyonu \u00fcstlenen kad\u0131nlar\u0131n; bug\u00fcn toplumsal ya\u015fam\u0131n ve hayat\u0131n t\u00fcm alanlar\u0131nda kad\u0131n\u0131 yok saymaya \u00e7al\u0131\u015fan bir zihniyet taraf\u0131ndan geleceklerinin karart\u0131lmas\u0131, t\u00fcm kazan\u0131mlar\u0131n\u0131n ellerinden al\u0131nmas\u0131 giri\u015fimiyle kar\u015f\u0131 kar\u015f\u0131yad\u0131r. Biz, buna izin vermemek i\u00e7in daima elimizden gelen \u00e7abay\u0131 g\u00f6sterece\u011fiz.\u201c dedi.<\/p>\n<p><img loading=\"lazy\" decoding=\"async\" src=\"http:\/\/mersinkadingazetesi.com\/wp-content\/uploads\/2024\/03\/PHOTO-2024-03-07-14-01-54-300x200.jpg\" alt=\"\" width=\"300\" height=\"200\" class=\"alignnone size-medium wp-image-31198\" srcset=\"https:\/\/mersinkadingazetesi.com\/wp-content\/uploads\/2024\/03\/PHOTO-2024-03-07-14-01-54-300x200.jpg 300w, https:\/\/mersinkadingazetesi.com\/wp-content\/uploads\/2024\/03\/PHOTO-2024-03-07-14-01-54-1024x683.jpg 1024w, https:\/\/mersinkadingazetesi.com\/wp-content\/uploads\/2024\/03\/PHOTO-2024-03-07-14-01-54-768x512.jpg 768w, https:\/\/mersinkadingazetesi.com\/wp-content\/uploads\/2024\/03\/PHOTO-2024-03-07-14-01-54-1536x1025.jpg 1536w, https:\/\/mersinkadingazetesi.com\/wp-content\/uploads\/2024\/03\/PHOTO-2024-03-07-14-01-54.jpg 2048w\" sizes=\"(max-width: 300px) 100vw, 300px\" \/><\/p>\n<p>\u201cB\u0130Z KADINLARA HUZURU VADED\u0130YORUZ\u201d<\/p>\n<p>Gelir adaletsizli\u011finin ve yoksullu\u011fun da en b\u00fcy\u00fck faturas\u0131n\u0131 kad\u0131nlar\u0131n \u00f6dedi\u011fini s\u00f6yleyen Tuncer, s\u00f6zlerini \u015f\u00f6yle s\u00fcrd\u00fcrd\u00fc;<br \/>\n\u201cAKP yanl\u0131\u015f politikalar\u0131 sonucu art\u0131k bug\u00fcn kad\u0131nlar tenceresini kaynatamaz duruma gelmi\u015ftir. Patl\u0131can, biber kuyru\u011funda saatlerce beklemek zorunda kalm\u0131\u015ft\u0131r. Bug\u00fcn evlerde, ailede huzur kalmam\u0131\u015ft\u0131r. Biz bu yerel se\u00e7imde evlerimizde tekrar huzuru vadediyoruz. Kad\u0131n\u0131, erke\u011fi, \u00e7olu\u011fu, \u00e7ocu\u011fu ile evlerimiz tekrar huzura kavu\u015facakt\u0131r. Evin huzuru olmazsa soka\u011f\u0131n huzuru soka\u011f\u0131n huzuru olmazsa kentin huzuru olmaz. Huzurun birinci \u015fart\u0131 ekonomik \u00f6zg\u00fcrl\u00fckt\u00fcr. Kad\u0131n ve erkek t\u00fcm yurtta\u015flar\u0131m\u0131z\u0131 ekonomik huzura ve refaha kavu\u015fturaca\u011f\u0131z. Kad\u0131na y\u00f6nelik cinsiyet ayr\u0131mc\u0131l\u0131\u011f\u0131n\u0131n sona erdi\u011fi, \u015fiddetin olmad\u0131\u011f\u0131, sosyal ya\u015fam\u0131n her alan\u0131nda, y\u00f6netimin her a\u015famas\u0131nda kad\u0131nlar\u0131n daha \u00e7ok yer ald\u0131\u011f\u0131 bir d\u00fczende bar\u0131\u015f ve refah i\u00e7erisinde ya\u015fayaca\u011f\u0131m\u0131z yar\u0131nlar dile\u011fiyle, 8 Mart Kad\u0131nlar G\u00fcn\u00fcn\u00fc kutluyorum. Ya\u015fam m\u00fccadelesi veren, m\u00fccadelesinden hi\u00e7 vazge\u00e7meyen t\u00fcm kad\u0131nlara selam olsun.\u201d \u015feklinde konu\u015ftu.<\/p>\n","protected":false},"excerpt":{"rendered":"<p>CHP Mezitli Belediye Ba\u015fkan Aday\u0131 Ahmet Serkan Tuncer, 8 Mart D\u00fcnya Kad\u0131nlar G\u00fcn\u00fc sebebiyle bir kutlama mesaj\u0131 yay\u0131nlad\u0131. Kad\u0131nlar\u0131n, siyaset dahil her alanda olmalar\u0131 i\u00e7in m\u00fccadele ettiklerini belirten Tuncer; \u201cGen\u00e7li\u011fini \u00f6rg\u00fcte vermi\u015f bir insan olarak s\u00f6ylemem gerekirse, ilk g\u00fcnden bug\u00fcne kadar partimizin emek\u00e7i kad\u0131nlar\u0131 ile yol y\u00fcr\u00fcd\u00fcm. Beni, \u00e7\u0131kt\u0131\u011f\u0131m bu yolda hi\u00e7bir zaman b\u0131rakmad\u0131lar. Her [&hellip;]<\/p>\n","protected":false},"author":2,"featured_media":31196,"comment_status":"open","ping_status":"open","sticky":false,"template":"","format":"standard","meta":{"footnotes":""},"categories":[2,3,5],"tags":[],"class_list":["post-31195","post","type-post","status-publish","format-standard","has-post-thumbnail","hentry","category-gundem","category-manset","category-mersin"],"views":1,"_links":{"self":[{"href":"https:\/\/mersinkadingazetesi.com\/index.php?rest_route=\/wp\/v2\/posts\/31195"}],"collection":[{"href":"https:\/\/mersinkadingazetesi.com\/index.php?rest_route=\/wp\/v2\/posts"}],"about":[{"href":"https:\/\/mersinkadingazetesi.com\/index.php?rest_route=\/wp\/v2\/types\/post"}],"author":[{"embeddable":true,"href":"https:\/\/mersinkadingazetesi.com\/index.php?rest_route=\/wp\/v2\/users\/2"}],"replies":[{"embeddable":true,"href":"https:\/\/mersinkadingazetesi.com\/index.php?rest_route=%2Fwp%2Fv2%2Fcomments&post=31195"}],"version-history":[{"count":0,"href":"https:\/\/mersinkadingazetesi.com\/index.php?rest_route=\/wp\/v2\/posts\/31195\/revisions"}],"wp:featuredmedia":[{"embeddable":true,"href":"https:\/\/mersinkadingazetesi.com\/index.php?rest_route=\/wp\/v2\/media\/31196"}],"wp:attachment":[{"href":"https:\/\/mersinkadingazetesi.com\/index.php?rest_route=%2Fwp%2Fv2%2Fmedia&parent=31195"}],"wp:term":[{"taxonomy":"category","embeddable":true,"href":"https:\/\/mersinkadingazetesi.com\/index.php?rest_route=%2Fwp%2Fv2%2Fcategories&post=31195"},{"taxonomy":"post_tag","embeddable":true,"href":"https:\/\/mersinkadingazetesi.com\/index.php?rest_route=%2Fwp%2Fv2%2Ftags&post=31195"}],"curies":[{"name":"wp","href":"https:\/\/api.w.org\/{rel}","templated":true}]}}