{"id":31200,"date":"2024-03-08T11:40:27","date_gmt":"2024-03-08T08:40:27","guid":{"rendered":"http:\/\/mersinkadingazetesi.com\/?p=31200"},"modified":"2024-03-08T11:40:27","modified_gmt":"2024-03-08T08:40:27","slug":"ekmekci-mezitli-icin-projelerini-acikliyor","status":"publish","type":"post","link":"https:\/\/mersinkadingazetesi.com\/?p=31200","title":{"rendered":"Ekmekci, Mezitli i\u00e7in projelerini a\u00e7\u0131kl\u0131yor"},"content":{"rendered":"<p>Cumhur \u0130ttifak\u0131 Mezitli Belediye Ba\u015fkan Aday\u0131 Mevl\u00fct Ekmekci, Mezitli i\u00e7in ger\u00e7ekle\u015ftirece\u011fi dev projelerini 10 Mart Pazar g\u00fcn\u00fc a\u00e7\u0131kl\u0131yor. 31 Mart tarihinde yap\u0131lacak yerel se\u00e7imler \u00f6ncesi \u00e7al\u0131\u015fmalar\u0131n\u0131 b\u00fcy\u00fck bir h\u0131zla s\u00fcrd\u00fcren Ekmekci, proje lansman\u0131n\u0131 Vatan Caddesi \u00fczerinde bulunan Eva Palace\u2019de saat 14.00\u2019te yapacak. Adayl\u0131\u011f\u0131n\u0131n a\u00e7\u0131klanmas\u0131n\u0131n ard\u0131ndan toplumun her kesimi taraf\u0131ndan b\u00fcy\u00fck destek g\u00f6ren Ekmekci, Mezitli\u2019yi ba\u015ftan a\u015fa\u011f\u0131ya d\u00f6n\u00fc\u015ft\u00fcrecek projelerle kamuoyu ile payla\u015facak.<br \/>\nEn b\u00fcy\u00fck projesinin Mezitli\u2019yi ger\u00e7ek belediyecilikle tan\u0131\u015ft\u0131rmak oldu\u011funu dile getiren Ekmekci, T\u00fcrkiye y\u00fcz y\u0131l\u0131n\u0131n in\u015fas\u0131n\u0131 Mezitli&#8217;de hayata ge\u00e7irmek i\u00e7in aday oldu\u011funu s\u00f6yledi.<br \/>\nKent genelinde yapm\u0131\u015f oldu\u011fu ziyaretlerinde Ak Parti\u2019nin belediyecilik anlay\u0131\u015f\u0131n\u0131 anlatmaya \u00e7al\u0131\u015ft\u0131\u011f\u0131na vurgu yapan Ekmekci, &#8220;\u00c7al\u0131\u015fmalar\u0131m\u0131zda yeni bir a\u015famaya ge\u00e7iyoruz. Art\u0131k Ak Partimizin belediyecilik anlay\u0131\u015f\u0131n\u0131n yan\u0131nda projelerimizi de sunmaya ba\u015flayaca\u011f\u0131z. Halk\u0131m\u0131z da bize inan\u0131yor ve ger\u00e7ek belediyecili\u011fi b\u00fcy\u00fck bir \u00f6zlemle bekliyor. Gencimize kad\u0131n\u0131m\u0131za yarataca\u011f\u0131m\u0131z f\u0131rsatlar, ya\u015fl\u0131m\u0131za, engellimize g\u00fc\u00e7 katacak projelerimiz var. Can dostlar\u0131m\u0131za s\u00f6z\u00fcm\u00fcz, Mezitli&#8217;mizin do\u011fas\u0131na ta\u015f\u0131na sahip \u00e7\u0131kacak s\u00f6z\u00fcm\u00fcz var. Mezitli&#8217;nin o kadar eksik yar\u0131m kalm\u0131\u015f i\u015fleri var ki. Her biri alan\u0131nda uzman ekip arkada\u015flar\u0131m\u0131zla birlikte \u00e7ok \u00f6nemli projeler haz\u0131rlad\u0131k. &#8221; dedi.<br \/>\nHi\u00e7 kimsenin \u00f6tekile\u015ftirilmedi\u011fi, bar\u0131\u015f i\u00e7erisinde bir Mezitli&#8217;nin tek hayallerinin oldu\u011funu belirten Ekmekci, &#8220;Bu kentte ya\u015fayan bu kentte nefes alan bir birey olarak Mezitli&#8217;nin neye ihtiyac\u0131 oldu\u011funu bilerek yola \u00e7\u0131kt\u0131k. Mezitli&#8217;nin ger\u00e7ek belediyecili\u011fi ne kadar \u00f6zledi\u011fini ve hak etti\u011fini bug\u00fcn daha g\u00f6r\u00fcyoruz. Halk\u0131m\u0131z da art\u0131k Cumhur ittifak\u0131n\u0131n kazanmas\u0131yla Mezitli\u2019nin neler kazanaca\u011f\u0131n\u0131 iyi biliyor. Ev ev mahalle mahalle gezerek yapmak istediklerimizi anlatt\u0131k, vatanda\u015f\u0131m\u0131z\u0131n bizden beklentilerini kaydettik. Ak Parti&#8217;nin belediyecilik anlay\u0131\u015f\u0131n\u0131 projelerimizle daha iyi anlatmak f\u0131rsat\u0131 bulaca\u011f\u0131z&#8221; dedi.<\/p>\n","protected":false},"excerpt":{"rendered":"<p>Cumhur \u0130ttifak\u0131 Mezitli Belediye Ba\u015fkan Aday\u0131 Mevl\u00fct Ekmekci, Mezitli i\u00e7in ger\u00e7ekle\u015ftirece\u011fi dev projelerini 10 Mart Pazar g\u00fcn\u00fc a\u00e7\u0131kl\u0131yor. 31 Mart tarihinde yap\u0131lacak yerel se\u00e7imler \u00f6ncesi \u00e7al\u0131\u015fmalar\u0131n\u0131 b\u00fcy\u00fck bir h\u0131zla s\u00fcrd\u00fcren Ekmekci, proje lansman\u0131n\u0131 Vatan Caddesi \u00fczerinde bulunan Eva Palace\u2019de saat 14.00\u2019te yapacak. Adayl\u0131\u011f\u0131n\u0131n a\u00e7\u0131klanmas\u0131n\u0131n ard\u0131ndan toplumun her kesimi taraf\u0131ndan b\u00fcy\u00fck destek g\u00f6ren Ekmekci, Mezitli\u2019yi ba\u015ftan [&hellip;]<\/p>\n","protected":false},"author":2,"featured_media":31201,"comment_status":"open","ping_status":"open","sticky":false,"template":"","format":"standard","meta":{"footnotes":""},"categories":[3,5,6],"tags":[],"class_list":["post-31200","post","type-post","status-publish","format-standard","has-post-thumbnail","hentry","category-manset","category-mersin","category-siyaset-2"],"views":1,"_links":{"self":[{"href":"https:\/\/mersinkadingazetesi.com\/index.php?rest_route=\/wp\/v2\/posts\/31200"}],"collection":[{"href":"https:\/\/mersinkadingazetesi.com\/index.php?rest_route=\/wp\/v2\/posts"}],"about":[{"href":"https:\/\/mersinkadingazetesi.com\/index.php?rest_route=\/wp\/v2\/types\/post"}],"author":[{"embeddable":true,"href":"https:\/\/mersinkadingazetesi.com\/index.php?rest_route=\/wp\/v2\/users\/2"}],"replies":[{"embeddable":true,"href":"https:\/\/mersinkadingazetesi.com\/index.php?rest_route=%2Fwp%2Fv2%2Fcomments&post=31200"}],"version-history":[{"count":0,"href":"https:\/\/mersinkadingazetesi.com\/index.php?rest_route=\/wp\/v2\/posts\/31200\/revisions"}],"wp:featuredmedia":[{"embeddable":true,"href":"https:\/\/mersinkadingazetesi.com\/index.php?rest_route=\/wp\/v2\/media\/31201"}],"wp:attachment":[{"href":"https:\/\/mersinkadingazetesi.com\/index.php?rest_route=%2Fwp%2Fv2%2Fmedia&parent=31200"}],"wp:term":[{"taxonomy":"category","embeddable":true,"href":"https:\/\/mersinkadingazetesi.com\/index.php?rest_route=%2Fwp%2Fv2%2Fcategories&post=31200"},{"taxonomy":"post_tag","embeddable":true,"href":"https:\/\/mersinkadingazetesi.com\/index.php?rest_route=%2Fwp%2Fv2%2Ftags&post=31200"}],"curies":[{"name":"wp","href":"https:\/\/api.w.org\/{rel}","templated":true}]}}