{"id":31203,"date":"2024-03-08T12:54:17","date_gmt":"2024-03-08T09:54:17","guid":{"rendered":"http:\/\/mersinkadingazetesi.com\/?p=31203"},"modified":"2024-03-08T12:54:17","modified_gmt":"2024-03-08T09:54:17","slug":"insanlar-dogdugu-yerde-doysun-diye-her-kesime-dokunduk","status":"publish","type":"post","link":"https:\/\/mersinkadingazetesi.com\/?p=31203","title":{"rendered":"&#8220;\u0130NSANLAR DO\u011eDU\u011eU YERDE DOYSUN D\u0130YE HER KES\u0130ME DOKUNDUK&#8221;"},"content":{"rendered":"<p>Mersin B\u00fcy\u00fck\u015fehir Belediye Ba\u015fkan\u0131 ve Cumhuriyet Halk Partisi (CHP) Mersin B\u00fcy\u00fck\u015fehir Belediye Ba\u015fkan Aday\u0131 Vahap Se\u00e7er, Mersin B\u00fcy\u00fck\u015fehir Belediyesi Tar\u0131msal Destekler T\u00f6reni&#8217;ne kat\u0131ld\u0131.<\/p>\n<p>B\u00fcy\u00fck\u015fehir Belediyesi Tar\u0131msal Hizmetler Dairesi Ba\u015fkanl\u0131\u011f\u0131 taraf\u0131ndan Silifke \u0130l\u00e7esi An\u0131t Meydan\u0131&#8217;nda d\u00fczenlenen t\u00f6rende Ba\u015fkan Se\u00e7er, CHP Silifke Belediye Ba\u015fkan Aday\u0131 Mustafa Turgut, Mersin \u0130l Ba\u015fkan\u0131 Koral \u00d6m\u00fcr, Gen\u00e7lik Kollar\u0131 Genel Ba\u015fkan Yard\u0131mc\u0131s\u0131 \u0130zzet K\u0131r\u0131lmaz, Mersin \u0130l Kad\u0131n Kollar\u0131 Ba\u015fkan\u0131 G\u00fcl\u015fah Y\u0131ld\u0131r\u0131m Gen\u00e7, Mersin \u0130l Gen\u00e7lik Kollar\u0131 Ba\u015fkan\u0131 Alk\u0131m S\u00fcmer, Silifke \u0130l\u00e7e Ba\u015fkan\u0131 Zarif Korkmaz, CHP \u00d6nceki D\u00f6nem Mersin Milletvekili Cengiz G\u00f6k\u00e7el, Derin Yoksulluk A\u011f\u0131&#8217;ndan Hacer Foggo, Mersin B\u00fcy\u00fck\u015fehir Belediyesi b\u00fcrokratlar\u0131, Silifke Ziraat Odas\u0131 Ba\u015fkan\u0131 Cafer Doygun, Mersin Dam\u0131zl\u0131k S\u0131\u011f\u0131r Yeti\u015ftiricileri Birli\u011fi Ba\u015fkan\u0131 Nuri Demirba\u015f ile Meclis \u00fcyeleri ve Meclis \u00fcyesi adaylar\u0131, muhtarlar ve \u00fcreticiler yer ald\u0131.<\/p>\n<p>Se\u00e7er: &#8220;Mersinimizi ve Silifkemizi \u00e7ok daha g\u00fczel g\u00fcnler bekliyor&#8221;<\/p>\n<p>T\u00f6rende konu\u015fan Ba\u015fkan Se\u00e7er, Mersin&#8217;in Silifke&#8217;den Akdeniz&#8217;e, Anamur&#8217;dan Tarsus&#8217;a kadar \u00e7al\u0131\u015fkan insanlar\u0131n ya\u015fad\u0131\u011f\u0131 bir memleket oldu\u011funu vurgulayarak. &#8220;Mersinimizin insan\u0131 hem \u00e7al\u0131\u015fkan hem y\u00fcre\u011fi g\u00fczel. Mersinimizi ve Silifkemizi \u00e7ok daha g\u00fczel g\u00fcnler bekliyor&#8221; dedi. 5 y\u0131l boyunca Mersin i\u00e7in \u00e7al\u0131\u015ft\u0131klar\u0131n\u0131 ve \u00e7al\u0131\u015fmaya da devam edeceklerini belirten Se\u00e7er, &#8220;5 y\u0131ld\u0131r yurtta\u015flar\u0131m\u0131z\u0131n dertleriyle dertlendik, hi\u00e7bir olumsuzluklar\u0131 bahane olarak g\u00f6stermedik. Mevcudu en iyi \u015fekilde de\u011ferlendirdik. \u00c7ok \u00e7al\u0131\u015ft\u0131k, israf etmedik. Kimsenin t\u00fcy\u00fc bitmemi\u015f yetimin hakk\u0131na el uzatmas\u0131na m\u00fcsaade etmedik. Yurtta\u015f\u0131n hakk\u0131n\u0131, hukukunu kendi hakk\u0131m\u0131zdan, hukukumuzdan \u00fcst\u00fcn bildik. Bu 5 y\u0131l\u0131 b\u00f6yle ge\u00e7irdik. Gelecek 5 y\u0131l i\u00e7in de ayn\u0131 duygu ve d\u00fc\u015f\u00fcncelerle, ayn\u0131 a\u015fkla, azim ve \u015fevkle \u00e7al\u0131\u015fmaya devam edece\u011fiz&#8221; diye konu\u015ftu.<\/p>\n<p>&#8220;\u0130nsanlar do\u011fdu\u011fu yerde doysun diye her kesime dokunduk&#8221;<\/p>\n<p>Mersin&#8217;in bir tar\u0131m kenti olmas\u0131ndan dolay\u0131 tar\u0131m sekt\u00f6r\u00fcne ayr\u0131 bir bak\u0131\u015f a\u00e7\u0131s\u0131yla yakla\u015ft\u0131klar\u0131n\u0131 belirten Se\u00e7er, &#8220;Burada insanlar\u0131n \u00e7o\u011funlu\u011fu evinin ekme\u011fini, r\u0131zk\u0131n\u0131 tar\u0131mda \u00e7al\u0131\u015farak elde ediyor. Bizim amac\u0131m\u0131z ba\u015fta kad\u0131n olmak \u00fczere k\u00fc\u00e7\u00fck \u00fcreticiye destek olmak. Fide-fidan, alet ekipman, g\u00fcne\u015f paneli gibi desteklerle herkese dokunduk, insanlar do\u011fdu\u011fu yerde doysun istedik. Her b\u00f6lgenin kendine ait ihtiya\u00e7lar\u0131n\u0131 kar\u015f\u0131lad\u0131k&#8221; ifadelerine yer verdi.<\/p>\n<p>&#8220;Destekleri ula\u015ft\u0131r\u0131rken hi\u00e7bir yurtta\u015f\u0131n siyasi kimli\u011fine bakmad\u0131k&#8221;<\/p>\n<p>Tar\u0131msal destekleri ula\u015ft\u0131r\u0131rken hi\u00e7bir yurtta\u015f\u0131n siyasi kimli\u011fine bakmad\u0131klar\u0131n\u0131n alt\u0131n\u0131 \u00e7izen Se\u00e7er, &#8220;Bizim d\u00f6nemimizde her \u015fey farkl\u0131la\u015ft\u0131. \u00d6yle arkada\u015f\u0131, dostu, tan\u0131d\u0131\u011f\u0131 olana boru g\u00f6nderelim, alet, ekipman, fide-fidan verelim yok. Biz adalet istiyoruz. Biz b\u00fct\u00fcn yurtta\u015flar\u0131n devlet kar\u015f\u0131s\u0131nda e\u015fit oldu\u011funu savunuyoruz. &#8216;Sen CHP&#8217;lisin, sen Ak Partilisin, sen MHP&#8217;lisin, sen bendensin, sen de\u011filsin, sen bizim b\u00f6lgedensin, sen kar\u015f\u0131 taraftans\u0131n&#8217; diye bir ayr\u0131m\u0131n i\u00e7erisinde olmad\u0131k. K\u00f6ylerimizin yolunu yaparken, tar\u0131msal destek yaparken, burada e\u011fitim merkezimize 300&#8217;den fazla \u00e7ocu\u011fu e\u011fitim g\u00f6rs\u00fcn diye kay\u0131t alt\u0131na al\u0131rken yurtta\u015flar\u0131n oyunu sormad\u0131k. Onlara bizim e\u015fit yurtta\u015f\u0131m\u0131z diye muamele ettik&#8221; dedi.<\/p>\n<p>&#8220;Kentimiz tar\u0131m kenti diyor, destek veriyoruz&#8221;<\/p>\n<p>T\u00f6ren kapsam\u0131nda Silifke&#8217;de 51 mahallede 46&#8217;s\u0131 kad\u0131n toplam 188 \u00fcreticiye 5 bin 571 adet zeytin fidan\u0131, 19 \u00fcreticiye 20 bin adet lavanta fidesi ve 10 sulama kooperatifine de 9 bin 702 metre boru deste\u011fi sa\u011flayacaklar\u0131n\u0131 s\u00f6yleyen Se\u00e7er, desteklerin devam edece\u011fini vurgulad\u0131. 5 y\u0131lda toplam 255 kilometre sulama borusu deste\u011fi verdiklerini belirten Se\u00e7er, &#8220;Bu y\u0131l da 100 kilometre da\u011f\u0131taca\u011f\u0131z. Kentimiz tar\u0131m kenti diyor, destek veriyoruz. \u0130yi ki de \u00f6yle yap\u0131yoruz. \u00c7\u00fcnk\u00fc ger\u00e7ekten al\u0131n teriyle, gecesini g\u00fcnd\u00fcz\u00fcne katan \u00fcreticiye yap\u0131lan destek en kutsal, en helal destektir&#8221; diye konu\u015ftu.<\/p>\n<p>&#8220;Biz g\u00fc\u00e7l\u00fcy\u00fcz, biz Mersinliyiz, \u00e7al\u0131\u015f\u0131yoruz, \u00fcretiyoruz, vergi veriyoruz&#8221;<\/p>\n<p>Ayn\u0131 zamanda g\u00fcne\u015f paneli deste\u011fi de verdiklerini s\u00f6yleyen Se\u00e7er, &#8220;Bu belediye her \u015feyi da\u011f\u0131t\u0131yor. Mersin B\u00fcy\u00fck\u015fehir Belediyesi T\u00fcrkiye&#8217;nin en sa\u011flam belediyelerinden biridir. Biz g\u00fc\u00e7l\u00fcy\u00fcz, biz Mersinliyiz, \u00e7al\u0131\u015f\u0131yoruz, \u00fcretiyoruz, vergi veriyoruz. Bununla \u00f6v\u00fcn\u00fcr\u00fcz&#8221; s\u00f6zlerine yer verdi. Yapt\u0131klar\u0131 i\u015flerin en iyisini yapmaya gayret ettiklerinin alt\u0131n\u0131 \u00e7izen Se\u00e7er, B\u00fcy\u00fck\u015fehir sorumluluk alan\u0131nda olan her caddenin yenilendi\u011fini ya da proje kapsam\u0131nda oldu\u011funu belirtti. Se\u00e7er ayr\u0131ca Silifke Belediyesi ile gelecek 5 y\u0131l \u00f6nemli projeleri de hayata ge\u00e7ireceklerini kaydetti.<\/p>\n<p>Sulama kooperatifi ba\u015fkanlar\u0131na seslenen Se\u00e7er, &#8220;Gelecek 5 y\u0131ll\u0131k s\u00fcre\u00e7te kooperatiflere m\u00fcjdemizdir. Tar\u0131msal g\u00fcne\u015f enerji santrali (GES) projelerine destek verece\u011fiz. \u00c7\u00fcnk\u00fc bu kooperatiflerin en b\u00fcy\u00fck gideri elektrik gideri. Onu en aza indirmek i\u00e7in g\u00fcne\u015f paneli deste\u011fi sa\u011flayaca\u011f\u0131z&#8221; dedi.<\/p>\n<p>&#8220;Gelecek 5 y\u0131l Silifke&#8217;nin \u015fahlanma d\u00f6nemi olacak&#8221;<\/p>\n<p>Silifke&#8217;nin yazl\u0131k bir b\u00f6lge olmas\u0131 sebebiyle yaz\u0131n n\u00fcfus kapasitesinin art\u0131\u011f\u0131n\u0131 ve ar\u0131tma tesisinin kapasitesinin yetersiz kald\u0131\u011f\u0131n\u0131 dile getiren Se\u00e7er, Atakent-Atayurt-Arkum Ortak At\u0131ksu Ar\u0131tma Tesisi projesini de hayata ge\u00e7ireceklerini vurgulad\u0131. Proje i\u00e7in finansman sa\u011flad\u0131klar\u0131n\u0131n da alt\u0131n\u0131 \u00e7izen Se\u00e7er, &#8220;Bunlar b\u00fcy\u00fck yat\u0131r\u0131mlar. G\u00f6revde oldu\u011fumuz s\u00fcrede b\u00fct\u00fcn bu sorunlar\u0131 \u00e7\u00f6zecek projeler yapt\u0131k. Yak\u0131n tarihte onlar\u0131n da in\u015faat\u0131 ba\u015flayacak. Temellerini ataca\u011f\u0131z ve tesisi Silifke&#8217;ye kazand\u0131raca\u011f\u0131z. Art\u0131k denimiz daha temiz, Silifke daha modern, yollar\u0131m\u0131z da daha g\u00fczel olacak&#8221; ifadelerini kulland\u0131.<\/p>\n<p>31 Mart&#8217;ta yap\u0131lacak yerel se\u00e7imlerde il\u00e7e belediyesinde CHP&#8217;nin Silifke Belediye Ba\u015fkan\u0131 Aday\u0131 Mustafa Turgut&#8217;a, B\u00fcy\u00fck\u015fehir&#8217;de ise kendisine destek isteyen Se\u00e7er, &#8220;Yeni d\u00f6nemde il\u00e7e belediyemizde,  Mustafa Ba\u015fkan\u0131m\u0131zla beraber daha g\u00fc\u00e7l\u00fc bir \u015fekilde, \u00e7ok daha g\u00fczel projelerin alt\u0131na imza ataca\u011f\u0131z. Gelecek 5 y\u0131l Silifke&#8217;nin \u015fahlanma d\u00f6nemi olacak. Bunun s\u00f6z\u00fcn\u00fc veriyoruz&#8221; diyerek s\u00f6zlerini sonland\u0131rd\u0131.<\/p>\n<p>Turgut: &#8220;Projelerimiz ve yapacaklar\u0131m\u0131z \u00e7ok&#8221;<\/p>\n<p>CHP Silifke Belediye Ba\u015fkan Aday\u0131 Mustafa Turgut, se\u00e7imi kazand\u0131ktan sonra B\u00fcy\u00fck\u015fehir Belediyesi ile birlikte koordineli bir \u015fekilde hizmet edeceklerini kaydederek, &#8220;G\u00fc\u00e7lerimizi birle\u015ftirece\u011fiz ve hizmet etmeye birlikte devam edece\u011fiz. Projelerimiz ve yapacaklar\u0131m\u0131z \u00e7ok. 5 y\u0131lda belediyecili\u011fi \u00f6\u011frendik. \u015eimdi 2. d\u00f6neme haz\u0131rlan\u0131yoruz. Geni\u015f co\u011frafyay\u0131, sahay\u0131, belediyecili\u011fi biliyoruz. Yeni bir ekiple hizmete ba\u015flayaca\u011f\u0131z. \u00c7ok b\u00fcy\u00fck bir \u015fans\u0131m\u0131z var. Arkam\u0131za B\u00fcy\u00fck\u015fehir Belediyesi&#8217;ni alaca\u011f\u0131z. Ben Silifkeli hem\u015ferilerimden il\u00e7ede kendime, B\u00fcy\u00fck\u015fehir&#8217;de Vahap Se\u00e7er&#8217;e destek istiyorum&#8221; ifadelerini kulland\u0131.<\/p>\n<p>I\u015f\u0131kl\u0131 Mahallesi&#8217;nde ya\u015fayan ve zeytin \u00fcreticisi olan Ey\u00fcp Elpik, &#8220;Say\u0131n ba\u015fkan\u0131m\u0131z\u0131n daha \u00f6nce de zeytin fidanlar\u0131ndan faydalanm\u0131\u015ft\u0131k. \u015eimdi de tekrar bu projeyi yapm\u0131\u015f. Kendisine buradan \u00e7ok te\u015fekk\u00fcr ediyor, sayg\u0131lar sunuyorum. Bu projelerin devam\u0131n\u0131 istiyorum&#8221; dedi.<\/p>\n<p>\u00c7alt\u0131bozk\u0131r Mahallesi&#8217;nde ya\u015fayan ve lavanta fidesi deste\u011fi projesinden faydalanan \u00fcretici Fadime \u00c7etinkaya, &#8220;B\u00fcy\u00fck\u015fehir Belediyesi&#8217;nin vermi\u015f oldu\u011fu fidelerden yararland\u0131k. Bug\u00fcn de yine fidelerden almak i\u00e7in geldik. Verdikleri destekten dolay\u0131 Vahap Se\u00e7er Ba\u015fkan\u0131ma ve ekibine \u00e7ok te\u015fekk\u00fcr ediyoruz, desteklerini bekliyoruz&#8221; diye konu\u015ftu.<\/p>\n<p>Orta\u00f6ren Sulama Kooperatif Ba\u015fkan\u0131 \u0130brahim Ethem Durmaz, kooperatiflerine verilen zeytin boylama makinesi i\u00e7in te\u015fekk\u00fcrlerini ileterek, &#8220;B\u00fcy\u00fck\u015fehir Belediye Ba\u015fkan\u0131m\u0131za ve B\u00fcy\u00fck\u015fehir Belediyesi&#8217;ne \u015fu anda g\u00f6rd\u00fc\u011f\u00fcm\u00fcz ve daha \u00f6nce yap\u0131lan bir\u00e7ok destek i\u00e7in \u00e7ok te\u015fekk\u00fcr ediyorum. Bizler de bu desteklerin artarak devam etmesini istiyoruz&#8221; ifadelerini kulland\u0131.<\/p>\n","protected":false},"excerpt":{"rendered":"<p>Mersin B\u00fcy\u00fck\u015fehir Belediye Ba\u015fkan\u0131 ve Cumhuriyet Halk Partisi (CHP) Mersin B\u00fcy\u00fck\u015fehir Belediye Ba\u015fkan Aday\u0131 Vahap Se\u00e7er, Mersin B\u00fcy\u00fck\u015fehir Belediyesi Tar\u0131msal Destekler T\u00f6reni&#8217;ne kat\u0131ld\u0131. B\u00fcy\u00fck\u015fehir Belediyesi Tar\u0131msal Hizmetler Dairesi Ba\u015fkanl\u0131\u011f\u0131 taraf\u0131ndan Silifke \u0130l\u00e7esi An\u0131t Meydan\u0131&#8217;nda d\u00fczenlenen t\u00f6rende Ba\u015fkan Se\u00e7er, CHP Silifke Belediye Ba\u015fkan Aday\u0131 Mustafa Turgut, Mersin \u0130l Ba\u015fkan\u0131 Koral \u00d6m\u00fcr, Gen\u00e7lik Kollar\u0131 Genel Ba\u015fkan Yard\u0131mc\u0131s\u0131 [&hellip;]<\/p>\n","protected":false},"author":2,"featured_media":31204,"comment_status":"open","ping_status":"open","sticky":false,"template":"","format":"standard","meta":{"footnotes":""},"categories":[1,2,3],"tags":[],"class_list":["post-31203","post","type-post","status-publish","format-standard","has-post-thumbnail","hentry","category-genel","category-gundem","category-manset"],"views":3,"_links":{"self":[{"href":"https:\/\/mersinkadingazetesi.com\/index.php?rest_route=\/wp\/v2\/posts\/31203"}],"collection":[{"href":"https:\/\/mersinkadingazetesi.com\/index.php?rest_route=\/wp\/v2\/posts"}],"about":[{"href":"https:\/\/mersinkadingazetesi.com\/index.php?rest_route=\/wp\/v2\/types\/post"}],"author":[{"embeddable":true,"href":"https:\/\/mersinkadingazetesi.com\/index.php?rest_route=\/wp\/v2\/users\/2"}],"replies":[{"embeddable":true,"href":"https:\/\/mersinkadingazetesi.com\/index.php?rest_route=%2Fwp%2Fv2%2Fcomments&post=31203"}],"version-history":[{"count":0,"href":"https:\/\/mersinkadingazetesi.com\/index.php?rest_route=\/wp\/v2\/posts\/31203\/revisions"}],"wp:featuredmedia":[{"embeddable":true,"href":"https:\/\/mersinkadingazetesi.com\/index.php?rest_route=\/wp\/v2\/media\/31204"}],"wp:attachment":[{"href":"https:\/\/mersinkadingazetesi.com\/index.php?rest_route=%2Fwp%2Fv2%2Fmedia&parent=31203"}],"wp:term":[{"taxonomy":"category","embeddable":true,"href":"https:\/\/mersinkadingazetesi.com\/index.php?rest_route=%2Fwp%2Fv2%2Fcategories&post=31203"},{"taxonomy":"post_tag","embeddable":true,"href":"https:\/\/mersinkadingazetesi.com\/index.php?rest_route=%2Fwp%2Fv2%2Ftags&post=31203"}],"curies":[{"name":"wp","href":"https:\/\/api.w.org\/{rel}","templated":true}]}}