{"id":31206,"date":"2024-03-08T12:55:52","date_gmt":"2024-03-08T09:55:52","guid":{"rendered":"http:\/\/mersinkadingazetesi.com\/?p=31206"},"modified":"2024-03-08T12:55:52","modified_gmt":"2024-03-08T09:55:52","slug":"13-ilcemizin-hepsi-bizim-icin-ayni-degerdedir","status":"publish","type":"post","link":"https:\/\/mersinkadingazetesi.com\/?p=31206","title":{"rendered":"&#8220;13 \u0130L\u00c7EM\u0130Z\u0130N HEPS\u0130 B\u0130Z\u0130M \u0130\u00c7\u0130N AYNI DE\u011eERDED\u0130R&#8221;"},"content":{"rendered":"<p>Mersin B\u00fcy\u00fck\u015fehir Belediye Ba\u015fkan\u0131 ve Cumhuriyet Halk Partisi (CHP) Mersin B\u00fcy\u00fck\u015fehir Belediye Ba\u015fkan Aday\u0131 Vahap Se\u00e7er, &#8216;Kent Kat\u0131l\u0131m\u0131 Bulu\u015fmalar\u0131&#8217; kapsam\u0131nda Silifke \u0130l\u00e7esi&#8217;nde faaliyet g\u00f6steren oda, dernek ve sendikalar\u0131n temsilcileriyle bir araya geldi.<\/p>\n<p>Silifke Ticaret ve Sanayi Odas\u0131&#8217;nda d\u00fczenlenen toplant\u0131da Ba\u015fkan Se\u00e7er, Silifke Belediye Ba\u015fkan Aday\u0131 Mustafa Turgut, CHP Mersin \u0130l Ba\u015fkan\u0131 Koral \u00d6m\u00fcr, CHP Silifke \u0130l\u00e7e Ba\u015fkan\u0131 Zarif Korkmaz, CHP Gen\u00e7lik Kollar\u0131 Genel Ba\u015fkan Yard\u0131mc\u0131s\u0131 \u0130zzet K\u0131r\u0131lmaz, CHP Mersin \u0130l Kad\u0131n Kollar\u0131 Ba\u015fkan\u0131 G\u00fcl\u015fah Y\u0131ld\u0131r\u0131m Gen\u00e7, Derin Yoksulluk A\u011f\u0131&#8217;ndan Hacer Foggo, Silifke Ticaret ve Sanayi Odas\u0131 Y\u00f6netim Kurulu Ba\u015fkan\u0131 Nurettin Kaynar, Meclis \u00fcyeleri ve Meclis \u00fcyesi adaylar\u0131, Silifke Sanayi ve Ticaret Odas\u0131 Meclis \u00fcyeleri, y\u00f6netim kurulu \u00fcyeleri, Mersin B\u00fcy\u00fck\u015fehir Belediyesi b\u00fcrokratlar\u0131 ve daire ba\u015fkanlar\u0131, STK temsilcileri ve kanaat \u00f6nderleri ile i\u015f d\u00fcnyas\u0131ndan isimler yer ald\u0131.<\/p>\n<p>&#8220;Silifkemiz h\u0131zl\u0131 geli\u015fiyor&#8221;<\/p>\n<p>Silifke&#8217;nin h\u0131zl\u0131 geli\u015fen bir il\u00e7e oldu\u011funa de\u011finen Ba\u015fkan Se\u00e7er, &#8220;Bunun temel sebeplerinden bir tanesi b\u00f6lgedeki geli\u015fmeler. SEKA liman\u0131n\u0131n \u015fu anda faaliyete girmesi, n\u00fckleer santral in\u015faat\u0131 ve b\u00f6lgedeki di\u011fer yat\u0131r\u0131mlar. Belli ki yak\u0131n tarihte n\u00fcfus ak\u0131\u015f\u0131 devam edecek. B\u00f6lge ciddi n\u00fcfus alacak&#8221; dedi.<\/p>\n<p>\u0130mar planlar\u0131n\u0131n kentte yap\u0131lacak yat\u0131r\u0131mlar i\u00e7in \u00f6nemli oldu\u011funa vurgu yapan Se\u00e7er, &#8220;Biz de bu \u00e7er\u00e7evede \u00e7al\u0131\u015fmalar\u0131n\u0131 s\u00fcrd\u00fcr\u00fcyoruz. Ta\u015fucu b\u00f6lgesi imar planlar\u0131 bitti. Di\u011fer b\u00f6lgeler de devam ediyor ama h\u0131zl\u0131 da bir yap\u0131la\u015fma var \u015fu anda. \u00d6zellikle bizim imara a\u00e7t\u0131\u011f\u0131m\u0131z yerler ve buna ilaveten bakanl\u0131\u011f\u0131n resen plan d\u00fczenlemeleri yapt\u0131\u011f\u0131 ve \u015fu anda da \u00f6zellikle n\u00fckleer santral in\u015faat\u0131nda mavi yaka, beyaz yaka \u00e7al\u0131\u015fanlar i\u00e7in toplu konut in\u015faatlar\u0131 ba\u015flad\u0131&#8221; diye konu\u015ftu.<\/p>\n<p>&#8220;4 y\u0131l i\u00e7erisinde bu b\u00f6lgeye 102 bin ton asfalt kulland\u0131k&#8221;<\/p>\n<p>Ger\u00e7ekle\u015fecek yap\u0131la\u015fma dolay\u0131s\u0131yla altyap\u0131 yat\u0131r\u0131mlar\u0131 konusunda tedbir almak gerekti\u011fini, al\u0131nmazsa b\u00fcy\u00fck s\u0131k\u0131nt\u0131lar ya\u015fanabilece\u011fini s\u00f6yleyen Ba\u015fkan Se\u00e7er, &#8220;Bunu \u00f6ng\u00f6rmek laz\u0131m. Yeni imar d\u00fczenlemelerinden sonra bize ait yeni a\u00e7\u0131lacak yollarla ilgili hemen \u00e7al\u0131\u015fmalar\u0131 ba\u015flataca\u011f\u0131z. B\u00fcy\u00fck\u015fehir&#8217;in uhdesinde olan \u00e7al\u0131\u015fmalar\u0131 ba\u015flataca\u011f\u0131z. 4 y\u0131l i\u00e7erisinde bu b\u00f6lgeye 102 bin ton asfalt kulland\u0131k. \u015eehrin merkezi ana caddeler, s\u0131cak asfalt \u00e7al\u0131\u015fmalar\u0131 i\u00e7in ayr\u0131ca \u00f6zellikle grup yollar\u0131 dedi\u011fimiz k\u00f6y yollar\u0131nda 444 kilometrelik bir sathi kaplama \u00e7al\u0131\u015fmas\u0131 yapt\u0131k&#8221; ifadelerine yer verdi.<\/p>\n<p>Silifke i\u00e7in 2024 y\u0131l\u0131nda planlad\u0131klar\u0131 asfalt \u00e7al\u0131\u015fmalar\u0131n\u0131n detay\u0131n\u0131 payla\u015fan Se\u00e7er, &#8220;\u00d6n\u00fcm\u00fczdeki y\u0131l i\u00e7inde ayr\u0131ca 70 kilometrelik bir planlamam\u0131z var. 4 y\u0131lda yapt\u0131\u011f\u0131m\u0131z \u00e7al\u0131\u015fman\u0131n y\u00fczde 70&#8217;ini 2024 program\u0131n\u0131 ald\u0131k. Buradaki bu h\u0131zl\u0131 geli\u015fmeyi tespit ederek \u00e7al\u0131\u015fmalar\u0131 h\u0131zland\u0131rd\u0131k&#8221; dedi. B\u00f6lgenin ar\u0131tma ve kanalizasyon sorununu \u00e7\u00f6zmek i\u00e7in yurtd\u0131\u015f\u0131ndan finansal kaynak bulduklar\u0131n\u0131n haberini de veren Se\u00e7er, \u00f6n\u00fcm\u00fczdeki g\u00fcnlerde ihalelerini ger\u00e7ekle\u015ftirip, \u00e7al\u0131\u015fmalar\u0131 ba\u015flatacaklar\u0131n\u0131 duyurdu.<\/p>\n<p>&#8220;\u0130\u00e7inde oldu\u011fumuz ve yapaca\u011f\u0131m\u0131z yat\u0131r\u0131mlar\u0131n toplam maliyeti 2 milyar 15 milyon lira&#8221;<\/p>\n<p>MESK\u0130&#8217;nin Silifke&#8217;ye 5 y\u0131ll\u0131k s\u00fcre i\u00e7erisinde 146 milyon TL&#8217;lik yat\u0131r\u0131m yapt\u0131\u011f\u0131n\u0131 hat\u0131rlatan Se\u00e7er, &#8220;\u015eu anda 258 milyon liral\u0131k i\u00e7inde oldu\u011fumuz yat\u0131r\u0131mlar var. Yine Uzuncabur\u00e7 i\u00e7me suyu hatt\u0131, Ye\u015filovac\u0131k Mahallesi i\u00e7me suyu iletim hatt\u0131 yap\u0131m i\u015fi. Bunlar \u00f6z kaynaklar\u0131m\u0131zdan yapaca\u011f\u0131m\u0131z, devam eden yat\u0131r\u0131mlar\u0131m\u0131z. Sayd\u0131\u011f\u0131m yat\u0131r\u0131mlar\u0131n d\u0131\u015f\u0131nda Narl\u0131kuyu kanalizasyon hatt\u0131, G\u00f6kben Paket At\u0131ksu Ar\u0131tma Tesisi de olmak \u00fczere i\u00e7inde oldu\u011fumuz ve yapaca\u011f\u0131m\u0131z yat\u0131r\u0131mlar\u0131n toplam maliyeti 2 milyar 15 milyon lira. \u00d6n\u00fcm\u00fczdeki 5 y\u0131ll\u0131k s\u00fcre\u00e7te altyap\u0131 ve \u00f6zellikle \u00e7evre sa\u011fl\u0131\u011f\u0131n\u0131 ilgilendiren kanalizasyon, at\u0131k su ar\u0131tma konusunda \u00f6nemli bir mesafe alaca\u011f\u0131m\u0131z\u0131 d\u00fc\u015f\u00fcn\u00fcyorum&#8221; diye konu\u015ftu.<\/p>\n<p>&#8220;Refakat\u00e7i Evlerimizi t\u00fcm Mersin&#8217;de yayg\u0131nla\u015ft\u0131raca\u011f\u0131z&#8221;<\/p>\n<p>Sosyal politikalar konusunda kent merkezinde oldu\u011fu gibi il\u00e7elerde de bir\u00e7ok proje ve hizmeti hayata ge\u00e7irdiklerini aktaran Se\u00e7er, Refakat\u00e7i Evi hizmetinden s\u00f6z ederek, &#8220;Refakat\u00e7i Evlerimiz en de\u011ferli ve kutsal g\u00f6rd\u00fc\u011f\u00fcm sosyal politikalar\u0131m\u0131zdan bir tanesidir. \u00d6n\u00fcm\u00fczdeki s\u00fcre\u00e7te t\u00fcm Mersin&#8217;de bu hizmetimizi yayg\u0131nla\u015ft\u0131rmay\u0131 planl\u0131yoruz ve bunu da ger\u00e7ekle\u015ftirece\u011fiz. \u00d6zellikle il\u00e7elerde ya\u015fayan insanlar\u0131n merkezdeki hastaneleri kullan\u0131m\u0131nda, hastalar\u0131n yan\u0131nda kalan refakat\u00e7ilere sa\u011flad\u0131\u011f\u0131m\u0131z \u00e7ok b\u00fcy\u00fck bir kolayl\u0131kt\u0131r Refakat\u00e7i Evi. Sadece Alo 185&#8217;i aramalar\u0131 yeterli ya da Teksin \u00e7a\u011fr\u0131 merkezimizin whatsapp hatt\u0131ndan talep a\u00e7malar\u0131 yeterli&#8221; dedi.<\/p>\n<p>&#8220;\u00dcretime katk\u0131 yaparak ekonomiye katk\u0131 yapm\u0131\u015f oluyorsunuz&#8221;<\/p>\n<p>Gelecek d\u00f6nemde tar\u0131msal sulama kooperatiflerinin elektrik giderlerini en aza indirmek ad\u0131na G\u00fcne\u015f Enerjisi Santralleri (GES) projesini hayata ge\u00e7ireceklerini s\u00f6yleyen Se\u00e7er, \u00fcreticilere, kooperatiflere ve birliklere verdikleri destekleri payla\u015ft\u0131. 4 y\u0131lda 41 kilometresi Silifke&#8217;ye olmak \u00fczere toplam 255 kilometrelik sulama borusu da\u011f\u0131t\u0131m\u0131 yapt\u0131klar\u0131n\u0131 belirten Se\u00e7er, &#8220;Ben tar\u0131m\u0131 \u00e7ok \u00f6nemsiyorum. Tabi ki bir ziraat\u00e7\u0131 ba\u015fkan olma h\u00fcviyetim, b\u00f6lgenin tar\u0131m kenti olma h\u00fcviyeti de bunda etkili. Ama bu b\u00f6lge yap\u0131lacak hem merkezi h\u00fck\u00fcmetin hem yerel y\u00f6netimlerin en \u00f6nemli destek kalemlerinin ba\u015f\u0131nda k\u00fc\u00e7\u00fck \u00fcreticiyi desteklemek, tar\u0131msal destek oldu\u011funu d\u00fc\u015f\u00fcn\u00fcyorum. Yani insanlar\u0131n evinin duman\u0131n\u0131n t\u00fctmesini sa\u011fl\u0131yorsunuz. Onun \u00fcretimine katk\u0131 yaparak ekonomiye dolayl\u0131 bir katk\u0131 yapm\u0131\u015f oluyorsunuz&#8221; ifadelerine yer verdi.<\/p>\n<p>Se\u00e7er&#8217;den K\u00f6y\u00fcm\u00fcz At\u00f6lye m\u00fcjdesi<\/p>\n<p>Gelecek d\u00f6nem hayata ge\u00e7irecekleri K\u00f6y\u00fcm\u00fcz At\u00f6lye projesini de anlatan Se\u00e7er, &#8220;Her b\u00f6lgenin kendine has \u00fcr\u00fcnlerinin paketlenmesinden, pazarlanmas\u0131na, co\u011frafi i\u015faretlerinin al\u0131nmas\u0131na, at\u00f6lye kurulmas\u0131na, e\u011fitimine kadar her konuda destek verecek \u00e7ok \u00f6nemli bir proje. Hayata ge\u00e7ti\u011fi zaman ne kadar g\u00fczel bir proje oldu\u011funu hakikaten g\u00f6rece\u011fiz. Ziraat\u0131, k\u00f6y\u00fc ve k\u00f6yl\u00fcy\u00fc bilen biri olarak bu proje beni \u00e7ok heyecanland\u0131r\u0131yor. Hani hep dedi\u011fimiz do\u011fdu\u011fumuz yerde doymak, yerinde kalk\u0131nma ya da plans\u0131z kente g\u00f6\u00e7\u00fcn \u00f6n\u00fcn\u00fc alma konusu. Ben bunu bu \u015fekilde de\u011ferlendiriyorum ve \u00e7ok hay\u0131rl\u0131 bir proje oldu\u011funu d\u00fc\u015f\u00fcn\u00fcyorum&#8221; dedi.<\/p>\n<p>Se\u00e7er, Silifke&#8217;ye i\u00e7erisinde yeni nesil k\u00fct\u00fcphane, \u00e7ok ama\u00e7l\u0131 salon, kafe, kre\u015f, amfi, 450 ki\u015filik g\u00f6steri, Survivor alan\u0131, \u00e7ocuklara kre\u015f, spor aletleri, a\u00e7\u0131k sinema, kad\u0131n \u00e7ocuk at\u00f6lyelerin oldu\u011fu Sosyal Ya\u015fam Merkezi&#8217;ni de kazand\u0131racaklar\u0131n\u0131 m\u00fcjdeledi.<\/p>\n<p>&#8220;Mahalle Mutfaklar\u0131 projesi, T\u00fcrkiye&#8217;ye maruf bir projedir&#8221;<\/p>\n<p>Uzuncabur\u00e7&#8217;ta yap\u0131lacak olan Arkeo-k\u00f6y projesini \u00e7ok \u00f6nemsedi\u011fini vurgulayan Se\u00e7er, &#8220;De\u011ferini bilene, oras\u0131 bir hazine.  Biz de de\u011ferini bilece\u011fiz. Silifkemize ve Mersinimize muazzam bir arkeo-k\u00f6y, hatta turistler i\u00e7in bir destinasyon noktas\u0131 da kazand\u0131rm\u0131\u015f olaca\u011f\u0131z&#8221; dedi.<\/p>\n<p>Mahalle Mutfaklar\u0131 projesi ile vatanda\u015flara 3 \u00e7e\u015fit yeme\u011fi 10 TL ile ula\u015ft\u0131rd\u0131klar\u0131n\u0131 kaydeden Se\u00e7er, Silifke&#8217;de yeni bir A\u015fevi de kurmak istediklerini ifade etti. Se\u00e7er, &#8220;Bu T\u00fcrkiye&#8217;de maruf bir projedir. Bunu bu b\u00f6lgede Silifke&#8217;yi merkez olarak belirleyip, buradan ihtiyac\u0131 olan ve il\u00e7elerdeki yurtta\u015flar\u0131m\u0131za yemek ula\u015ft\u0131raca\u011f\u0131z.  Evde bak\u0131m ihtiyac\u0131 olan vatanda\u015flar\u0131m\u0131z\u0131n da g\u00fcnl\u00fck s\u0131cak yemeklerini g\u00f6nderiyoruz. Binlerce ya\u015f alm\u0131\u015f, kimsesi olmayan veya bir ba\u015f\u0131na ya\u015fayan vatanda\u015flar\u0131m\u0131z Mersin B\u00fcy\u00fck\u015fehir&#8217;in bu hizmetlerinden yararlan\u0131yor. Bunu t\u00fcm il\u00e7elerimize yaymak istiyoruz&#8221; diye konu\u015ftu. <\/p>\n<p>&#8220;13 il\u00e7emizin hepsi bizim i\u00e7in ayn\u0131 de\u011ferdedir&#8221;<\/p>\n<p>13 il\u00e7ede hizmet anlay\u0131\u015f\u0131n\u0131 e\u015fit bir \u015fekilde s\u00fcrd\u00fcrd\u00fcklerini ifade eden Se\u00e7er, &#8220;13 il\u00e7emizin hepsi bizim i\u00e7in ayn\u0131 de\u011ferdedir. Hi\u00e7bir ayr\u0131m yapmay\u0131z. Bize oy vermi\u015f veya vermemi\u015f ayr\u0131m\u0131m\u0131z asla olmad\u0131. Bu belediye, 5 y\u0131l boyunca planl\u0131 programl\u0131 \u00e7al\u0131\u015ft\u0131. Programlar\u0131m\u0131z\u0131 yaparken de ara\u015ft\u0131rmalar, muhtarlar\u0131n g\u00f6r\u00fc\u015fleri, vatanda\u015flar\u0131n istek, g\u00f6r\u00fc\u015f ve talepleri do\u011frultusunda yap\u0131yoruz. \u00c7ok disiplinli bir \u015fekilde yat\u0131r\u0131m program\u0131 uygulad\u0131k ve mali disiplin sa\u011flad\u0131k. Onun i\u00e7in Mersin T\u00fcrkiye&#8217;nin en g\u00fc\u00e7l\u00fc b\u00fcy\u00fck\u015fehir belediyeleri aras\u0131na girdi. Bundan dolay\u0131 da belediyemizle gurur duyuyorum. Sizlerin de deste\u011fiyle ikinci 5 y\u0131lda Mersin&#8217;de \u00e7ok daha dolu hizmetler yapaca\u011f\u0131z&#8221; ifadelerini kulland\u0131.<\/p>\n<p>B\u00fcy\u00fck\u015fehir Belediyesi&#8217;nin k\u00fclt\u00fcr ve sanat faaliyetlerine ili\u015fkin gelen sorular\u0131 da yan\u0131tlayan Se\u00e7er, &#8220;Sinema Ofisi&#8217;nin a\u00e7\u0131l\u0131\u015f\u0131n\u0131 yapt\u0131k. Mersin&#8217;in bir film platosu olmas\u0131n\u0131 istiyoruz. Ama Mersin&#8217;i kimse tan\u0131m\u0131yor. Mersin son 5 y\u0131ld\u0131r tan\u0131t\u0131l\u0131yor. Mersin B\u00fcy\u00fck\u015fehir Belediye Ba\u015fkan\u0131n\u0131n ismini 2019&#8217;a kadar ka\u00e7 kanalda duydunuz? Mersin&#8217;de bir hareketlilik var ancak Mersin&#8217;i tan\u0131tmam\u0131z laz\u0131m. Yarataca\u011f\u0131m\u0131z farklarla tan\u0131taca\u011f\u0131z&#8221; dedi.<\/p>\n<p>Turgut: &#8220;Ba\u015fkan\u0131m\u0131z ile beraber deneyimimizi birle\u015ftirip g\u00fc\u00e7 birli\u011fi yapaca\u011f\u0131z&#8221;<\/p>\n<p>Daha \u00f6nce 5 y\u0131l boyunca Silifke&#8217;ye hizmet ettiklerini s\u00f6yleyen CHP Silifke Belediye Ba\u015fkan\u0131 Aday\u0131 Mustafa Turgut, &#8220;1 Nisan&#8217;dan itibaren iki belediyenin g\u00fcc\u00fcn\u00fc birle\u015ftirerek tekrar sizlerin kar\u015f\u0131s\u0131na hizmet i\u00e7in gelece\u011fiz. \u00c7\u00fcnk\u00fc Silifke halk\u0131n\u0131n tevecc\u00fch\u00fcn\u00fc g\u00f6r\u00fcyoruz. Vizyon ve yetene\u011fe sahip B\u00fcy\u00fck\u015fehir Belediye Ba\u015fkan\u0131m\u0131z ile beraber bizler de 5 y\u0131ll\u0131k deneyimimizi, tecr\u00fcbemizi ve bilgimizi birle\u015ftirip g\u00fc\u00e7 birli\u011fi yapmak pe\u015findeyiz&#8221; dedi. Silifke&#8217;nin potansiyeli y\u00fcksek bir il\u00e7e oldu\u011funa dikkat \u00e7eken Turgut, &#8220;Y\u00f6netim anlam\u0131nda biraz \u00f6n\u00fcn\u00fcn a\u00e7\u0131lmas\u0131 gerekiyor. 31 Mart bunun i\u00e7in bir f\u0131rsat. O y\u00fczden bu f\u0131rsat\u0131 de\u011ferlendirelim diyorum&#8221; diye konu\u015ftu.<\/p>\n<p>Korkmaz: &#8220;Ba\u015fkan\u0131m\u0131z g\u00f6reve geldi\u011finden bu yana \u00f6nemli hizmetler ger\u00e7ekle\u015ftirdi&#8221;<\/p>\n<p>CHP Silifke \u0130l\u00e7e Ba\u015fkan\u0131 Zarif Korkmaz, B\u00fcy\u00fck\u015fehir Belediye Ba\u015fkan\u0131 Vahap Se\u00e7er&#8217;in g\u00f6reve geldi\u011fi g\u00fcnden bu yana \u00e7ok \u00f6nemli hizmetlere imza att\u0131\u011f\u0131n\u0131 belirtti. Korkmaz, 31 Mart&#8217;ta yap\u0131lacak yerel se\u00e7imlerde de CHP&#8217;nin Silifke Belediye Aday\u0131 Mustafa Turgut&#8217;a, B\u00fcy\u00fck\u015fehir&#8217;e ise Ba\u015fkan Vahap Se\u00e7er&#8217;e destek istedi.<\/p>\n<p>Konu\u015fmalar\u0131n ard\u0131ndan soru cevap yap\u0131ld\u0131 ve Ba\u015fkan Se\u00e7er, kat\u0131l\u0131mc\u0131lar\u0131n sorular\u0131na yan\u0131t verdi. Program toplu foto\u011fraf \u00e7ekiminin ard\u0131ndan sona erdi.<\/p>\n","protected":false},"excerpt":{"rendered":"<p>Mersin B\u00fcy\u00fck\u015fehir Belediye Ba\u015fkan\u0131 ve Cumhuriyet Halk Partisi (CHP) Mersin B\u00fcy\u00fck\u015fehir Belediye Ba\u015fkan Aday\u0131 Vahap Se\u00e7er, &#8216;Kent Kat\u0131l\u0131m\u0131 Bulu\u015fmalar\u0131&#8217; kapsam\u0131nda Silifke \u0130l\u00e7esi&#8217;nde faaliyet g\u00f6steren oda, dernek ve sendikalar\u0131n temsilcileriyle bir araya geldi. Silifke Ticaret ve Sanayi Odas\u0131&#8217;nda d\u00fczenlenen toplant\u0131da Ba\u015fkan Se\u00e7er, Silifke Belediye Ba\u015fkan Aday\u0131 Mustafa Turgut, CHP Mersin \u0130l Ba\u015fkan\u0131 Koral \u00d6m\u00fcr, CHP Silifke [&hellip;]<\/p>\n","protected":false},"author":2,"featured_media":31207,"comment_status":"open","ping_status":"open","sticky":false,"template":"","format":"standard","meta":{"footnotes":""},"categories":[2,3],"tags":[],"class_list":["post-31206","post","type-post","status-publish","format-standard","has-post-thumbnail","hentry","category-gundem","category-manset"],"views":2,"_links":{"self":[{"href":"https:\/\/mersinkadingazetesi.com\/index.php?rest_route=\/wp\/v2\/posts\/31206"}],"collection":[{"href":"https:\/\/mersinkadingazetesi.com\/index.php?rest_route=\/wp\/v2\/posts"}],"about":[{"href":"https:\/\/mersinkadingazetesi.com\/index.php?rest_route=\/wp\/v2\/types\/post"}],"author":[{"embeddable":true,"href":"https:\/\/mersinkadingazetesi.com\/index.php?rest_route=\/wp\/v2\/users\/2"}],"replies":[{"embeddable":true,"href":"https:\/\/mersinkadingazetesi.com\/index.php?rest_route=%2Fwp%2Fv2%2Fcomments&post=31206"}],"version-history":[{"count":0,"href":"https:\/\/mersinkadingazetesi.com\/index.php?rest_route=\/wp\/v2\/posts\/31206\/revisions"}],"wp:featuredmedia":[{"embeddable":true,"href":"https:\/\/mersinkadingazetesi.com\/index.php?rest_route=\/wp\/v2\/media\/31207"}],"wp:attachment":[{"href":"https:\/\/mersinkadingazetesi.com\/index.php?rest_route=%2Fwp%2Fv2%2Fmedia&parent=31206"}],"wp:term":[{"taxonomy":"category","embeddable":true,"href":"https:\/\/mersinkadingazetesi.com\/index.php?rest_route=%2Fwp%2Fv2%2Fcategories&post=31206"},{"taxonomy":"post_tag","embeddable":true,"href":"https:\/\/mersinkadingazetesi.com\/index.php?rest_route=%2Fwp%2Fv2%2Ftags&post=31206"}],"curies":[{"name":"wp","href":"https:\/\/api.w.org\/{rel}","templated":true}]}}