{"id":31209,"date":"2024-03-08T12:58:25","date_gmt":"2024-03-08T09:58:25","guid":{"rendered":"http:\/\/mersinkadingazetesi.com\/?p=31209"},"modified":"2024-03-08T12:58:25","modified_gmt":"2024-03-08T09:58:25","slug":"mesiad-baskani-gundogdu-esitlik-toplumsal-yasamin-vazgecilmezidir","status":"publish","type":"post","link":"https:\/\/mersinkadingazetesi.com\/?p=31209","title":{"rendered":"MES\u0130AD Ba\u015fkan\u0131 G\u00fcndo\u011fdu: E\u015fitlik, toplumsal ya\u015fam\u0131n vazge\u00e7ilmezidir"},"content":{"rendered":"<p>8 Mart D\u00fcnya Kad\u0131nlar G\u00fcn\u00fcn\u00fc kutlayan MES\u0130AD Ba\u015fkan\u0131 Adnan G\u00fcndo\u011fdu, toplumsal ya\u015famda e\u015fitlik sa\u011flaman\u0131n \u00f6nemine vurguda bulundu.<\/p>\n<p>Mersin Sanayicileri ve \u0130\u015f \u0130nsanlar\u0131 Derne\u011fi (MES\u0130AD) Y\u00f6netim Kurulu Ba\u015fkan\u0131 Adnan G\u00fcndo\u011fdu, 8 Mart D\u00fcnya Kad\u0131nlar g\u00fcn\u00fc nedeniyle bir mesaj yay\u0131nlayarak, ekonomik, sosyal ve siyasi alanlarda e\u015fitli\u011fin sa\u011flanmas\u0131n\u0131n demokrasinin ka\u00e7\u0131n\u0131lmaz \u015fartlar\u0131ndan oldu\u011funu ve e\u015fitli\u011fi peki\u015ftirecek d\u00fczenlemeler yap\u0131lmas\u0131 gerekti\u011fini vurgulad\u0131.<\/p>\n<p>\u201cBirle\u015fmi\u015f Milletler taraf\u0131ndan tan\u0131mlanarak, uluslararas\u0131 bir g\u00fcn haline gelen 8 Mart Kad\u0131nlar G\u00fcn\u00fc, kad\u0131nlar\u0131n e\u015fit haklara sahip oldu\u011funu niteleyen \u00f6nemli bir g\u00fcnd\u00fcr\u201d diyen G\u00fcndo\u011fdu, \u201cKad\u0131nlar\u0131n m\u00fccadelesini ve elde etti\u011fi ba\u015far\u0131y\u0131 simgeleyen bu \u00f6zel g\u00fcnde kad\u0131nlar, her g\u00fcn oldu\u011fu gibi bir\u00e7ok platformda birey olman\u0131n getirdi\u011fi ekonomik, sosyal ve siyasi anlamda e\u015fitli\u011fi savunacak, olmas\u0131 gereken haklar\u0131 alabilmenin hakl\u0131 gururunu ya\u015fayaca\u011f\u0131 g\u00fcn\u00fc vurgulayacakt\u0131r. MES\u0130AD bug\u00fcn ve yar\u0131n daima Mustafa Kemal Atat\u00fcrk\u2019\u00fcn \u2018D\u00fcnya y\u00fcz\u00fcnde g\u00f6rd\u00fc\u011f\u00fcm\u00fcz her \u015fey kad\u0131n\u0131n eseridir\u2019 s\u00f6z\u00fcn\u00fc \u015fiar edinerek, kad\u0131n\u0131n toplumdaki yerini dile getirecektir. Hayat\u0131n her alan\u0131nda gerek \u00f6zel, gerek kamusal alanda varl\u0131\u011f\u0131yla de\u011fi\u015fimi simgeleyen, bulundu\u011fu her alan\u0131 d\u00fc\u015f\u00fcnceleri ve becerisi ile g\u00fczelle\u015ftiren kad\u0131nlar, \u00f6zg\u00fcr d\u00fc\u015f\u00fcnebilmenin getirdi\u011fi g\u00fcven ile istedi\u011fi yere ula\u015facakt\u0131r\u201d dedi.<\/p>\n<p>MES\u0130AD Y\u00f6netimi olarak kad\u0131nlar\u0131n \u015fiddetin ve e\u015fitsizli\u011fin olmad\u0131\u011f\u0131 g\u00fczel yar\u0131nlara kavu\u015fmas\u0131n\u0131 dilediklerini s\u00f6yleyen G\u00fcndo\u011fdu, \u201cToplumsal ya\u015fam\u0131n vazge\u00e7ilmezi olan kad\u0131nlar\u0131n 8 Mart D\u00fcnya Emek\u00e7i Kad\u0131nlar G\u00fcn\u00fc\u2019n\u00fc kutluyorum\u201d dedi.<\/p>\n","protected":false},"excerpt":{"rendered":"<p>8 Mart D\u00fcnya Kad\u0131nlar G\u00fcn\u00fcn\u00fc kutlayan MES\u0130AD Ba\u015fkan\u0131 Adnan G\u00fcndo\u011fdu, toplumsal ya\u015famda e\u015fitlik sa\u011flaman\u0131n \u00f6nemine vurguda bulundu. Mersin Sanayicileri ve \u0130\u015f \u0130nsanlar\u0131 Derne\u011fi (MES\u0130AD) Y\u00f6netim Kurulu Ba\u015fkan\u0131 Adnan G\u00fcndo\u011fdu, 8 Mart D\u00fcnya Kad\u0131nlar g\u00fcn\u00fc nedeniyle bir mesaj yay\u0131nlayarak, ekonomik, sosyal ve siyasi alanlarda e\u015fitli\u011fin sa\u011flanmas\u0131n\u0131n demokrasinin ka\u00e7\u0131n\u0131lmaz \u015fartlar\u0131ndan oldu\u011funu ve e\u015fitli\u011fi peki\u015ftirecek d\u00fczenlemeler yap\u0131lmas\u0131 gerekti\u011fini [&hellip;]<\/p>\n","protected":false},"author":2,"featured_media":31210,"comment_status":"open","ping_status":"open","sticky":false,"template":"","format":"standard","meta":{"footnotes":""},"categories":[2,3,5],"tags":[],"class_list":["post-31209","post","type-post","status-publish","format-standard","has-post-thumbnail","hentry","category-gundem","category-manset","category-mersin"],"views":2,"_links":{"self":[{"href":"https:\/\/mersinkadingazetesi.com\/index.php?rest_route=\/wp\/v2\/posts\/31209"}],"collection":[{"href":"https:\/\/mersinkadingazetesi.com\/index.php?rest_route=\/wp\/v2\/posts"}],"about":[{"href":"https:\/\/mersinkadingazetesi.com\/index.php?rest_route=\/wp\/v2\/types\/post"}],"author":[{"embeddable":true,"href":"https:\/\/mersinkadingazetesi.com\/index.php?rest_route=\/wp\/v2\/users\/2"}],"replies":[{"embeddable":true,"href":"https:\/\/mersinkadingazetesi.com\/index.php?rest_route=%2Fwp%2Fv2%2Fcomments&post=31209"}],"version-history":[{"count":0,"href":"https:\/\/mersinkadingazetesi.com\/index.php?rest_route=\/wp\/v2\/posts\/31209\/revisions"}],"wp:featuredmedia":[{"embeddable":true,"href":"https:\/\/mersinkadingazetesi.com\/index.php?rest_route=\/wp\/v2\/media\/31210"}],"wp:attachment":[{"href":"https:\/\/mersinkadingazetesi.com\/index.php?rest_route=%2Fwp%2Fv2%2Fmedia&parent=31209"}],"wp:term":[{"taxonomy":"category","embeddable":true,"href":"https:\/\/mersinkadingazetesi.com\/index.php?rest_route=%2Fwp%2Fv2%2Fcategories&post=31209"},{"taxonomy":"post_tag","embeddable":true,"href":"https:\/\/mersinkadingazetesi.com\/index.php?rest_route=%2Fwp%2Fv2%2Ftags&post=31209"}],"curies":[{"name":"wp","href":"https:\/\/api.w.org\/{rel}","templated":true}]}}