{"id":31212,"date":"2024-03-08T13:00:36","date_gmt":"2024-03-08T10:00:36","guid":{"rendered":"http:\/\/mersinkadingazetesi.com\/?p=31212"},"modified":"2024-03-08T13:00:36","modified_gmt":"2024-03-08T10:00:36","slug":"mersin-barosu-kadini-koruyamayanlar-ne-siddeti-ne-de-cinayetleri-onleyebilir","status":"publish","type":"post","link":"https:\/\/mersinkadingazetesi.com\/?p=31212","title":{"rendered":"MERS\u0130N BAROSU: KADINI KORUYAMAYANLAR NE \u015e\u0130DDET\u0130, NE DE C\u0130NAYETLER\u0130 \u00d6NLEYEB\u0130L\u0130R!&#8221;"},"content":{"rendered":"<p>Mersin Barosu Kad\u0131n Haklar\u0131 Merkezi, 8 Mart D\u00fcnya Emek\u00e7i Kad\u0131nlar G\u00fcn\u00fc nedeniyle bas\u0131n a\u00e7\u0131klamas\u0131 yapt\u0131. Merkez Ba\u015fkan\u0131 Av. Arzu G\u00fcnay a\u00e7\u0131klamas\u0131nda, uygulanan cezas\u0131zl\u0131k politikalar\u0131n\u0131n erkek failleri daha da cesaretlendirdi\u011fi bir s\u00fcre\u00e7ten ge\u00e7tiklerini s\u00f6yleyerek, &#8220;Kad\u0131n\u0131 koruyamayanlar, haklar\u0131n\u0131 yok sayanlar, ne \u015fiddeti, ne de cinayetleri \u00f6nleyebilir!&#8221; dedi.<\/p>\n<p>8 MART DAYANI\u015eMANIN VE D\u0130REN\u0130\u015e\u0130N ADI<\/p>\n<p>Mersin Barosu Avukatlar Odas\u0131nda d\u00fczenlenen bas\u0131n a\u00e7\u0131klamas\u0131na Mersin Barosu Ba\u015fkan\u0131 Av. Gazi \u00d6zdemir, y\u00f6netim kurulu \u00fcyeleri ve avukatlar kat\u0131ld\u0131. Burada konu\u015fma yapan Mersin Barosu Kad\u0131n Haklar\u0131 Merkezi Ba\u015fkan\u0131 Av. Arzu G\u00fcnay, 8 Mart D\u00fcnya Emek\u00e7i Kad\u0131nlar G\u00fcn\u00fc&#8217;nden bir \u00f6nce \u015fehrimizde bir kad\u0131n cinayeti haberiyle sars\u0131ld\u0131klar\u0131n\u0131 ifade ederek, &#8220;Tarsus&#8217;ta ya\u015fayan Merveg\u00fcl Bayer, bo\u015fand\u0131\u011f\u0131 erkek taraf\u0131ndan \u00f6ld\u00fcr\u00fcld\u00fc. Kad\u0131n\u0131 koruyamayanlar, haklar\u0131n\u0131 yok sayanlar, ne \u015fiddeti, ne de cinayetleri \u00f6nleyebilir! Merveg\u00fcl Bayer karde\u015fimize Allahtan rahmet, ailesine sab\u0131r ve ba\u015fsa\u011fl\u0131\u011f\u0131 diliyoruz.<\/p>\n<p>8 Mart, &#8220;e\u015fit i\u015fe e\u015fit \u00fccret&#8221; isteyen kad\u0131nlar\u0131n neredeyse iki y\u00fcz y\u0131l \u00f6ncesinden bug\u00fcnk\u00fc e\u015fitlik ve adalet m\u00fccadelemize \u0131\u015f\u0131k tuttu\u011fu dayan\u0131\u015fman\u0131n ve direni\u015fin ad\u0131; t\u00fcm d\u00fcnyada kad\u0131n\u0131n insan hakk\u0131 ihlallerine kar\u015f\u0131 ya\u015fam\u0131n her alan\u0131nda e\u015fitlik ve adalet talep etme kararl\u0131l\u0131\u011f\u0131n\u0131n, ayr\u0131mc\u0131l\u0131\u011fa ve \u015fiddete kar\u015f\u0131 duru\u015fun ve \u00f6rg\u00fctl\u00fc kad\u0131n m\u00fccadelesinin sembol\u00fcd\u00fcr.<\/p>\n<p>\u015eER\u0130AT KAR\u015eITI D\u00dc\u015e\u00dcNCELER\u0130N\u0130 A\u00c7IKLADI\u011eI \u0130\u00c7\u0130N MESLEKTA\u015eIMIZIN G\u00d6ZALTINA ALINDI\u011eI B\u0130R S\u00dcRE\u00c7TEN GE\u00c7\u0130YORUZ<\/p>\n<p>Ba\u015fta, Cumhuriyetimizin devrim yasalar\u0131ndan olan ve kad\u0131n ile erke\u011fi e\u015fit konuma getirmeyi ama\u00e7layan laik Medeni Kanunumuz olmak \u00fczere, \u00f6rg\u00fctl\u00fc kad\u0131n m\u00fccadelesi sonucunda yasal g\u00fcvenceye kavu\u015fturulan kazan\u0131mlar\u0131m\u0131z\u0131n daha ileriye ta\u015f\u0131nmas\u0131n\u0131, toplumsal cinsiyet e\u015fitli\u011finin mutlak surette sa\u011flanmas\u0131n\u0131, kad\u0131na y\u00f6nelik \u015fiddeti \u00f6nleyici b\u00fct\u00fcnc\u00fcl politikalar\u0131n geli\u015ftirilmesini, cinsiyete dayal\u0131 ayr\u0131mc\u0131l\u0131\u011f\u0131n ve \u015fiddetin son bulmas\u0131n\u0131 savunurken; \u0130stanbul S\u00f6zle\u015fmesi&#8217;nden hukuka ayk\u0131r\u0131 bir bi\u00e7imde keyfiyetle \u00e7\u0131k\u0131ld\u0131\u011f\u0131, \u015feriat kar\u015f\u0131t\u0131 d\u00fc\u015f\u00fcncelerini a\u00e7\u0131klad\u0131\u011f\u0131 i\u00e7in meslekta\u015f\u0131m\u0131z\u0131n g\u00f6zalt\u0131na al\u0131nd\u0131\u011f\u0131, bir g\u00fcnde 8 kad\u0131n\u0131n katledildi\u011fi, uygulanan cezas\u0131zl\u0131k politikalar\u0131n\u0131n erkek failleri daha da cesaretlendirdi\u011fi bir s\u00fcre\u00e7ten ge\u00e7iyoruz&#8221; diye konu\u015ftu.<\/p>\n<p>KAZANIMLARIMIZI GER\u0130YE G\u00d6T\u00dcRECEK KARANLIK Z\u0130HN\u0130YETLER\u0130N KAR\u015eISINDA OLACA\u011eIZ<\/p>\n<p>8 Mart&#8217;\u0131n \u00f6rg\u00fctl\u00fc m\u00fccadelelerinin sembol\u00fc oldu\u011funu belirten G\u00fcnay, &#8220;B\u00fct\u00fcn bunlara ra\u011fmen Cumhuriyetimizin ikinci y\u00fczy\u0131l\u0131nda kad\u0131nlar sanat, spor ve bilim alanlar\u0131nda uluslararas\u0131 arenada elde etti\u011fi ba\u015far\u0131larla m\u00fccadelemize g\u00fc\u00e7 kat\u0131yor ve kad\u0131nlar\u0131n y\u0131llard\u0131r b\u00fcy\u00fck bir inan\u00e7 ve azimle s\u00fcrd\u00fcrd\u00fc\u011f\u00fc m\u00fccadele, demokrasinin temelini olu\u015fturuyor.<\/p>\n<p>Mersin Barosu olarak; uzun y\u0131llar verilen kad\u0131n m\u00fccadelesi sonucunda elde edilen kad\u0131n hak ve kazan\u0131mlar\u0131ndan bizi bir nebze dahi geriye g\u00f6t\u00fcrecek her t\u00fcrl\u00fc s\u00f6ylem, giri\u015fim, eylem ve karanl\u0131k zihniyetin kar\u015f\u0131s\u0131nda olaca\u011f\u0131m\u0131z\u0131 bir kez daha vurguluyor; kad\u0131n\u0131n insan haklar\u0131n\u0131n ya\u015fama ge\u00e7irildi\u011fi, kad\u0131n\u0131n hayat\u0131n her alan\u0131nda erkekle e\u015fit konumda ve \u00f6zg\u00fcr bir birey olarak var oldu\u011fu; ayr\u0131mc\u0131l\u0131k, yoksulluk ve \u015fiddetin son buldu\u011fu, kad\u0131n eme\u011finin g\u00f6r\u00fcn\u00fcr oldu\u011fu bir d\u00fcnya \u00f6zlemiyle, m\u00fccadelemizi ve dayan\u0131\u015fmam\u0131z\u0131 s\u00fcrd\u00fcrece\u011fimizi kamuoyuyla payla\u015f\u0131yoruz&#8221; \u015feklinde konu\u015ftu.<\/p>\n","protected":false},"excerpt":{"rendered":"<p>Mersin Barosu Kad\u0131n Haklar\u0131 Merkezi, 8 Mart D\u00fcnya Emek\u00e7i Kad\u0131nlar G\u00fcn\u00fc nedeniyle bas\u0131n a\u00e7\u0131klamas\u0131 yapt\u0131. Merkez Ba\u015fkan\u0131 Av. Arzu G\u00fcnay a\u00e7\u0131klamas\u0131nda, uygulanan cezas\u0131zl\u0131k politikalar\u0131n\u0131n erkek failleri daha da cesaretlendirdi\u011fi bir s\u00fcre\u00e7ten ge\u00e7tiklerini s\u00f6yleyerek, &#8220;Kad\u0131n\u0131 koruyamayanlar, haklar\u0131n\u0131 yok sayanlar, ne \u015fiddeti, ne de cinayetleri \u00f6nleyebilir!&#8221; dedi. 8 MART DAYANI\u015eMANIN VE D\u0130REN\u0130\u015e\u0130N ADI Mersin Barosu Avukatlar Odas\u0131nda [&hellip;]<\/p>\n","protected":false},"author":2,"featured_media":31213,"comment_status":"open","ping_status":"open","sticky":false,"template":"","format":"standard","meta":{"footnotes":""},"categories":[1,2,3,5],"tags":[],"class_list":["post-31212","post","type-post","status-publish","format-standard","has-post-thumbnail","hentry","category-genel","category-gundem","category-manset","category-mersin"],"views":2,"_links":{"self":[{"href":"https:\/\/mersinkadingazetesi.com\/index.php?rest_route=\/wp\/v2\/posts\/31212"}],"collection":[{"href":"https:\/\/mersinkadingazetesi.com\/index.php?rest_route=\/wp\/v2\/posts"}],"about":[{"href":"https:\/\/mersinkadingazetesi.com\/index.php?rest_route=\/wp\/v2\/types\/post"}],"author":[{"embeddable":true,"href":"https:\/\/mersinkadingazetesi.com\/index.php?rest_route=\/wp\/v2\/users\/2"}],"replies":[{"embeddable":true,"href":"https:\/\/mersinkadingazetesi.com\/index.php?rest_route=%2Fwp%2Fv2%2Fcomments&post=31212"}],"version-history":[{"count":0,"href":"https:\/\/mersinkadingazetesi.com\/index.php?rest_route=\/wp\/v2\/posts\/31212\/revisions"}],"wp:featuredmedia":[{"embeddable":true,"href":"https:\/\/mersinkadingazetesi.com\/index.php?rest_route=\/wp\/v2\/media\/31213"}],"wp:attachment":[{"href":"https:\/\/mersinkadingazetesi.com\/index.php?rest_route=%2Fwp%2Fv2%2Fmedia&parent=31212"}],"wp:term":[{"taxonomy":"category","embeddable":true,"href":"https:\/\/mersinkadingazetesi.com\/index.php?rest_route=%2Fwp%2Fv2%2Fcategories&post=31212"},{"taxonomy":"post_tag","embeddable":true,"href":"https:\/\/mersinkadingazetesi.com\/index.php?rest_route=%2Fwp%2Fv2%2Ftags&post=31212"}],"curies":[{"name":"wp","href":"https:\/\/api.w.org\/{rel}","templated":true}]}}