{"id":31215,"date":"2024-03-08T13:02:27","date_gmt":"2024-03-08T10:02:27","guid":{"rendered":"http:\/\/mersinkadingazetesi.com\/?p=31215"},"modified":"2024-03-08T13:02:27","modified_gmt":"2024-03-08T10:02:27","slug":"ressam-zuleyha-arslanin-kadin-konulu-resim-sergisinin-acilisi-yapildi","status":"publish","type":"post","link":"https:\/\/mersinkadingazetesi.com\/?p=31215","title":{"rendered":"RESSAM Z\u00dcLEYHA ARSLAN&#8217;IN KADIN KONULU RES\u0130M SERG\u0130S\u0130N\u0130N A\u00c7ILI\u015eI YAPILDI"},"content":{"rendered":"<p>8 Mart D\u00fcnya Emek\u00e7i Kad\u0131nlar G\u00fcn\u00fc nedeniyle,  Ressam Z\u00fcleyha Arslan&#8217;\u0131n &#8220;Kad\u0131n&#8221; konulu resim sergisinin a\u00e7\u0131l\u0131\u015f\u0131 Mersin Barosu Ba\u015fkan\u0131 Av. Gazi \u00d6zdemir, y\u00f6netim kurulu \u00fcyeleri, Mersin Barosu Kad\u0131n Haklar\u0131 Merkezi Ba\u015fkan\u0131 Av. Arzu G\u00fcnay, Ressam Z\u00fcleyha Arslan ve avukatlar\u0131n kat\u0131l\u0131m\u0131yla yap\u0131ld\u0131.<\/p>\n<p>Mersin Adliyesi 4. Kat baro odas\u0131n\u0131n giri\u015finde sanatsever meslekta\u015flar\u0131m\u0131z\u0131n be\u011fenisine sunulan, kad\u0131n temal\u0131 resimleri Mersin Barosu&#8217;nda sergilemekten mutluluk duyduklar\u0131n\u0131 ifade eden Baro Ba\u015fkan\u0131 Av. Gazi \u00d6zdemir, Ressam Z\u00fcleyha Arslan&#8217;\u0131 tebrik etti.<\/p>\n<p>Mersin Barosu Kad\u0131n Haklar\u0131 Merkezi Ba\u015fkan\u0131 Av. Arzu G\u00fcnay ise, kad\u0131n\u0131n ya\u015fam\u0131n her alan\u0131nda eme\u011fiyle, g\u00fcc\u00fcyle var oldu\u011funu ifade etti. Ressam Z\u00fcleyha Arslan, d\u00fcnyan\u0131n kad\u0131n eme\u011fiyle g\u00fczelle\u015fti\u011fini ifade ederek, Mersin Barosu y\u00f6netimine te\u015fekk\u00fcr etti. A\u00e7\u0131l\u0131\u015f\u0131n ard\u0131ndan Baro Ba\u015fkan\u0131 Av. Gazi \u00d6zdemir resim sergisini gezerek, Ressam Z\u00fcleyha Arslan&#8217;dan bilgi ald\u0131.<\/p>\n","protected":false},"excerpt":{"rendered":"<p>8 Mart D\u00fcnya Emek\u00e7i Kad\u0131nlar G\u00fcn\u00fc nedeniyle, Ressam Z\u00fcleyha Arslan&#8217;\u0131n &#8220;Kad\u0131n&#8221; konulu resim sergisinin a\u00e7\u0131l\u0131\u015f\u0131 Mersin Barosu Ba\u015fkan\u0131 Av. Gazi \u00d6zdemir, y\u00f6netim kurulu \u00fcyeleri, Mersin Barosu Kad\u0131n Haklar\u0131 Merkezi Ba\u015fkan\u0131 Av. Arzu G\u00fcnay, Ressam Z\u00fcleyha Arslan ve avukatlar\u0131n kat\u0131l\u0131m\u0131yla yap\u0131ld\u0131. Mersin Adliyesi 4. Kat baro odas\u0131n\u0131n giri\u015finde sanatsever meslekta\u015flar\u0131m\u0131z\u0131n be\u011fenisine sunulan, kad\u0131n temal\u0131 resimleri Mersin [&hellip;]<\/p>\n","protected":false},"author":2,"featured_media":31216,"comment_status":"open","ping_status":"open","sticky":false,"template":"","format":"standard","meta":{"footnotes":""},"categories":[1,2,3],"tags":[],"class_list":["post-31215","post","type-post","status-publish","format-standard","has-post-thumbnail","hentry","category-genel","category-gundem","category-manset"],"views":2,"_links":{"self":[{"href":"https:\/\/mersinkadingazetesi.com\/index.php?rest_route=\/wp\/v2\/posts\/31215"}],"collection":[{"href":"https:\/\/mersinkadingazetesi.com\/index.php?rest_route=\/wp\/v2\/posts"}],"about":[{"href":"https:\/\/mersinkadingazetesi.com\/index.php?rest_route=\/wp\/v2\/types\/post"}],"author":[{"embeddable":true,"href":"https:\/\/mersinkadingazetesi.com\/index.php?rest_route=\/wp\/v2\/users\/2"}],"replies":[{"embeddable":true,"href":"https:\/\/mersinkadingazetesi.com\/index.php?rest_route=%2Fwp%2Fv2%2Fcomments&post=31215"}],"version-history":[{"count":0,"href":"https:\/\/mersinkadingazetesi.com\/index.php?rest_route=\/wp\/v2\/posts\/31215\/revisions"}],"wp:featuredmedia":[{"embeddable":true,"href":"https:\/\/mersinkadingazetesi.com\/index.php?rest_route=\/wp\/v2\/media\/31216"}],"wp:attachment":[{"href":"https:\/\/mersinkadingazetesi.com\/index.php?rest_route=%2Fwp%2Fv2%2Fmedia&parent=31215"}],"wp:term":[{"taxonomy":"category","embeddable":true,"href":"https:\/\/mersinkadingazetesi.com\/index.php?rest_route=%2Fwp%2Fv2%2Fcategories&post=31215"},{"taxonomy":"post_tag","embeddable":true,"href":"https:\/\/mersinkadingazetesi.com\/index.php?rest_route=%2Fwp%2Fv2%2Ftags&post=31215"}],"curies":[{"name":"wp","href":"https:\/\/api.w.org\/{rel}","templated":true}]}}