{"id":31218,"date":"2024-03-08T13:03:28","date_gmt":"2024-03-08T10:03:28","guid":{"rendered":"http:\/\/mersinkadingazetesi.com\/?p=31218"},"modified":"2024-03-08T13:03:28","modified_gmt":"2024-03-08T10:03:28","slug":"cumhur-ittifaki-size-yoldas-olmaya-geliyor","status":"publish","type":"post","link":"https:\/\/mersinkadingazetesi.com\/?p=31218","title":{"rendered":"&#8220;CUMHUR \u0130TT\u0130FAKI S\u0130ZE YOLDA\u015e OLMAYA GEL\u0130YOR&#8221;"},"content":{"rendered":"<p>Cumhur \u0130ttifak\u0131 Mersin B\u00fcy\u00fck\u015fehir Belediye Ba\u015fkan Aday\u0131 Serdar Soydan, &#8220;Yolumuz uzun, y\u00fck\u00fcm\u00fcz a\u011f\u0131r, ama yolda\u015f\u0131m\u0131z siz olursan\u0131z ne tasa ne gam. Bizim yolumuz karde\u015flik, hak hakikat yolu; bizim yolumuz Gazi Mustafa Kemal Atat\u00fcrk&#8217;\u00fcn yoludur. Bizim yol arkada\u015flar\u0131m\u0131z sizlersiniz&#8221; diye konu\u015ftu.<\/p>\n<p>Cumhurba\u015fkan\u0131 Recep Tayyip Erdo\u011fan se\u00e7im \u00e7al\u0131\u015fmalar\u0131 kapsam\u0131nda 21. mitingini Mersin&#8217;de d\u00fczenledi. Millet Bah\u00e7esi&#8217;nde binlerce ki\u015finin kat\u0131l\u0131m\u0131 ile g\u00f6rkemli bir \u015fekilde ger\u00e7ekle\u015fen mitingde s\u00f6z alan Cumhur \u0130ttifak\u0131&#8217;n\u0131n Mersin B\u00fcy\u00fck\u015fehir Belediye Ba\u015fkan Aday\u0131 Serdar Soydan, &#8220;Bana g\u00f6re cennetten kopup gelmi\u015f bir \u015fehrin sakinleriyiz. Bir yanda k\u0131\u015f\u0131, bir yanda yaz\u0131 ya\u015fad\u0131\u011f\u0131m\u0131z, kuzeyinde palto giyip g\u00fcneyinde denize girdi\u011fimiz, ba\u015f\u0131n\u0131 Toroslara yaslay\u0131p aya\u011f\u0131n\u0131 Akdeniz&#8217;e uzatan, her an\u0131yla, her mevsimiyle, da\u011f\u0131yla ovas\u0131yla b\u00fcy\u00fck nimet olan bu \u015fehrin son be\u015f y\u0131lda \u0131\u015f\u0131\u011f\u0131 s\u00f6nd\u00fc. Boynu b\u00fck\u00fcld\u00fc, ufku karard\u0131&#8221; dedi.<\/p>\n<p>&#8220;CUMHUR \u0130TT\u0130FAKI S\u0130ZE YOLDA\u015e OLMAYA GEL\u0130YOR&#8221;<\/p>\n<p>Mersin&#8217;in eser ve hizmet siyasetine, ay\u0131rmayan ayr\u0131\u015ft\u0131rmayan belediyecili\u011fe hasret kald\u0131\u011f\u0131n\u0131 s\u00f6yleyen Serdar Soydan, &#8220;Mersin&#8217;de yollar, b\u0131rak\u0131n y\u0131lan\u0131, canavara d\u00f6nd\u00fc. Trafik canavar\u0131 Mersin&#8217;in ana caddelerinde, bulvarlar\u0131nda cirit at\u0131yor. Mersinli kan a\u011fl\u0131yor. Mersinlinin \u00f6mr\u00fc \u015fehrin ana arterlerinde yitip gidiyor.  Koskoca 5 y\u0131ll\u0131k d\u00f6nemde toplu ula\u015f\u0131mla ilgili ne yap\u0131ld\u0131? Mersin bunu hak etmiyor. Ne s\u00f6ylendi ne yap\u0131ld\u0131, \u015fimdi birlikte bir vaat ve icraat muhasebesi yapal\u0131m. Her y\u0131l b\u00fcy\u00fcyen bu kente Metro ya da rayl\u0131 sistemle ilgili \u00e7ak\u0131lan bir \u00e7ivi g\u00f6rd\u00fcn\u00fcz m\u00fc? \u015eehir trafi\u011fini rahatlatacak alternatif g\u00fczergahlar, kav\u015faklar yap\u0131ld\u0131 m\u0131? Bunlar\u0131n hi\u00e7biri yap\u0131lmad\u0131. Peki ne oldu bu s\u00fcre\u00e7te? Mersinli yolda b\u0131rak\u0131ld\u0131. T\u00fcrkiye&#8217;nin en pahal\u0131 i\u00e7me suyunu Mersinli hem\u015ferilerimize reva g\u00f6rd\u00fcler. O sebeple Mersin, seni y\u00fcz \u00fcst\u00fc b\u0131rakanlar\u0131 unutma, 31 Mart 2024 Pazar g\u00fcn\u00fc in\u015fallah Cumhur \u0130ttifak\u0131 size yolda\u015f olmaya geliyor&#8221; dedi.<\/p>\n<p>&#8220;MERS\u0130N H\u0130ZMET\u0130N EN G\u00dcZEL\u0130NE LAYIK&#8221;<\/p>\n<p>Soydan, &#8220;Yolumuz uzun, y\u00fck\u00fcm\u00fcz a\u011f\u0131r, ama yolda\u015f\u0131m\u0131z siz olursan\u0131z ne tasa ne gam. Ya bir yol buluruz ya da yeni bir yol a\u00e7ar\u0131z. Belediye demek \u015fehir demek, d\u00fczen demek, belediye demek hizmet demek. Halk\u0131 bir b\u00fct\u00fcn halde kucaklayabilmek, herkese hizmet g\u00f6t\u00fcrmek demek. \u00d6nce hizmet, sadece hizmet demek ama Mersin&#8217;de b\u00f6yle mi? Mersin hizmetin en iyisine en g\u00fczeline, siyasetin en haysiyetlisine lay\u0131k. Mersinli bunu hak ediyor, Mersinli bunu bekliyor. Mersinli sahil band\u0131nda \u015fehri solumak, denizinde y\u00fczmek istiyor. Denize girmek i\u00e7in uzun yola gider gibi g\u00f6\u00e7 d\u00fczmek istemiyor. Kentin i\u00e7inde temiz ve g\u00fcvenli alanlarda ailesiyle birlikte keyifli bir g\u00fcn ge\u00e7irmek istiyor&#8221; diye konu\u015ftu.<\/p>\n<p>&#8220;\u00dcRETKEN BELED\u0130YEC\u0130L\u0130\u011eE VAR MISIN MERS\u0130N?&#8221;<\/p>\n<p>Serdar Soydan, &#8220;Bizim yolumuz karde\u015flik yolu, bizim yolumuz hak yolu, bizim yolu\u0131muz hakikat yolu; bizim yolumuz Gazi Mustafa Kemal Atat\u00fcrk&#8217;\u00fcn yoludur. Bizim yol arkada\u015flar\u0131m\u0131z sizlersiniz hepinizden Allah raz\u0131 olsun. 31 Mart ak\u015fam\u0131 sand\u0131klar\u0131 patlatmaya haz\u0131r m\u0131s\u0131n\u0131z? \u0130n\u015fallah 1 Nisan sabah\u0131 yeni umutlarla g\u00fczel g\u00fcnlere merhaba diyece\u011fiz. \u00c7ok \u00e7al\u0131\u015faca\u011f\u0131z ba\u015faraca\u011f\u0131z. \u015eimdi buradan sormak istiyorum Mersin. \u00dcretken belediyecili\u011fe var m\u0131s\u0131n Mersin? Ger\u00e7ek belediyecili\u011fe var m\u0131s\u0131n?&#8221; ifadelerini kulland\u0131.<\/p>\n","protected":false},"excerpt":{"rendered":"<p>Cumhur \u0130ttifak\u0131 Mersin B\u00fcy\u00fck\u015fehir Belediye Ba\u015fkan Aday\u0131 Serdar Soydan, &#8220;Yolumuz uzun, y\u00fck\u00fcm\u00fcz a\u011f\u0131r, ama yolda\u015f\u0131m\u0131z siz olursan\u0131z ne tasa ne gam. Bizim yolumuz karde\u015flik, hak hakikat yolu; bizim yolumuz Gazi Mustafa Kemal Atat\u00fcrk&#8217;\u00fcn yoludur. Bizim yol arkada\u015flar\u0131m\u0131z sizlersiniz&#8221; diye konu\u015ftu. Cumhurba\u015fkan\u0131 Recep Tayyip Erdo\u011fan se\u00e7im \u00e7al\u0131\u015fmalar\u0131 kapsam\u0131nda 21. mitingini Mersin&#8217;de d\u00fczenledi. Millet Bah\u00e7esi&#8217;nde binlerce ki\u015finin [&hellip;]<\/p>\n","protected":false},"author":2,"featured_media":31219,"comment_status":"open","ping_status":"open","sticky":false,"template":"","format":"standard","meta":{"footnotes":""},"categories":[1,2,3,5],"tags":[],"class_list":["post-31218","post","type-post","status-publish","format-standard","has-post-thumbnail","hentry","category-genel","category-gundem","category-manset","category-mersin"],"views":3,"_links":{"self":[{"href":"https:\/\/mersinkadingazetesi.com\/index.php?rest_route=\/wp\/v2\/posts\/31218"}],"collection":[{"href":"https:\/\/mersinkadingazetesi.com\/index.php?rest_route=\/wp\/v2\/posts"}],"about":[{"href":"https:\/\/mersinkadingazetesi.com\/index.php?rest_route=\/wp\/v2\/types\/post"}],"author":[{"embeddable":true,"href":"https:\/\/mersinkadingazetesi.com\/index.php?rest_route=\/wp\/v2\/users\/2"}],"replies":[{"embeddable":true,"href":"https:\/\/mersinkadingazetesi.com\/index.php?rest_route=%2Fwp%2Fv2%2Fcomments&post=31218"}],"version-history":[{"count":0,"href":"https:\/\/mersinkadingazetesi.com\/index.php?rest_route=\/wp\/v2\/posts\/31218\/revisions"}],"wp:featuredmedia":[{"embeddable":true,"href":"https:\/\/mersinkadingazetesi.com\/index.php?rest_route=\/wp\/v2\/media\/31219"}],"wp:attachment":[{"href":"https:\/\/mersinkadingazetesi.com\/index.php?rest_route=%2Fwp%2Fv2%2Fmedia&parent=31218"}],"wp:term":[{"taxonomy":"category","embeddable":true,"href":"https:\/\/mersinkadingazetesi.com\/index.php?rest_route=%2Fwp%2Fv2%2Fcategories&post=31218"},{"taxonomy":"post_tag","embeddable":true,"href":"https:\/\/mersinkadingazetesi.com\/index.php?rest_route=%2Fwp%2Fv2%2Ftags&post=31218"}],"curies":[{"name":"wp","href":"https:\/\/api.w.org\/{rel}","templated":true}]}}