{"id":31221,"date":"2024-03-08T13:05:21","date_gmt":"2024-03-08T10:05:21","guid":{"rendered":"http:\/\/mersinkadingazetesi.com\/?p=31221"},"modified":"2024-03-08T13:05:21","modified_gmt":"2024-03-08T10:05:21","slug":"soydan-narenciye-urunleri-belvit-ile-tesise-donusecek","status":"publish","type":"post","link":"https:\/\/mersinkadingazetesi.com\/?p=31221","title":{"rendered":"SOYDAN: &#8220;NARENC\u0130YE \u00dcR\u00dcNLER\u0130 &#8216;BELV\u0130T&#8217; \u0130LE TES\u0130SE D\u00d6N\u00dc\u015eECEK&#8221;"},"content":{"rendered":"<p>Cumhur \u0130ttifak\u0131 Mersin B\u00fcy\u00fck\u015fehir Belediye Ba\u015fkan Aday\u0131 Serdar Soydan, &#8220;Kentimizin de\u011ferli narenciye \u00fcr\u00fcnlerini BELV\u0130T meyve suyu haline getirip vatanda\u015flar\u0131m\u0131z ile bulu\u015fturulmas\u0131n\u0131 sa\u011flayaca\u011f\u0131z&#8221; diye konu\u015ftu.<\/p>\n<p>\u00dcretken belediyecilik ilkesi ile g\u00f6reve geldiklerinde \u00f6nemli projelere imza atacaklar\u0131n\u0131 dile getiren Cumhur \u0130ttifak\u0131 Mersin B\u00fcy\u00fck\u015fehir Belediye Ba\u015fkan Aday\u0131 Serdar Soydan, verimli topraklara sahip Mersin&#8217;in, narenciye \u00fcr\u00fcnlerini de\u011ferlendirme noktas\u0131nda tesis kuracaklar\u0131n\u0131 s\u00f6yledi. Ad\u0131 vitaminden ilham al\u0131nan BELV\u0130T ile \u00e7e\u015fitli narenciye \u00fcr\u00fcnlerinin meyve suyu haline getirilmesinin yan\u0131 s\u0131ra meyvelerin de kurutularak daha de\u011ferli hale getirilmesinin sa\u011flanmas\u0131 planlan\u0131yor.<\/p>\n<p>&#8220;OKULLARDA \u00c7OCUKLARA MEYVE SUYU DA\u011eITACA\u011eIZ&#8221;<\/p>\n<p>Serdar Soydan konuya ili\u015fkin yapt\u0131\u011f\u0131 a\u00e7\u0131klamada, &#8220;Mersin&#8217;de binlerce hektarl\u0131k tar\u0131m arazisinde \u00fcretim yap\u0131l\u0131yor. Bir\u00e7ok \u00fcr\u00fcn\u00fcn \u00fcretim rekoltesinde \u00fcst s\u0131ralarda yer al\u0131yoruz. Dolay\u0131s\u0131yla topra\u011f\u0131 bu kadar verimli olan bir co\u011frafyada \u00fcretken belediyecilik ilkemizle hareket etmemiz gerekiyordu. Biz de BELV\u0130T ile bu \u00fcr\u00fcnleri de\u011ferlendirip hem meyve suyu \u00fcretimi yap\u0131lmas\u0131n\u0131 sa\u011flayaca\u011f\u0131z hem de bir\u00e7ok meyveyi kurutarak daha de\u011ferli hal gelmesine katk\u0131 sunaca\u011f\u0131z. Ayr\u0131ca biz bu \u00fcr\u00fcnlerin sofralarda yer almas\u0131n\u0131n yan\u0131 s\u0131ra daha yenilik\u00e7i bir bak\u0131\u015f a\u00e7\u0131s\u0131yla meyve sular\u0131n\u0131 okullarda \u00e7ocuklar\u0131m\u0131za da da\u011f\u0131taca\u011f\u0131z&#8221; dedi.<\/p>\n<p>&#8220;MERS\u0130N&#8217;E DE\u011eER KATMAYA DEVAM EDECE\u011e\u0130Z&#8221;<\/p>\n<p>Soydan, &#8220;Vizyoner projeler ile kentimize de\u011fer katmaya devam edece\u011fiz. Biz, yapacaklar\u0131m\u0131z\u0131n her daim arkas\u0131nday\u0131z. En k\u00fc\u00e7\u00fc\u011f\u00fcnden en b\u00fcy\u00fc\u011f\u00fcne bu kentte ya\u015fayan t\u00fcm vatanda\u015flar\u0131m\u0131z i\u00e7in ay\u0131rmadan, ayr\u0131\u015fmadan \u00fcretmeyi s\u00fcrd\u00fcrece\u011fiz. \u00c7\u00fcnk\u00fc bu de\u011ferler Mersinimizin vitrinidir. Bu anlamda kentimizi her alanda lider konuma getirmek durumunday\u0131z. Biz Cumhur \u0130ttifak\u0131 olarak sa\u011flam projelerimiz ile geliyoruz. Bundan kimsenin \u015f\u00fcphesi olmas\u0131n&#8221; diye konu\u015ftu. <\/p>\n","protected":false},"excerpt":{"rendered":"<p>Cumhur \u0130ttifak\u0131 Mersin B\u00fcy\u00fck\u015fehir Belediye Ba\u015fkan Aday\u0131 Serdar Soydan, &#8220;Kentimizin de\u011ferli narenciye \u00fcr\u00fcnlerini BELV\u0130T meyve suyu haline getirip vatanda\u015flar\u0131m\u0131z ile bulu\u015fturulmas\u0131n\u0131 sa\u011flayaca\u011f\u0131z&#8221; diye konu\u015ftu. \u00dcretken belediyecilik ilkesi ile g\u00f6reve geldiklerinde \u00f6nemli projelere imza atacaklar\u0131n\u0131 dile getiren Cumhur \u0130ttifak\u0131 Mersin B\u00fcy\u00fck\u015fehir Belediye Ba\u015fkan Aday\u0131 Serdar Soydan, verimli topraklara sahip Mersin&#8217;in, narenciye \u00fcr\u00fcnlerini de\u011ferlendirme noktas\u0131nda tesis kuracaklar\u0131n\u0131 [&hellip;]<\/p>\n","protected":false},"author":2,"featured_media":31222,"comment_status":"open","ping_status":"open","sticky":false,"template":"","format":"standard","meta":{"footnotes":""},"categories":[1,2,3],"tags":[],"class_list":["post-31221","post","type-post","status-publish","format-standard","has-post-thumbnail","hentry","category-genel","category-gundem","category-manset"],"views":3,"_links":{"self":[{"href":"https:\/\/mersinkadingazetesi.com\/index.php?rest_route=\/wp\/v2\/posts\/31221"}],"collection":[{"href":"https:\/\/mersinkadingazetesi.com\/index.php?rest_route=\/wp\/v2\/posts"}],"about":[{"href":"https:\/\/mersinkadingazetesi.com\/index.php?rest_route=\/wp\/v2\/types\/post"}],"author":[{"embeddable":true,"href":"https:\/\/mersinkadingazetesi.com\/index.php?rest_route=\/wp\/v2\/users\/2"}],"replies":[{"embeddable":true,"href":"https:\/\/mersinkadingazetesi.com\/index.php?rest_route=%2Fwp%2Fv2%2Fcomments&post=31221"}],"version-history":[{"count":0,"href":"https:\/\/mersinkadingazetesi.com\/index.php?rest_route=\/wp\/v2\/posts\/31221\/revisions"}],"wp:featuredmedia":[{"embeddable":true,"href":"https:\/\/mersinkadingazetesi.com\/index.php?rest_route=\/wp\/v2\/media\/31222"}],"wp:attachment":[{"href":"https:\/\/mersinkadingazetesi.com\/index.php?rest_route=%2Fwp%2Fv2%2Fmedia&parent=31221"}],"wp:term":[{"taxonomy":"category","embeddable":true,"href":"https:\/\/mersinkadingazetesi.com\/index.php?rest_route=%2Fwp%2Fv2%2Fcategories&post=31221"},{"taxonomy":"post_tag","embeddable":true,"href":"https:\/\/mersinkadingazetesi.com\/index.php?rest_route=%2Fwp%2Fv2%2Ftags&post=31221"}],"curies":[{"name":"wp","href":"https:\/\/api.w.org\/{rel}","templated":true}]}}