{"id":31225,"date":"2024-03-10T11:49:12","date_gmt":"2024-03-10T08:49:12","guid":{"rendered":"http:\/\/mersinkadingazetesi.com\/?p=31225"},"modified":"2024-03-10T11:49:12","modified_gmt":"2024-03-10T08:49:12","slug":"kadinlar-buyuksehirle-dayanisma-ruhunu-bir-arada-yasadi","status":"publish","type":"post","link":"https:\/\/mersinkadingazetesi.com\/?p=31225","title":{"rendered":"KADINLAR, B\u00dcY\u00dcK\u015eEH\u0130R&#8217;LE DAYANI\u015eMA RUHUNU B\u0130R ARADA YA\u015eADI"},"content":{"rendered":"<p>Mersin&#8217;de kad\u0131nlar\u0131n e\u011fitim sa\u011fl\u0131k, k\u00fclt\u00fcr-sanat, spor, kariyer ve istihdam gibi daha bir\u00e7ok alanda fiziksel ve sosyal hallerinin desteklenmesi i\u00e7in hizmet \u00fcreten Mersin B\u00fcy\u00fck\u015fehir Belediyesi, &#8216;8 Mart D\u00fcnya Emek\u00e7i Kad\u0131nlar G\u00fcn\u00fc&#8217; kapsam\u0131nda kentin bir\u00e7ok noktas\u0131nda etkinlik d\u00fczenledi. Ge\u00e7ti\u011fimiz g\u00fcnlerde Tarsus&#8217;a De\u011fer Katanlar Kul\u00fcb\u00fc (TADEKA) b\u00fcnyesinde Tarsus Gen\u00e7lik Kamp\u0131&#8217;nda kad\u0131n sanat\u00e7\u0131lar\u0131 a\u011f\u0131rlayan B\u00fcy\u00fck\u015fehir, kad\u0131n at\u00f6lyelerinde kad\u0131n fark\u0131ndal\u0131\u011f\u0131 yaratmak amac\u0131yla e\u011fitim d\u00fczenledi.<\/p>\n<p>B\u00fcy\u00fck\u015fehir&#8217;in ger\u00e7ekle\u015ftirdi\u011fi etkinliklerin adreslerinden biri de Etkinlik ve Nik\u00e2h Salonu&#8217;nda d\u00fczenlenen panel oldu. Kad\u0131n ve Aile Hizmetleri Dairesi Ba\u015fkanl\u0131\u011f\u0131 taraf\u0131ndan d\u00fczenlenen panelde; Mersin \u00dcniversitesi Sosyoloji ve Kad\u0131n Ara\u015ft\u0131rmalar\u0131 B\u00f6l\u00fcm\u00fc&#8217;nden Prof. Dr. Ay\u015fe Azman &#8216;T\u00fcrkiye&#8217;de Kad\u0131n \u00c7al\u0131\u015fmalar\u0131&#8217; konulu sunum ger\u00e7ekle\u015ftirdi. Sunumda; T\u00fcrkiye&#8217;de kad\u0131n hareketlerini tarihsel ba\u011flamda ele alarak, sivil toplum faaliyetlerine dair bilgi verdi.  Panelde, T\u00fcrkiye&#8217;de kad\u0131n aktivizminin geli\u015fmesini sa\u011flayan ve kad\u0131n haklar\u0131 savunucusu, gazeteci, d\u00fc\u015f\u00fcn\u00fcr ve yazar Nezihe Muhittin&#8217;in hayat\u0131n\u0131 anlatan &#8216;Kad\u0131n Olman\u0131n G\u00fcnah\u0131&#8217; adl\u0131 belgesel izlendi. Belgeselin bitiminde ise Girne Amerikan \u00dcniversitesi Psikoloji ve Felsefe Uzman\u0131 Prof. Dr. Kamuran Elbeyo\u011flu &#8216;Mersin&#8217;de Kad\u0131n \u00c7al\u0131\u015fmalar\u0131&#8217; konulu sunum yapt\u0131. Kad\u0131n\u0131n ikincil konumdan kurtulabilmesi ve kendi ayaklar\u0131 \u00fczerinde durabilmesini sosyo-k\u00fclt\u00fcrel ba\u011flamda ele ald\u0131.<\/p>\n<p>Galatasaray Meydan\u0131&#8217;nda kurulan \u00fcretici kad\u0131n stantlar\u0131nda el eme\u011fi \u00fcr\u00fcnler g\u00f6z doldurdu<\/p>\n<p>Etkinlikte, TADEKA b\u00fcnyesinde ve Ressam Sema T\u00fcfek\u00e7i&#8217;nin yo\u011fun emek ve destekleri ile Tarsus Gen\u00e7lik Kamp\u0131&#8217;nda kad\u0131n sanat\u00e7\u0131lar\u0131n resmetmi\u015f oldu\u011fu eserler de sergilendi. Kentin bir\u00e7ok noktas\u0131na kurdu\u011fu \u00fcretici kad\u0131n pazar\u0131 ile kad\u0131nlara g\u00f6r\u00fcn\u00fcrl\u00fck kazand\u0131ran ve \u00fcr\u00fcnlerinin sat\u0131lmas\u0131 i\u00e7in pazar a\u011f\u0131 olu\u015fturan B\u00fcy\u00fck\u015fehir, bu kez de \u00fcretici kad\u0131n stantlar\u0131 ile Galatasaray Meydan\u0131&#8217;nda yer ald\u0131.  El eme\u011fi ile \u00fcretilen pek \u00e7ok \u00fcr\u00fcn al\u0131c\u0131lar\u0131n\u0131n sat\u0131\u015f\u0131na sunuldu.<\/p>\n<p>Sahil: &#8221; B\u00fcy\u00fck\u015fehir olarak, Mersin&#8217;de kad\u0131n politikalar\u0131n\u0131 ve kad\u0131n hareketlerini etkiliyoruz<\/p>\n<p>Kad\u0131n ve Aile Hizmetleri Dairesi Ba\u015fkanl\u0131\u011f\u0131 Kad\u0131n \u015eube M\u00fcd\u00fcr\u00fc Edibe Sahil, &#8216;8 Mart D\u00fcnya Emek\u00e7i Kad\u0131nlar G\u00fcn\u00fc&#8217;nde B\u00fcy\u00fck\u015fehir Belediyesi olarak kutlama i\u00e7in de\u011fil, fark\u0131ndal\u0131k yaratmak, dayan\u0131\u015fma i\u00e7inde olmak i\u00e7in kad\u0131nlarla bir araya geldiklerini ifade etti. Yap\u0131lan etkinlikten bahseden Sahil, &#8220;Prof. Dr. Ay\u015fe Azman ve Prof. Dr. Kamuran Elbeyo\u011flu olmak \u00fczere 2 de\u011ferli konu\u011fumuz vard\u0131.  Onlar bize Mersin&#8217;de ve T\u00fcrkiye&#8217;de kad\u0131n hareketi konular\u0131nda sunum ger\u00e7ekle\u015ftirdiler. Ayr\u0131ca Nezihe Muhittin belgeselini izledik. \u00c7\u00fcnk\u00fc Nezihe Muhittin kad\u0131n hareketinde sesi k\u0131s\u0131lm\u0131\u015f ve sesini \u00e7\u0131karamam\u0131\u015f bir \u00f6nc\u00fc. Biz onun hik\u00e2yesini, kad\u0131nlara g\u00f6stermek istedik. O tarihlerde ger\u00e7ekle\u015fen olaylar\u0131 kad\u0131nlarla payla\u015fmak istedik. B\u00f6yle bir 8 Mart etkinli\u011fi planlad\u0131k&#8221; dedi. Etkinlikte, Tarsus Gen\u00e7lik Kamp\u0131&#8217;nda TADEKA b\u00fcnyesinde yap\u0131lm\u0131\u015f olan kad\u0131n temal\u0131 eserleri de sergilediklerini aktaran Sahil, Galatasaray Meydan\u0131&#8217;nda kurulan \u00fcretici stantlar\u0131 ile de kad\u0131nlara destek olduklar\u0131n\u0131 ifade etti.<\/p>\n<p>B\u00fcy\u00fck\u015fehir Belediye Ba\u015fkan\u0131 Vahap Se\u00e7er&#8217;in g\u00f6reve gelmesiyle birlikte Kad\u0131n ve Aile Hizmetleri Dairesi&#8217;ni de hayata ge\u00e7irdi\u011fini belirten Sahil, &#8220;2019 y\u0131l\u0131ndan \u00f6nce Mersin B\u00fcy\u00fck\u015fehir Belediyesi&#8217;nde Kad\u0131n ve Aile Hizmetleri Dairesini b\u0131rak\u0131n kad\u0131n birimi bile yoktu. Bug\u00fcn gelinen noktada ise, T\u00fcrkiye&#8217;de \u00e7ok say\u0131l\u0131 olan Kad\u0131n Dairesi Ba\u015fkanl\u0131klar\u0131ndan biridir buras\u0131. Birimin i\u00e7erisinde bir kad\u0131n \u015fube m\u00fcd\u00fcrl\u00fc\u011f\u00fc, toplumsal cinsiyet e\u015fitli\u011fi \u015fefli\u011fi olan bir belediyeyiz. Biz bu birimle ve bu altyap\u0131yla Mersin&#8217;de kad\u0131n politikalar\u0131n\u0131 etkiliyoruz. Mersin&#8217;deki kad\u0131n hareketinin \u00f6nc\u00fcs\u00fc olabiliyoruz. Kad\u0131nlarla ilgili b\u00f6yle \u00f6zel bir birimde \u00e7al\u0131\u015ft\u0131\u011f\u0131m i\u00e7in kendi ad\u0131ma \u00e7ok mutluyum&#8221; ifadelerini kulland\u0131.<\/p>\n<p>Azman: &#8220;Ba\u015fkan\u0131m\u0131z 2. d\u00f6neminde daha g\u00fczel \u00e7al\u0131\u015fmalara imza atar&#8221;<\/p>\n<p>Mersin \u00dcniversitesi Sosyoloji ve Kad\u0131n Ara\u015ft\u0131rmalar\u0131 B\u00f6l\u00fcm\u00fc&#8217;nden Prof. Dr. Ay\u015fe Azman, yap\u0131lan etkinlikle ilgili de\u011ferlendirmede bulunarak, &#8220;Ben Nezihe Muhittin&#8217;i \u00e7e\u015fitli sosyal ara\u015ft\u0131rmac\u0131, sosyal tarih\u00e7iler arac\u0131l\u0131\u011f\u0131yla tan\u0131d\u0131m ve \u00e7ok i\u00e7imi ac\u0131tan \u00f6yk\u00fcs\u00fc vard\u0131. Onun \u00f6yk\u00fcs\u00fc beni onun \u00fczerine daha fazla d\u00fc\u015f\u00fcnmeye ve okumaya itti. A\u00e7\u0131k\u00e7as\u0131 Nezihe Muhittin \u00e7ok k\u0131ymetli birisi. \u00d6zellikle T\u00fcrkiye&#8217;deki siyasal m\u00fccadele a\u00e7\u0131s\u0131ndan kritik bir \u00f6neme sahip bir isim. Yeni d\u00f6nemde Ba\u015fkan\u0131m\u0131z Vahap Se\u00e7er se\u00e7ilirse \u00e7ok daha ba\u015far\u0131l\u0131 \u00e7al\u0131\u015fmalara imza atar&#8221; dedi.<\/p>\n<p>Kad\u0131nlar, dayan\u0131\u015fma ve bir arada olduklar\u0131 bir g\u00fcn ge\u00e7irdiler <\/p>\n<p>Mersin Bisikletli Kad\u0131nlar Platformu \u00fcyelerinden Emsal Parlak, Mersin&#8217;de en b\u00fcy\u00fck deste\u011fi B\u00fcy\u00fck\u015fehir Belediye Ba\u015fkan\u0131 Vahap Se\u00e7er&#8217; den ald\u0131klar\u0131n\u0131 kaydederek, &#8220;Ben son 3 y\u0131ld\u0131r Mersin&#8217;deyim, daha \u00f6nce ba\u015fka \u015fehirlerde de ya\u015fad\u0131m ama buras\u0131 ger\u00e7ekten bir d\u00fcnya \u015fehri. Bisikletin bu kadar desteklendi\u011fi ba\u015fka bir yer yok. Yollar\u0131m\u0131z muhte\u015fem. Bir kad\u0131n olarak Ba\u015fkan\u0131n eme\u011fi \u00fczerimizde \u00e7ok fazla. Kad\u0131na ne kadar de\u011fer verildi\u011fini g\u00f6steriyor. Bu sayede hem Mersin&#8217;i tan\u0131yoruz hem de kad\u0131nlara destek verildi\u011finde neler yap\u0131labiliyor bunu g\u00f6r\u00fcyoruz. B\u00fcy\u00fck bir emek var. Vahap Ba\u015fkan\u0131n eseri \u00e7ok g\u00fczel&#8221; dedi.<\/p>\n<p>Kat\u0131l\u0131mc\u0131lardan Hatun Gen\u00e7 de, Mersin&#8217;de ya\u015famay\u0131 \u00e7ok sevdi\u011fini ve ba\u015fka \u015fehre gidince Mersin&#8217;de ya\u015faman\u0131n fark\u0131n\u0131 anlad\u0131\u011f\u0131n\u0131 dile getirerek, &#8220;Buras\u0131 Paris gibi. Sosyal olarak \u00e7ok farkl\u0131. Ba\u015fkan\u0131m\u0131z Vahap Se\u00e7er&#8217;in \u00f6n\u00fcm\u00fcz\u00fc a\u00e7mas\u0131ndan ve bizi desteklemesinden \u00e7ok memnunuz. B\u00fcy\u00fck\u015fehir Belediyesi&#8217;nin etkinliklerine yeti\u015femiyoruz. K\u00fclt\u00fcrel olarak \u00e7ok zengin bir \u015fehir. Belediye bize s\u00fcrekli tiyatro, sinema, m\u00fczik her alanda etkinlik d\u00fczenliyor. B\u00f6yle bir \u015fehirde ya\u015fad\u0131\u011f\u0131m\u0131z i\u00e7in \u00f6zellikle bir kad\u0131n olarak \u00e7ok \u015fansl\u0131y\u0131z diye d\u00fc\u015f\u00fcn\u00fcyorum&#8221; diye konu\u015ftu.<\/p>\n<p>Etkinlikte sunulan resim sergisinde eseri bulunan Seval Toker, &#8220;2 g\u00fcn bize \u00e7ok g\u00fczel anlar ya\u015fatt\u0131lar. Biz grup olarak orada resim yapt\u0131k ve \u00e7ok g\u00fczel bir \u015fekilde a\u011f\u0131rland\u0131k. B\u00fcy\u00fck\u015fehir Belediyesi, kad\u0131n olarak de\u011ferimizin fark\u0131nda olmam\u0131z\u0131 sa\u011fl\u0131yor&#8221; ifadelerini kulland\u0131.<\/p>\n<p>Y\u0131llard\u0131r kad\u0131n haklar\u0131 ve kad\u0131n fark\u0131ndal\u0131\u011f\u0131 olu\u015fturmak i\u00e7in bireysel m\u00fccadele verdi\u011fini s\u00f6yleyen H\u00fclya Karada\u011f, &#8220;Ba\u015fkan\u0131m\u0131z Vahap Se\u00e7er kad\u0131n haklar\u0131na ve kad\u0131nlara kar\u015f\u0131 \u00e7ok duyarl\u0131. Yapt\u0131\u011f\u0131 i\u015fler de belli zaten. Kad\u0131nlar\u0131n bisiklet s\u00fcrebilmesi i\u00e7in bisiklet yolu yapt\u0131. Kad\u0131nlar ad\u0131na yap\u0131lan her \u015feyi takdir ediyorum&#8221; dedi. <\/p>\n","protected":false},"excerpt":{"rendered":"<p>Mersin&#8217;de kad\u0131nlar\u0131n e\u011fitim sa\u011fl\u0131k, k\u00fclt\u00fcr-sanat, spor, kariyer ve istihdam gibi daha bir\u00e7ok alanda fiziksel ve sosyal hallerinin desteklenmesi i\u00e7in hizmet \u00fcreten Mersin B\u00fcy\u00fck\u015fehir Belediyesi, &#8216;8 Mart D\u00fcnya Emek\u00e7i Kad\u0131nlar G\u00fcn\u00fc&#8217; kapsam\u0131nda kentin bir\u00e7ok noktas\u0131nda etkinlik d\u00fczenledi. Ge\u00e7ti\u011fimiz g\u00fcnlerde Tarsus&#8217;a De\u011fer Katanlar Kul\u00fcb\u00fc (TADEKA) b\u00fcnyesinde Tarsus Gen\u00e7lik Kamp\u0131&#8217;nda kad\u0131n sanat\u00e7\u0131lar\u0131 a\u011f\u0131rlayan B\u00fcy\u00fck\u015fehir, kad\u0131n at\u00f6lyelerinde kad\u0131n fark\u0131ndal\u0131\u011f\u0131 [&hellip;]<\/p>\n","protected":false},"author":2,"featured_media":31226,"comment_status":"open","ping_status":"open","sticky":false,"template":"","format":"standard","meta":{"footnotes":""},"categories":[3],"tags":[],"class_list":["post-31225","post","type-post","status-publish","format-standard","has-post-thumbnail","hentry","category-manset"],"views":2,"_links":{"self":[{"href":"https:\/\/mersinkadingazetesi.com\/index.php?rest_route=\/wp\/v2\/posts\/31225"}],"collection":[{"href":"https:\/\/mersinkadingazetesi.com\/index.php?rest_route=\/wp\/v2\/posts"}],"about":[{"href":"https:\/\/mersinkadingazetesi.com\/index.php?rest_route=\/wp\/v2\/types\/post"}],"author":[{"embeddable":true,"href":"https:\/\/mersinkadingazetesi.com\/index.php?rest_route=\/wp\/v2\/users\/2"}],"replies":[{"embeddable":true,"href":"https:\/\/mersinkadingazetesi.com\/index.php?rest_route=%2Fwp%2Fv2%2Fcomments&post=31225"}],"version-history":[{"count":0,"href":"https:\/\/mersinkadingazetesi.com\/index.php?rest_route=\/wp\/v2\/posts\/31225\/revisions"}],"wp:featuredmedia":[{"embeddable":true,"href":"https:\/\/mersinkadingazetesi.com\/index.php?rest_route=\/wp\/v2\/media\/31226"}],"wp:attachment":[{"href":"https:\/\/mersinkadingazetesi.com\/index.php?rest_route=%2Fwp%2Fv2%2Fmedia&parent=31225"}],"wp:term":[{"taxonomy":"category","embeddable":true,"href":"https:\/\/mersinkadingazetesi.com\/index.php?rest_route=%2Fwp%2Fv2%2Fcategories&post=31225"},{"taxonomy":"post_tag","embeddable":true,"href":"https:\/\/mersinkadingazetesi.com\/index.php?rest_route=%2Fwp%2Fv2%2Ftags&post=31225"}],"curies":[{"name":"wp","href":"https:\/\/api.w.org\/{rel}","templated":true}]}}