{"id":31228,"date":"2024-03-10T11:50:42","date_gmt":"2024-03-10T08:50:42","guid":{"rendered":"http:\/\/mersinkadingazetesi.com\/?p=31228"},"modified":"2024-03-10T11:50:42","modified_gmt":"2024-03-10T08:50:42","slug":"kir-cicekleri-aldiklari-puanlarla-4-yildir-ust-uste-mersin-sampiyonu-oldu","status":"publish","type":"post","link":"https:\/\/mersinkadingazetesi.com\/?p=31228","title":{"rendered":"KIR \u00c7\u0130\u00c7EKLER\u0130, ALDIKLARI PUANLARLA 4 YILDIR \u00dcST \u00dcSTE MERS\u0130N \u015eAMP\u0130YONU OLDU"},"content":{"rendered":"<p>Mersin B\u00fcy\u00fck\u015fehir Belediye Ba\u015fkan\u0131 Vahap Se\u00e7er&#8217;in k\u0131z \u00e7ocuklar\u0131na ve spora verdi\u011fi de\u011ferle hayata ge\u00e7irilen &#8216;K\u0131r \u00c7i\u00e7ekleri&#8217; projesi kapsam\u0131nda yeti\u015fen yetenekli k\u0131z \u00e7ocuklar\u0131 ald\u0131klar\u0131 ba\u015far\u0131larla Mersin&#8217;i gururland\u0131rmaya devam ediyor.<\/p>\n<p>B\u00fcy\u00fck\u015fehir Belediyesi Gen\u00e7lik ve Spor Hizmetleri Dairesi Ba\u015fkanl\u0131\u011f\u0131 b\u00fcnyesinde 4 y\u0131l \u00f6nce ba\u015flat\u0131lan ve \u00f6zellikle k\u0131rsal kesimlerde ya\u015fayan ve de\u011fi\u015fik spor bran\u015flar\u0131nda yetenekli k\u0131z \u00e7ocuklar\u0131n\u0131n se\u00e7ildi\u011fi projede K\u0131r \u00c7i\u00e7ekleri, il ve il d\u0131\u015f\u0131nda ger\u00e7ekle\u015ftirdikleri temsiliyetlerle g\u00f6z dolduramaya devam ediyor. Bu kapsamda 28-29 \u015eubat tarihlerinde T\u00fcrkiye Atletizm Federasyonu taraf\u0131ndan yap\u0131lan &#8216;Okul Sporlar\u0131 Atletizm K\u00fc\u00e7\u00fckler ve Y\u0131ld\u0131zlar \u0130l Birincili\u011fi Yar\u0131\u015fmalar\u0131&#8217;nda K\u0131r \u00c7i\u00e7ekleri de m\u00fccadele etti. 2 g\u00fcn s\u00fcren yar\u0131\u015fmalarda bran\u015f baz\u0131nda il 1.&#8217;li\u011fi ve 2.&#8217;li\u011fi elde eden K\u0131r \u00c7i\u00e7ekleri toplamda ald\u0131klar\u0131 613 puanla il \u015fampiyonu oldu.<\/p>\n<p>K\u0131r \u00c7i\u00e7ekleri, ba\u015far\u0131dan ba\u015far\u0131ya ko\u015fuyor<\/p>\n<p>Nevin Yan\u0131t Atletizm Kompleksi&#8217;nde yap\u0131lan yar\u0131\u015fman\u0131n ilk g\u00fcn\u00fcnde K\u0131r \u00c7i\u00e7ekleri &#8217;60M Y\u0131ld\u0131z K\u0131zlar&#8217;, &#8216;Uzun Atlama Y\u0131ld\u0131z K\u0131zlar&#8217;,  &#8216;G\u00fclle Atma Y\u0131ld\u0131z K\u0131zlar&#8217;, &#8216;800M Y\u0131ld\u0131z K\u0131zlar&#8217; ve &#8216;2000M Y\u00fcr\u00fcy\u00fc\u015f Y\u0131ld\u0131z K\u0131zlar&#8217; kategorilerinde yar\u0131\u015ft\u0131.<\/p>\n<p>\u0130lk g\u00fcn yar\u0131\u015flar\u0131nda; &#8217;60M Y\u0131ld\u0131z K\u0131zlar&#8217;da G\u00fclseren Feyza Uysal birinci oldu. Nida Nur Turhan da &#8216;G\u00fclle Atma Y\u0131ld\u0131z K\u0131zlar&#8217;da birincili\u011fi elde ederken, Dilan \u00c7elik de &#8216;Uzun Atlama Y\u0131ld\u0131z K\u0131zlar&#8217;da birinci oldu. &#8216;800M Y\u0131ld\u0131z K\u0131zlar&#8217;da ise Reyhan G\u00f6kta\u015f birinci olurken, &#8216;2000M Y\u00fcr\u00fcy\u00fc\u015f Y\u0131ld\u0131z K\u0131zlar&#8217; kategorisinde ise Zahide G\u00fcl Bilgi\u00e7 ikincili\u011fi elde etti \u0130lk g\u00fcn yar\u0131\u015flar\u0131n\u0131n t\u00fcm\u00fcnde tak\u0131m s\u0131rlamas\u0131nda birinci olan K\u0131r \u00c7i\u00e7ekleri, bu ba\u015far\u0131lar\u0131 ile puanl\u0131 atletizmde 4 y\u0131ld\u0131r \u00fcst \u00fcste Mersin \u015fampiyonu oldu.<\/p>\n<p>\u0130kinci g\u00fcn yar\u0131\u015flar\u0131nda ise;  &#8216;100M Engel Y\u0131ld\u0131z K\u0131zlar&#8217; G\u00fclseren Feyza Uysal 2., &#8216;Y\u00fcksek Atlama Y\u0131ld\u0131z K\u0131zlar&#8217;da Ecrin Toprak 4., &#8216;Cirit Atma Y\u0131ld\u0131z K\u0131zlar&#8217;da Ya\u011fmur Dedecan 2., &#8216;1500M Y\u00fcr\u00fcy\u00fc\u015f Y\u0131ld\u0131z K\u0131zlar&#8217; Reyhan G\u00f6kta\u015f 2. olurken, &#8216;5&#215;80 Y\u0131ld\u0131z K\u0131zlar Bayrak Ko\u015fusu&#8217;nda Dilan \u00c7elik, Ecrin Toprak, G\u00fcls\u00fcm Y\u0131ld\u0131z, Elif Azra \u015eenate\u015f, G\u00fclseren Feyza Uysal birinci oldu.<\/p>\n<p>&#8220;4 y\u0131l \u00f6nce ba\u015flatt\u0131\u011f\u0131m\u0131z projemizi birinciliklerle ta\u00e7land\u0131r\u0131yoruz&#8221;<\/p>\n<p>Mersin B\u00fcy\u00fck\u015fehir Belediyesi Gen\u00e7lik ve Spor Hizmetleri Dairesi Ba\u015fkanl\u0131\u011f\u0131&#8217;nda Atletizm Antren\u00f6r\u00fc Nezir Ergin,  28-29 \u015eubat aras\u0131nda &#8216;Okul Sporlar\u0131 Atletizm K\u00fc\u00e7\u00fckler ve Y\u0131ld\u0131zlar \u0130l Birincili\u011fi Yar\u0131\u015fmalar\u0131&#8217; kapsam\u0131nda K\u0131r \u00c7i\u00e7ekleri&#8217;nin de yar\u0131\u015fmada m\u00fccadele etti\u011fini dile getirdi. 28 \u015eubat&#8217;ta yap\u0131lan yar\u0131\u015fmalarda 60 metrede il 1.&#8217;li\u011fi, 800 metrede il 1.&#8217;li\u011fi, Uzun Atlamada il 1.&#8217;li\u011fi, G\u00fclle Atmada il 1.&#8217;li\u011fi elde ettiklerini ifade etti. 29 \u015eubat&#8217;ta yap\u0131lan m\u00fcsabakalar kapsam\u0131nda ise, 100 Metre Engelli Ko\u015fuda il 2.&#8217;li\u011fi, 1500 metre ko\u015fuda il 2.&#8217;li\u011fi, Cirit Atmada il 2.&#8217;li\u011fi, 5&#215;80 Bayrak Ko\u015fusunda il 1.&#8217;li\u011fi ald\u0131klar\u0131n\u0131 belirtti. Nezir, t\u00fcm yar\u0131\u015fmalardan ald\u0131klar\u0131 derecelerle il \u015fampiyonu olarak, Kayseri&#8217;de 3-4 Nisan&#8217;da yap\u0131lacak olan T\u00fcrkiye Grup \u015eampiyonas\u0131&#8217;nda Mersin&#8217;i temsil etmeye hak kazand\u0131klar\u0131n\u0131 da s\u00f6zlerine ekledi.<\/p>\n<p>&#8220;Bug\u00fcn art\u0131k milli tak\u0131m seviyesinde sporcular yeti\u015ftiriyoruz&#8221;<\/p>\n<p>K\u0131r \u00c7i\u00e7ekleri&#8217;nin g\u00f6stermi\u015f oldu\u011fu ba\u015far\u0131lara dair konu\u015fan Nezir, &#8220;K\u0131r \u00c7i\u00e7ekleri&#8217;nin b\u00fct\u00fcn ba\u015far\u0131s\u0131n\u0131n en \u00f6nemli ve en b\u00fcy\u00fck etkeni bizim bir aile olmam\u0131z. Bir aile kavram\u0131yla hareket etmemiz. A\u015f\u00e7\u0131s\u0131ndan destek personeline, daire ba\u015fkan\u0131ndan, t\u00fcm e\u011fitimleriyle ilgilenen \u00f6\u011fretmenlerine kadar herkesin can-\u0131 g\u00f6n\u00fclden m\u00fccadele ederek bu \u00e7ocuklar\u0131n daha iyi bir gelecek elde etmesi ve daha ba\u015far\u0131l\u0131 olmas\u0131 i\u00e7in bir b\u00fct\u00fcn olarak \u00e7al\u0131\u015fmas\u0131ndan kaynaklan\u0131yor&#8221; dedi.<\/p>\n<p>B\u00fcy\u00fck\u015fehir Belediye Ba\u015fkan\u0131 Vahap Se\u00e7er&#8217;in spora \u00e7ok fazla destek verdi\u011fini ve K\u0131r \u00c7i\u00e7ekleri projesinin de bu d\u00f6nemde hayata ge\u00e7irildi\u011fini vurgulayan Nezir, &#8220;4 y\u0131l \u00f6nce il birincili\u011fine dahi kat\u0131lmayan sporcular\u0131m\u0131zla bug\u00fcn T\u00fcrkiye&#8217;de say\u0131s\u0131z dereceler elde etmeye ba\u015flad\u0131k. Sadece ge\u00e7en sene 33 T\u00fcrkiye madalyas\u0131 ald\u0131k. Hen\u00fcz 2024&#8217;\u00fcn ba\u015f\u0131nda olmam\u0131za ra\u011fmen Bursa&#8217;da ger\u00e7ekle\u015ftirilen 16 ya\u015f alt\u0131 kapal\u0131 salon yar\u0131\u015fmas\u0131nda g\u00fclle atma T\u00fcrkiye \u015fampiyonlu\u011fu, her iki bayrak tak\u0131m\u0131m\u0131z ise, 2009 ve 2010 gruplar\u0131nda T\u00fcrkiye 3.&#8217;s\u00fc oldu. Hemen ard\u0131nda ger\u00e7ekle\u015ftirilen Seyfi Alanya Atmalar T\u00fcrkiye \u015eampiyonas\u0131&#8217;nda g\u00fclle ve disk atma bran\u015flar\u0131nda T\u00fcrkiye \u015fampiyonluklar\u0131 elde ettik. Bug\u00fcn art\u0131k milli tak\u0131m seviyesinde sporcular yeti\u015ftiriyoruz. S\u0131f\u0131rdan ba\u015flayan \u00e7ocuklar\u0131m\u0131zla art\u0131k meyvelerini toplamaya ba\u015flad\u0131k. Mersin ad\u0131na T\u00fcrk sporu ad\u0131na kad\u0131n\u0131n inan\u0131lmaz g\u00fczel&#8221; ifadelerini kulland\u0131.<\/p>\n<p>K\u0131r \u00c7i\u00e7ekleri, birincilikleriyle g\u00f6z doldurdu<\/p>\n<p>60 metrede yar\u0131\u015fan K\u0131r \u00c7i\u00e7ekleri&#8217;nden G\u00fclseren Feyza Uysal, &#8220;G\u00fczel bir derece elde ettim. \u00c7al\u0131\u015fmalar\u0131m\u0131z g\u00fczel gidiyor&#8221; derken K\u0131r \u00c7i\u00e7ekleri&#8217;nden G\u00fclle Atma kategorisinde birinci olan Nidanur Turhan, &#8220;G\u00fclle Atma Y\u0131ld\u0131z K\u0131zlar&#8217;da 13.86 ile birinci oldum. Mutluyum. Daha iyilerini yapmak i\u00e7in \u00e7al\u0131\u015faca\u011f\u0131m&#8221; dedi.<\/p>\n<p>K\u0131r \u00c7i\u00e7ekleri&#8217;nden Uzun Atlama Kategorisi&#8217;nde il birincisi olan Dilan \u00c7elik, &#8220;Kendi bran\u015f\u0131mda en iyi derecemi ald\u0131m. 4.86 atlad\u0131m ve il birincisi oldum. \u0130lk defa b\u00f6yle bir derece ile kar\u015f\u0131la\u015ft\u0131m. Bekledi\u011fim bir dereceydi. Antrenmanlar\u0131mdan, hocalar\u0131mdan \u00e7ok memnunum. Her \u015fey \u00e7ok g\u00fczel gidiyor&#8221; diye konu\u015ftu.<\/p>\n<p>K\u0131r \u00c7i\u00e7ekleri&#8217;nden atletizmle ilgilenen ve 800 metrede birinci olan sporcu Reyhan G\u00f6kta\u015f, &#8220;Uzun mesafe, 800 ve 1500 metre ile ilgileniyorum. Ger\u00e7ekten yar\u0131\u015f rahatt\u0131 ve g\u00fczeldi. Arkada\u015flar\u0131m ve \u00f6\u011fretmenlerim bana \u00e7ok destek oldular&#8221; dedi.<\/p>\n<p>5&#215;80 Bayrak Ko\u015fusunda yar\u0131\u015fan K\u0131r \u00c7i\u00e7ekleri&#8217;nden G\u00fcls\u00fcm Y\u0131ld\u0131z, &#8220;Gayet iyi ko\u015ftum ve \u00e7ok mutlu oldum. Uzun s\u00fcredir \u00e7al\u0131\u015f\u0131yoruz ve onlar\u0131n kar\u015f\u0131l\u0131\u011f\u0131n\u0131 al\u0131yoruz. Milli sporcu olmak istiyorum. Bizi destekledi\u011fi i\u00e7in Vahap Ba\u015fkan&#8217;\u0131m\u0131za \u00e7ok te\u015fekk\u00fcr ediyorum&#8221; diye konu\u015ftu.<\/p>\n<p>K\u0131r \u00c7i\u00e7ekleri&#8217;nden Ecrin Toprak da &#8220;Uzun atlama, y\u00fcksek atlama, bayrak yar\u0131\u015f\u0131 bir s\u00fcr\u00fc bran\u015fta yar\u0131\u015f\u0131yorum. Ben de milli sporcu olmak ve daha iyi yerlere gelmek istiyorum. Bu yar\u0131\u015fmalarda benim i\u00e7in bir ad\u0131m. Ben arkada\u015flar\u0131ma hep g\u00fcveniyorum, onlara g\u00fcvenmeye de devam edece\u011fim. Ad\u0131m\u0131 herkese duyurmak istiyorum&#8221; ifadelerini kulland\u0131.<\/p>\n<p>K\u0131r \u00c7i\u00e7ekleri&#8217;nde cirit atmada il 2.&#8217;si olan Ya\u011fmur Dedecan, &#8220;Bir dahaki sefere hedefim birinci olmak. \u00d6zellikle antrenmanlar\u0131m\u0131z g\u00fczel ge\u00e7iyor. Milli sporcu olmak i\u00e7in s\u0131k\u0131 \u00e7al\u0131\u015f\u0131yoruz ve hedefimiz var&#8221; dedi.<\/p>\n","protected":false},"excerpt":{"rendered":"<p>Mersin B\u00fcy\u00fck\u015fehir Belediye Ba\u015fkan\u0131 Vahap Se\u00e7er&#8217;in k\u0131z \u00e7ocuklar\u0131na ve spora verdi\u011fi de\u011ferle hayata ge\u00e7irilen &#8216;K\u0131r \u00c7i\u00e7ekleri&#8217; projesi kapsam\u0131nda yeti\u015fen yetenekli k\u0131z \u00e7ocuklar\u0131 ald\u0131klar\u0131 ba\u015far\u0131larla Mersin&#8217;i gururland\u0131rmaya devam ediyor. B\u00fcy\u00fck\u015fehir Belediyesi Gen\u00e7lik ve Spor Hizmetleri Dairesi Ba\u015fkanl\u0131\u011f\u0131 b\u00fcnyesinde 4 y\u0131l \u00f6nce ba\u015flat\u0131lan ve \u00f6zellikle k\u0131rsal kesimlerde ya\u015fayan ve de\u011fi\u015fik spor bran\u015flar\u0131nda yetenekli k\u0131z \u00e7ocuklar\u0131n\u0131n se\u00e7ildi\u011fi projede [&hellip;]<\/p>\n","protected":false},"author":2,"featured_media":31230,"comment_status":"open","ping_status":"open","sticky":false,"template":"","format":"standard","meta":{"footnotes":""},"categories":[3],"tags":[],"class_list":["post-31228","post","type-post","status-publish","format-standard","has-post-thumbnail","hentry","category-manset"],"views":2,"_links":{"self":[{"href":"https:\/\/mersinkadingazetesi.com\/index.php?rest_route=\/wp\/v2\/posts\/31228"}],"collection":[{"href":"https:\/\/mersinkadingazetesi.com\/index.php?rest_route=\/wp\/v2\/posts"}],"about":[{"href":"https:\/\/mersinkadingazetesi.com\/index.php?rest_route=\/wp\/v2\/types\/post"}],"author":[{"embeddable":true,"href":"https:\/\/mersinkadingazetesi.com\/index.php?rest_route=\/wp\/v2\/users\/2"}],"replies":[{"embeddable":true,"href":"https:\/\/mersinkadingazetesi.com\/index.php?rest_route=%2Fwp%2Fv2%2Fcomments&post=31228"}],"version-history":[{"count":0,"href":"https:\/\/mersinkadingazetesi.com\/index.php?rest_route=\/wp\/v2\/posts\/31228\/revisions"}],"wp:featuredmedia":[{"embeddable":true,"href":"https:\/\/mersinkadingazetesi.com\/index.php?rest_route=\/wp\/v2\/media\/31230"}],"wp:attachment":[{"href":"https:\/\/mersinkadingazetesi.com\/index.php?rest_route=%2Fwp%2Fv2%2Fmedia&parent=31228"}],"wp:term":[{"taxonomy":"category","embeddable":true,"href":"https:\/\/mersinkadingazetesi.com\/index.php?rest_route=%2Fwp%2Fv2%2Fcategories&post=31228"},{"taxonomy":"post_tag","embeddable":true,"href":"https:\/\/mersinkadingazetesi.com\/index.php?rest_route=%2Fwp%2Fv2%2Ftags&post=31228"}],"curies":[{"name":"wp","href":"https:\/\/api.w.org\/{rel}","templated":true}]}}