{"id":31235,"date":"2024-03-10T11:56:40","date_gmt":"2024-03-10T08:56:40","guid":{"rendered":"http:\/\/mersinkadingazetesi.com\/?p=31235"},"modified":"2024-03-10T11:56:40","modified_gmt":"2024-03-10T08:56:40","slug":"klise-anlayisla-soylemlerle-tavirlarla-mersin-yonetilmez","status":"publish","type":"post","link":"https:\/\/mersinkadingazetesi.com\/?p=31235","title":{"rendered":"&#8220;KL\u0130\u015eE ANLAYI\u015eLA, S\u00d6YLEMLERLE, TAVIRLARLA MERS\u0130N Y\u00d6NET\u0130LMEZ&#8221;"},"content":{"rendered":"<p>Mersin B\u00fcy\u00fck\u015fehir Belediye Ba\u015fkan\u0131 ve Cumhuriyet Halk Partisi (CHP) Mersin B\u00fcy\u00fck\u015fehir Belediye Ba\u015fkan Aday\u0131 Vahap Se\u00e7er, Mersin \u0130sti\u015fare Kul\u00fcb\u00fc ile bir araya geldi.<\/p>\n<p>Toplant\u0131da; Ba\u015fkan Se\u00e7er, CHP Mersin Milletvekili G\u00fclcan K\u0131\u015f, Mersin \u0130sti\u015fare Kul\u00fcb\u00fc Ba\u015fkan\u0131 Ferudun G\u00fcnd\u00fcz, Mersin \u0130sti\u015fare Kul\u00fcb\u00fc \u00fcyeleri ile akademisyenler yer ald\u0131. Mersin \u0130sti\u015fare Kul\u00fcb\u00fc Ba\u015fkan\u0131 Ferudun G\u00fcnd\u00fcz&#8217;\u00fcn a\u00e7\u0131l\u0131\u015f konu\u015fmas\u0131n\u0131n ard\u0131ndan, Mersin B\u00fcy\u00fck\u015fehir Belediyesi&#8217;nin hizmetlerinin anlat\u0131ld\u0131\u011f\u0131 videolar izlendi.<\/p>\n<p>Se\u00e7er: &#8220;Kli\u015fe anlay\u0131\u015fla, s\u00f6ylemlerle, tav\u0131rlarla Mersin y\u00f6netilmez&#8221;<\/p>\n<p>5 y\u0131ld\u0131r 2,5 milyon insan\u0131n ya\u015fad\u0131\u011f\u0131 Mersin&#8217;e hizmet verdiklerini hat\u0131rlatan Se\u00e7er, Mersin&#8217;in T\u00fcrkiye&#8217;nin her b\u00f6lgesinden gelen insanlar\u0131n ya\u015fad\u0131\u011f\u0131 kozmopolit bir kent oldu\u011funu belirterek, konumu itibariyle de<\/p>\n<p>T\u00fcrkiye&#8217;nin ve \u00e7evre co\u011frafyan\u0131n etkilendi\u011fi t\u00fcm olaylardan do\u011frudan etkilendi\u011fini s\u00f6yledi. Se\u00e7er, &#8220;Buras\u0131 T\u00fcrkiye&#8217;nin \u00f6zetidir. Kli\u015fe anlay\u0131\u015fla, s\u00f6ylemlerle, tav\u0131rlarla, siyasetle, Mersin idare edilir ama y\u00f6netilmez. Ben 5 y\u0131l boyunca Mersin&#8217;i idare etmedim, y\u00f6netmeye \u00e7al\u0131\u015ft\u0131m&#8221; dedi.<\/p>\n<p>Uzun y\u0131llar siyasetin i\u00e7inde yer ald\u0131\u011f\u0131n\u0131 hat\u0131rlatan Se\u00e7er, &#8220;Bu Mersin i\u00e7in \u00e7ok \u00f6nemli bir avantajd\u0131r. Bizler do\u011fru bildiklerimizi sonuna kadar savunuruz. Kendimizi, projelerimizi ve y\u00f6netim anlay\u0131\u015f\u0131m\u0131z\u0131 konu\u015fuyoruz. B\u00f6yle bir fig\u00fcr\u00fcn Mersinde belediye ba\u015fkan\u0131 olmas\u0131, bunun ad\u0131 Vahap Se\u00e7er&#8217;dir, Ahmet-Mehmet&#8217;tir, fark etmiyor. Bir y\u00f6netici modelinden bahsediyoruz. Bu \u00f6nemsenmelidir ve bu anlay\u0131\u015ftaki y\u00f6neticilere de sahip \u00e7\u0131k\u0131lmal\u0131d\u0131r&#8221; diye konu\u015ftu.<\/p>\n<p>&#8220;Sosyal belediyecili\u011fi en ba\u015fk\u00f6\u015feye yazd\u0131k&#8221;<\/p>\n<p>5 y\u0131l boyunca Mersin&#8217;in sanayi, tar\u0131m, turizm, ticaret gibi alanlarda geli\u015fmesi i\u00e7in durmadan \u00e7al\u0131\u015ft\u0131klar\u0131n\u0131 kaydeden Se\u00e7er, bunu yaparken de her kesimle isti\u015fare kurma, ileti\u015fim i\u00e7erisinde olma, i\u015f birli\u011fi yapma ve belediye olarak kendilerine d\u00fc\u015fen yat\u0131r\u0131mlar\u0131 yapma gayreti i\u00e7erisinde olduklar\u0131n\u0131 ifade etti. Sosyal belediyecili\u011fi y\u00f6netim anlay\u0131\u015flar\u0131nda en ba\u015fk\u00f6\u015feye yazd\u0131klar\u0131n\u0131n alt\u0131n\u0131 \u00e7izen Se\u00e7er, kendileri i\u00e7in \u00f6nceli\u011fin dezavantajl\u0131 gruplar\u0131n yan\u0131 s\u0131ra; \u00e7ocuklar, kad\u0131nlar ve ya\u015f alm\u0131\u015f yurtta\u015flar\u0131n oldu\u011funu s\u00f6yledi. B\u00fcy\u00fck\u015fehir belediyeleri i\u00e7inde sosyal belediyecilikte ad\u0131ndan s\u00f6z ettiren belediyelerin ba\u015f\u0131nda Mersin B\u00fcy\u00fck\u015fehir Belediyesi&#8217;nin geldi\u011fine dikkat \u00e7eken Se\u00e7er, 2019&#8217;dan \u00f6nce farkl\u0131 konularla an\u0131lan Mersin&#8217;in art\u0131k belediyesi ve belediyesinin hizmetleriyle an\u0131ld\u0131\u011f\u0131n\u0131 belirtti.<\/p>\n<p>Art\u0131k Mersin&#8217;de farkl\u0131 bir kent y\u00f6netimi ve anlay\u0131\u015f\u0131 oldu\u011funu belirten Se\u00e7er, kentin tan\u0131nmas\u0131 i\u00e7in bir\u00e7ok \u00f6nemli \u00e7al\u0131\u015fmalar yapt\u0131klar\u0131n\u0131 hat\u0131rlatarak, &#8220;Bizim temel amac\u0131m\u0131z kenti tan\u0131tmak olmal\u0131. \u0130yi siyaset\u00e7iler, i\u015f insanlar\u0131, sporcular ve sanat\u00e7\u0131lar yeti\u015ftirmeliyiz. Mersin&#8217;de \u00f6zel i\u015fler yaratmak zorunday\u0131z. Mersin&#8217;in zaten b\u00f6yle bir altyap\u0131s\u0131 var. Asl\u0131nda bir hazine. \u00d6nemli olan bu hazineyi ve potansiyeli a\u00e7\u0131\u011fa \u00e7\u0131karmakt\u0131r&#8221; dedi.<\/p>\n<p>&#8220;Belediyecilik a\u00e7\u0131s\u0131ndan i\u015fleyen bir mekanizma var&#8221;<\/p>\n<p>Mersin&#8217;de 5 y\u0131ld\u0131r g\u00fczel i\u015fler ba\u015fard\u0131klar\u0131n\u0131 s\u00f6yleyen Se\u00e7er, &#8220;Belediyecilik a\u00e7\u0131s\u0131ndan i\u015fleyen bir mekanizma var. Bize \u00f6zellikle bat\u0131 il\u00e7elerimizde oy vermeyen yurtta\u015flar\u0131m\u0131z \u015fu anda bizden en memnun olan yurtta\u015flar\u0131m\u0131z. Onlar da b\u00f6yle bir \u015fey beklemiyordu. &#8216;Biz bu ba\u015fkana oy vermedik Herhalde buras\u0131 mahrumiyet b\u00f6lgesi ilan edilir. Bizim k\u00f6y\u00fcm\u00fcze yol, tar\u0131m deste\u011fi yapmaz, altyap\u0131m\u0131z\u0131 yapmaz&#8217; gibi beklentiler i\u00e7indeydi insanlar. Ama herkese, her b\u00f6lgeye e\u015fit hizmet g\u00f6t\u00fcrd\u00fc\u011f\u00fcm\u00fcz\u00fc g\u00f6rd\u00fcler&#8221; dedi. Mersin&#8217;in her kesimiyle birlikte b\u00fcy\u00fck bir aile olduklar\u0131n\u0131 s\u00f6yleyen Se\u00e7er, &#8220;Partimiz, etnik yap\u0131m\u0131z, b\u00f6lgemiz, mezhebimiz ve me\u015frebimiz ne olursa olsun biz bu ailenin bir par\u00e7as\u0131y\u0131z. Biz Mersin&#8217;de bunu ortaya koyduk&#8221; diye konu\u015ftu.<\/p>\n<p>&#8220;\u00c7ok iddial\u0131 konu\u015fuyoruz; rayl\u0131 sistemleri ikinci 5 y\u0131lda hayata ge\u00e7irece\u011fiz&#8221;<\/p>\n<p>Mersin&#8217;de gelecek d\u00f6nemde hayata ge\u00e7irecekleri projeler hakk\u0131nda kat\u0131l\u0131mc\u0131lar\u0131 bilgilendiren Se\u00e7er, tar\u0131msal desteklerden dezavantajl\u0131 gruplara desteklere, k\u00fclt\u00fcrel faaliyetlerden sportif organizasyonlara kadar \u00f6nemli \u00e7al\u0131\u015fmalar\u0131n gelecek 5 y\u0131lda da devam edece\u011fini belirtti. Se\u00e7er, &#8220;Mersin&#8217;i s\u00f6zde de\u011fil, \u00f6zde bir marka ve ya\u015fanabilir bir kent haline getirmek i\u00e7in hem iyi bir projeksiyona hem de paraya ihtiya\u00e7 var. Paras\u0131z yat\u0131r\u0131m yapamazs\u0131n\u0131z, en ak\u0131lc\u0131 \u015fekilde kullanacaks\u0131n\u0131z, bir de kaynak bulacaks\u0131n\u0131z&#8221; dedi. Metro Projesi&#8217;yle ilgili ya\u015fan\u0131lan s\u00fcreci anlatan Se\u00e7er, finansman konusunu da \u00e7\u00f6z\u00fcme kavu\u015fturduklar\u0131n\u0131 ve Mersin&#8217;e metroyu kazand\u0131racaklar\u0131n\u0131 s\u00f6yledi. Tarsus i\u00e7in de Tramvay Projesi&#8217;ni hayata ge\u00e7ireceklerini belirten Se\u00e7er, &#8220;\u00c7ok iddial\u0131 konu\u015fuyoruz; rayl\u0131 sistemleri ikinci 5 y\u0131lda hayata ge\u00e7irece\u011fiz&#8221; dedi.<\/p>\n<p>Sosyal Konut Projesi yurtta\u015f\u0131n hizmetine sunulacak<\/p>\n<p>Mersin i\u00e7in \u00f6nem arz eden Sosyal Konut projesini de payla\u015fan Se\u00e7er, gelir seviyesi d\u00fc\u015f\u00fck yurtta\u015flar i\u00e7in hayata ge\u00e7irecekleri proje ile binlerce sosyal konut yap\u0131p yurtta\u015f\u0131n hizmetine sunacaklar\u0131n\u0131 belirterek, &#8220;Mersin&#8217;de bunu ba\u015faraca\u011f\u0131z&#8221; diye konu\u015ftu. Se\u00e7er, proje ve yat\u0131r\u0131mlar i\u00e7in de IFC, EBRD ve FRIT II kapsam\u0131nda toplam 156 milyon avro kredi finansman temin ettiklerini aktard\u0131. Gelecek d\u00f6nemde Mersin&#8217;in \u00f6nemli b\u00f6lgelerinde altyap\u0131 sorununu da \u00e7\u00f6zeceklerini kaydeden Se\u00e7er, &#8220;Biz bu d\u00f6nemde de \u00e7ok yat\u0131r\u0131mlar yapt\u0131k. MESK\u0130 \u00e7ok b\u00fcy\u00fck yat\u0131r\u0131mlar yapt\u0131, yapmaya da devam ediyor&#8221; dedi.<\/p>\n<p>M\u00fcft\u00fc Deresi Ya\u015fam Vadisi projesine de de\u011finen Se\u00e7er, &#8220;\u0130mar\u0131 \u015fu anda onayland\u0131 ve bitti. Art\u0131k orada 500 d\u00f6n\u00fcm park alan\u0131 var. Bir\u00e7ok fonksiyon y\u00fckleyerek \u00e7ok g\u00fczel bir park yapaca\u011f\u0131z. Mersin kuzeye do\u011fru b\u00fcy\u00fcyor. Kuzeye do\u011fru da sahildeki gibi b\u00fcy\u00fck bir park\u0131m\u0131z olsun, herkes sahile inmek zorunda kalmas\u0131n istiyoruz. Bu da bizim ikinci 5 y\u0131lda \u00f6nemsedi\u011fimiz projelerin ba\u015f\u0131nda geliyor&#8221; ifadelerine yer verdi.<\/p>\n<p>&#8220;Tar\u0131m konusunda \u00f6nemli at\u0131l\u0131mlar yapt\u0131k&#8221;<\/p>\n<p>Gelecek d\u00f6nemde de \u00fcreticiyi ve \u00fcretimi desteklemeye devam edeceklerini vurgulayan Se\u00e7er, &#8220;Tar\u0131msal \u0130novasyon Merkezi&#8217;nden Tar\u0131msal GES projelerine kadar \u00f6nemli projeleri hayata ge\u00e7irece\u011fiz. Tar\u0131m konusunda tevazu g\u00f6stermeyece\u011fimiz \u00f6nemli at\u0131l\u0131mlar yapt\u0131k. Fide-fidandan sulama borusu deste\u011fine, makine ekipmandan hayvanc\u0131l\u0131k deste\u011fine kadar her alanda tar\u0131m\u0131n i\u00e7indeyiz. Bizim hedef kitlemiz k\u00fc\u00e7\u00fck i\u015fletmeler ve kad\u0131nlard\u0131r. \u0130kinci d\u00f6nemde de tar\u0131m bizim i\u00e7in desteklenecek ba\u015f sekt\u00f6rlerin ba\u015f\u0131nda gelecek&#8221; diye konu\u015ftu.<\/p>\n<p>&#8220;Sosyal politikalara ayr\u0131lan b\u00fct\u00e7eyi 16 kat art\u0131rd\u0131k&#8221;<\/p>\n<p>Mersin&#8217;in n\u00fcfus yo\u011funlu\u011funun g\u00fcn ge\u00e7tik\u00e7e artt\u0131\u011f\u0131n\u0131 s\u00f6yleyen Se\u00e7er, &#8220;Burada ciddi yat\u0131r\u0131mlar var. \u0130nsanlar buraya geliyor. Buran\u0131n insan\u0131n\u0131n geliri belli, devlet olarak el uzatmam\u0131z laz\u0131m. Biz farkl\u0131 bir model olan Sosyal Konut yapaca\u011f\u0131z&#8221; dedi. \u00d6nceliklerinin sosyal belediyecilik oldu\u011funu vurgulayan Se\u00e7er, sosyal politikalara ayr\u0131lan b\u00fct\u00e7eyi 16 kat art\u0131rd\u0131klar\u0131n\u0131 hat\u0131rlatarak, &#8220;10 TL&#8217;ye verdi\u011fimiz yeme\u011fin, 5 TL&#8217;ye ekme\u011fin, \u00e7orban\u0131n \u00e7ok b\u00fcy\u00fck de\u011feri var. Kad\u0131nlara g\u00f6nderdi\u011fimiz hamile s\u00fct\u00fcn\u00fcn, \u00e7ocuklara g\u00f6nderdi\u011fimiz s\u00fct\u00fcn, yapt\u0131\u011f\u0131m\u0131z ya\u015fl\u0131 bak\u0131m\u0131n\u0131n \u00e7ok b\u00fcy\u00fck \u00f6nemi var. Belediyecilik budur. O anlamda sosyal konutta yapabiliriz&#8221; diye konu\u015ftu.<\/p>\n<p>&#8220;Kentsel d\u00f6n\u00fc\u015f\u00fcme \u00e7ok s\u0131cak bak\u0131yoruz&#8221;<\/p>\n<p>Yat\u0131r\u0131m konusunda gelen sorulara yan\u0131t veren Se\u00e7er, yat\u0131r\u0131ma kar\u015f\u0131 olmad\u0131klar\u0131n\u0131 ama \u00e7evre hassasiyeti g\u00f6stermeyen projelere s\u0131cak bakmad\u0131klar\u0131n\u0131 kaydetti. Metro projesinin yer alt\u0131ndan gidecek k\u0131sm\u0131 i\u00e7in riskli binalar\u0131 tespit ettiklerini ve bu binalar\u0131 kamula\u015ft\u0131rd\u0131klar\u0131n\u0131 kaydeden Se\u00e7er, &#8220;Kentsel d\u00f6n\u00fc\u015f\u00fcme \u00e7ok s\u0131cak bak\u0131yoruz. Biz de i\u00e7inde olaca\u011f\u0131z. Depremden sonra Afet \u0130\u015fleri Daire Ba\u015fkanl\u0131\u011f\u0131&#8217;n\u0131 kurduk. Hem zemin s\u0131v\u0131la\u015fmas\u0131 olan yerlerde hem ekonomik \u00f6mr\u00fcn\u00fc doldurmu\u015f binalar\u0131n oldu\u011fu b\u00f6lgelerde sosyal konutlar\u0131n \u00e7al\u0131\u015fmalar\u0131n\u0131 e\u015fg\u00fcd\u00fcml\u00fc olarak s\u00fcrd\u00fcrece\u011fiz&#8221; s\u00f6zlerine yer verdi.<\/p>\n<p>&#8220;Bizim se\u00e7im program\u0131m\u0131z yok, 2024 program\u0131m\u0131z neyse onu uyguluyoruz&#8221;<\/p>\n<p>Se\u00e7ime \u00e7ok k\u0131sa s\u00fcre kalmas\u0131na ra\u011fmen &#8216;Devlette devaml\u0131l\u0131k esast\u0131r&#8217; s\u00f6z\u00fcn\u00fc \u015fiar alarak Anamur&#8217;dan Tarsus&#8217;a kentin d\u00f6rt bir noktas\u0131nda \u00e7al\u0131\u015fmalar\u0131 s\u00fcrd\u00fcrd\u00fcklerini belirten Se\u00e7er, &#8220;Bir se\u00e7im program\u0131m\u0131z yok. Biz 2024 program\u0131n\u0131 uyguluyoruz ve se\u00e7imi kazanaca\u011f\u0131z diyorum. Ak Partili, MHP&#8217;li, \u0130yi Partili \u00e7ok fazla yurtta\u015f\u0131n oyunu alaca\u011f\u0131z. \u00c7\u00fcnk\u00fc insanlar istikrar, denge, g\u00fcler y\u00fcz, vizyon, adalet ve mutlu olmak istiyor. Biz neticede herkes i\u00e7in m\u00fccadele ediyoruz&#8221; diye konu\u015ftu. <\/p>\n<p>G\u00fcnd\u00fcz: &#8220;Ba\u015fkan\u0131m\u0131z kenti hak etti\u011fi yere ta\u015f\u0131mak i\u00e7in gerekli yat\u0131r\u0131mlar\u0131 yapacakt\u0131r&#8221;<\/p>\n<p>Toplant\u0131da konu\u015fan Mersin \u0130sti\u015fare Kul\u00fcb\u00fc Ba\u015fkan\u0131 Ferudun G\u00fcnd\u00fcz, tar\u0131m kenti olan Mersin&#8217;in Ziraat M\u00fchendisi bir B\u00fcy\u00fck\u015fehir Belediye Ba\u015fkan\u0131 taraf\u0131ndan y\u00f6netilmesinin de\u011ferli oldu\u011funu kaydetti. Mersin&#8217;in hak etti\u011fi yere gelmesinde Se\u00e7er&#8217;in ba\u015fkanl\u0131\u011f\u0131n\u0131n \u00f6nemli oldu\u011funun alt\u0131n\u0131 \u00e7izen G\u00fcnd\u00fcz, &#8220;Tar\u0131m\u0131n ve g\u0131da \u00fcr\u00fcnlerinin insan sa\u011fl\u0131\u011f\u0131 a\u00e7\u0131s\u0131ndan \u00e7ocuklar\u0131m\u0131z\u0131n, gen\u00e7lerimizin gelece\u011fi a\u00e7\u0131s\u0131ndan \u00f6nemli oldu\u011funu biliyoruz ve artan fiyatlar nedeniyle insanlar sa\u011fl\u0131kl\u0131 beslenemiyor. Bu anlamda merkezi y\u00f6netime b\u00fcy\u00fck g\u00f6rev d\u00fc\u015f\u00fcyor ama ayn\u0131 zamanda yerel y\u00f6netimde de bu i\u015fi bilen, bu alanda iktisat sahibi insanlar\u0131n yapt\u0131\u011f\u0131 \u00e7al\u0131\u015fmalar\u0131n \u00f6nemli oldu\u011funu biliyoruz. Dolay\u0131s\u0131yla tar\u0131m konusunda gerek kooperatif gerekse \u00fcretimin artmas\u0131n\u0131 yeni d\u00f6nemde umut ediyorum&#8221; diye konu\u015ftu.<\/p>\n<p>Mersin&#8217;in de\u011ferli bir kent oldu\u011funu kaydeden G\u00fcnd\u00fcz, &#8220;\u0130nsanlar tarih, k\u00fclt\u00fcr ve sanatsal faaliyetleri izlemeye geliyorlar ki Mersin bu konuda zengin ama bunlar\u0131 sunma konusundaki becerilerimizde eksiklerimiz var. B\u00fcy\u00fck\u015fehir Belediye Ba\u015fkan\u0131m\u0131z bu eksikleri gidererek \u00e7ok daha g\u00fc\u00e7l\u00fc, Mersin&#8217;in hak etti\u011fi yere gelmesi i\u00e7in gerekli yat\u0131r\u0131mlar\u0131 yapacakt\u0131r&#8221; dedi.<\/p>\n<p>Konu\u015fmalar\u0131n ard\u0131ndan ger\u00e7ekle\u015ftirilen soru cevap b\u00f6l\u00fcm\u00fcnde Se\u00e7er, kat\u0131l\u0131mc\u0131lar\u0131n sorular\u0131n\u0131 yan\u0131tlad\u0131. Se\u00e7er&#8217;e kent hakk\u0131ndaki sorular\u0131n\u0131 y\u00f6nlendiren kat\u0131l\u0131mc\u0131lar, Se\u00e7er&#8217;in hizmetlerinden duyduklar\u0131 memnuniyeti anlatarak, Se\u00e7er&#8217;in ikinci 5 y\u0131lda da \u00e7ok g\u00fczel hizmetler yapaca\u011f\u0131na inand\u0131klar\u0131n\u0131 dile getirdiler. Se\u00e7er ile kentin g\u00fczel geli\u015fmeler ya\u015fad\u0131\u011f\u0131na de\u011finen kat\u0131l\u0131mc\u0131lar, yerel se\u00e7imlerde Se\u00e7er&#8217;e destek vereceklerinin de vurgusunu yapt\u0131.<\/p>\n<p>Toplant\u0131 toplu hat\u0131ra foto\u011fraf\u0131 \u00e7ekiminin ard\u0131ndan sona erdi.<\/p>\n","protected":false},"excerpt":{"rendered":"<p>Mersin B\u00fcy\u00fck\u015fehir Belediye Ba\u015fkan\u0131 ve Cumhuriyet Halk Partisi (CHP) Mersin B\u00fcy\u00fck\u015fehir Belediye Ba\u015fkan Aday\u0131 Vahap Se\u00e7er, Mersin \u0130sti\u015fare Kul\u00fcb\u00fc ile bir araya geldi. Toplant\u0131da; Ba\u015fkan Se\u00e7er, CHP Mersin Milletvekili G\u00fclcan K\u0131\u015f, Mersin \u0130sti\u015fare Kul\u00fcb\u00fc Ba\u015fkan\u0131 Ferudun G\u00fcnd\u00fcz, Mersin \u0130sti\u015fare Kul\u00fcb\u00fc \u00fcyeleri ile akademisyenler yer ald\u0131. Mersin \u0130sti\u015fare Kul\u00fcb\u00fc Ba\u015fkan\u0131 Ferudun G\u00fcnd\u00fcz&#8217;\u00fcn a\u00e7\u0131l\u0131\u015f konu\u015fmas\u0131n\u0131n ard\u0131ndan, Mersin [&hellip;]<\/p>\n","protected":false},"author":2,"featured_media":31236,"comment_status":"open","ping_status":"open","sticky":false,"template":"","format":"standard","meta":{"footnotes":""},"categories":[1,2,3,5],"tags":[],"class_list":["post-31235","post","type-post","status-publish","format-standard","has-post-thumbnail","hentry","category-genel","category-gundem","category-manset","category-mersin"],"views":3,"_links":{"self":[{"href":"https:\/\/mersinkadingazetesi.com\/index.php?rest_route=\/wp\/v2\/posts\/31235"}],"collection":[{"href":"https:\/\/mersinkadingazetesi.com\/index.php?rest_route=\/wp\/v2\/posts"}],"about":[{"href":"https:\/\/mersinkadingazetesi.com\/index.php?rest_route=\/wp\/v2\/types\/post"}],"author":[{"embeddable":true,"href":"https:\/\/mersinkadingazetesi.com\/index.php?rest_route=\/wp\/v2\/users\/2"}],"replies":[{"embeddable":true,"href":"https:\/\/mersinkadingazetesi.com\/index.php?rest_route=%2Fwp%2Fv2%2Fcomments&post=31235"}],"version-history":[{"count":0,"href":"https:\/\/mersinkadingazetesi.com\/index.php?rest_route=\/wp\/v2\/posts\/31235\/revisions"}],"wp:featuredmedia":[{"embeddable":true,"href":"https:\/\/mersinkadingazetesi.com\/index.php?rest_route=\/wp\/v2\/media\/31236"}],"wp:attachment":[{"href":"https:\/\/mersinkadingazetesi.com\/index.php?rest_route=%2Fwp%2Fv2%2Fmedia&parent=31235"}],"wp:term":[{"taxonomy":"category","embeddable":true,"href":"https:\/\/mersinkadingazetesi.com\/index.php?rest_route=%2Fwp%2Fv2%2Fcategories&post=31235"},{"taxonomy":"post_tag","embeddable":true,"href":"https:\/\/mersinkadingazetesi.com\/index.php?rest_route=%2Fwp%2Fv2%2Ftags&post=31235"}],"curies":[{"name":"wp","href":"https:\/\/api.w.org\/{rel}","templated":true}]}}