{"id":31238,"date":"2024-03-10T11:58:35","date_gmt":"2024-03-10T08:58:35","guid":{"rendered":"http:\/\/mersinkadingazetesi.com\/?p=31238"},"modified":"2024-03-10T11:58:35","modified_gmt":"2024-03-10T08:58:35","slug":"baskan-ozyigit-yerel-esitlik-eylem-planimizi-hazirliyoruz","status":"publish","type":"post","link":"https:\/\/mersinkadingazetesi.com\/?p=31238","title":{"rendered":"Ba\u015fkan \u00d6zyi\u011fit, \u201cYerel E\u015fitlik Eylem Plan\u0131m\u0131z\u0131 haz\u0131rl\u0131yoruz\u201d"},"content":{"rendered":"<p>Yeni\u015fehir Belediye Ba\u015fkan\u0131 ve Cumhuriyet Halk Partisi(CHP) Yeni\u015fehir Belediye Ba\u015fkan Aday\u0131 Abdullah \u00d6zyi\u011fit, 8 Mart D\u00fcnya Kad\u0131nlar G\u00fcn\u00fc\u2019nde merkez ve k\u0131rsal mahallelerde kad\u0131nlarla bir araya geldi. Ba\u015fkan \u00d6zyi\u011fit, cinsiyet e\u015fitli\u011fini sa\u011flamak amac\u0131yla uygulanacak politika, strateji ve projeleri i\u00e7eren Yerel E\u015fitlik Eylem Plan\u0131 haz\u0131rlad\u0131klar\u0131n\u0131 s\u00f6yledi.<br \/>\nYeni\u015fehir Belediye Ba\u015fkan\u0131 ve Cumhuriyet Halk Partisi(CHP) Yeni\u015fehir Belediye Ba\u015fkan Aday\u0131 Abdullah \u00d6zyi\u011fit, 8 Mart D\u00fcnya Kad\u0131nlar G\u00fcn\u00fc\u2019nde ilk olarak Emirler ve \u00c7avak\u2019ta k\u0131rsal mahallelerde ya\u015fayan kad\u0131nlarla bir araya geldi. Ba\u015fkan \u00d6zyi\u011fit, daha sonra Palmiye, Dumlup\u0131nar, Cumhuriyet, Limonluk ve G\u00fcvenevler mahallelerinde d\u00fczenlenen etkinliklerde kad\u0131nlarla bulu\u015ftu.<br \/>\n\u201cAvrupa Yerel Ya\u015famda Kad\u0131n Erkek E\u015fitli\u011fi \u015eart\u0131\u2019n\u0131 2021 y\u0131l\u0131nda imzalad\u0131k.\u201d<br \/>\n8 Mart D\u00fcnya Kad\u0131nlar G\u00fcn\u00fc\u2019n\u00fc kutlayan Ba\u015fkan Abdullah \u00d6zyi\u011fit, kad\u0131nlara \u00e7i\u00e7ek hediye etti. 2019 y\u0131l\u0131nda g\u00f6reve geldikten sonra Yeni\u015fehir Belediyesi Kad\u0131n ve Aile Hizmetleri M\u00fcd\u00fcrl\u00fc\u011f\u00fcn\u00fc kurduklar\u0131n\u0131 ve kad\u0131nlara y\u00f6nelik \u00e7al\u0131\u015fmalara h\u0131z verdiklerini ifade eden Ba\u015fkan \u00d6zyi\u011fit, \u201cG\u00f6reve geldikten hemen sonra Yeni\u015fehir Belediyesi Kad\u0131n ve Aile Hizmetleri M\u00fcd\u00fcrl\u00fc\u011f\u00fcm\u00fcz\u00fc kurduk. Avrupa Belediyeler ve B\u00f6lgeler Konseyi (CEMR) taraf\u0131ndan ba\u015flat\u0131lan ve ya\u015fam\u0131n her alan\u0131nda kad\u0131n ve erkek e\u015fitli\u011fi i\u00e7in izlenebilecek somut y\u00f6ntemler sunan Avrupa Yerel Ya\u015famda Kad\u0131n Erkek E\u015fitli\u011fi \u015eart\u0131\u2019n\u0131 2021 y\u0131l\u0131nda imzalad\u0131k.  Mersin\u2019de ilk kez, \u00f6nce kurum personellerimize ve ard\u0131ndan vatanda\u015flar\u0131m\u0131za y\u00f6nelik toplumsal cinsiyet e\u015fitli\u011fi e\u011fitimleri verdik. Kad\u0131n ve Aile Hizmetleri M\u00fcd\u00fcrl\u00fc\u011f\u00fcm\u00fcze ba\u011fl\u0131 olarak faaliyet g\u00f6steren E\u015fitlik Birimimizle, cinsiyet e\u015fitli\u011fini sa\u011flamak amac\u0131yla uygulanacak politika, strateji ve projeleri i\u00e7eren Yerel E\u015fitlik Eylem Plan\u0131m\u0131z\u0131 haz\u0131rl\u0131yoruz.\u201d dedi.<br \/>\n\u201cKad\u0131n eme\u011fini g\u00f6r\u00fcn\u00fcr k\u0131l\u0131yoruz\u201d<br \/>\nPazar \u00d6tesi Kad\u0131n \u00dcretici Pazar\u0131 ve Yeni\u015fehir Tar\u0131msal Kalk\u0131nma Kooperatifi ile kad\u0131nlara destek verdiklerini kaydeden Ba\u015fkan Abdullah \u00d6zyi\u011fit, Mersin Barosu ile yapt\u0131klar\u0131 i\u015f birli\u011finin \u00f6nemine de vurgu yaparak \u015funlar\u0131 s\u00f6yledi: \u201cBelediyemizdeki 30 m\u00fcd\u00fcr\u00fcm\u00fcz\u00fcn 16\u2019s\u0131 ve bir ba\u015fkan yard\u0131mc\u0131m\u0131z kad\u0131n. Sahip olduklar\u0131 uzmanl\u0131k, yetenek ve \u00f6zverileriyle bu g\u00f6revlere geldiler. Kendilerine ba\u015far\u0131lar diliyor, her biriyle gurur duyuyorum.  Mersin Barosu ile ekonomik, fiziksel, cinsel ve psikolojik \u015fiddet t\u00fcrlerine maruz kalan \u00e7ocuk ve kad\u0131nlara hukuki, psikolojik ve sosyal destek verilmesi ile ilgili i\u015f birli\u011fi protokol\u00fcn\u00fc 2022 y\u0131l\u0131nda imzalad\u0131k.  Kad\u0131n \u00fcreticilerin eme\u011finin de\u011ferlendirdi\u011fi Pazar \u00d6tesi Kad\u0131n \u00dcretici Pazar\u0131m\u0131z\u0131 a\u00e7t\u0131k.  Yeni\u015fehir Tar\u0131msal Kalk\u0131nma Kooperatifimizde kad\u0131n arkada\u015flar\u0131m\u0131zla \u00e7al\u0131\u015f\u0131yoruz. \u00dcrettikleri \u00fcr\u00fcnleri markala\u015ft\u0131rarak, emeklerinin kar\u015f\u0131l\u0131\u011f\u0131n\u0131 almalar\u0131 noktas\u0131nda yanlar\u0131nda oluyor ve emeklerini g\u00f6r\u00fcn\u00fcr k\u0131l\u0131yoruz.\u201d<br \/>\n\u201cKad\u0131n Dan\u0131\u015fma Merkezi\u2019mizi hayata ge\u00e7irdik.\u201d<br \/>\nForum Al\u0131\u015fveri\u015f Merkezi g\u00fcneyinde a\u00e7t\u0131klar\u0131 ek hizmet binas\u0131nda Kad\u0131n Dan\u0131\u015fma Merkezi de kurduklar\u0131n\u0131 s\u00f6yleyen Ba\u015fkan \u00d6zyi\u011fit, \u201cKad\u0131nlara mesleki e\u011fitim ve beceri kurslar\u0131 vererek, kad\u0131nlar\u0131n gelir getirici faaliyetlerde bulunmalar\u0131 i\u00e7in farkl\u0131 alanlarda \u00e7e\u015fitli e\u011fitimler vermeye devam ediyoruz. Yine kad\u0131nlar i\u00e7in ki\u015fisel geli\u015fimlerine y\u00f6nelik kurslar\u0131m\u0131zla desteklerimizi s\u00fcrd\u00fcr\u00fcyoruz. Sadece kad\u0131nlar\u0131n faydalanabilece\u011fi psikososyal destek dahil her alanda kad\u0131nlar\u0131n yan\u0131nda olaca\u011f\u0131m\u0131z Kad\u0131n Dan\u0131\u015fma Merkezi\u2019mizi hayata ge\u00e7irdik.  Ayr\u0131ca kad\u0131nlara y\u00f6nelik \u015fiddeti ve cinsiyet e\u015fitsizli\u011fini ortadan kald\u0131rmak amac\u0131yla \u0130stanbul S\u00f6zle\u015fmesi\u2019ni kitap\u00e7\u0131k haline getirerek, yeni evlenen \u00e7iftlerimize verdik.\u201d diye konu\u015ftu. <\/p>\n","protected":false},"excerpt":{"rendered":"<p>Yeni\u015fehir Belediye Ba\u015fkan\u0131 ve Cumhuriyet Halk Partisi(CHP) Yeni\u015fehir Belediye Ba\u015fkan Aday\u0131 Abdullah \u00d6zyi\u011fit, 8 Mart D\u00fcnya Kad\u0131nlar G\u00fcn\u00fc\u2019nde merkez ve k\u0131rsal mahallelerde kad\u0131nlarla bir araya geldi. Ba\u015fkan \u00d6zyi\u011fit, cinsiyet e\u015fitli\u011fini sa\u011flamak amac\u0131yla uygulanacak politika, strateji ve projeleri i\u00e7eren Yerel E\u015fitlik Eylem Plan\u0131 haz\u0131rlad\u0131klar\u0131n\u0131 s\u00f6yledi. Yeni\u015fehir Belediye Ba\u015fkan\u0131 ve Cumhuriyet Halk Partisi(CHP) Yeni\u015fehir Belediye Ba\u015fkan Aday\u0131 [&hellip;]<\/p>\n","protected":false},"author":2,"featured_media":31239,"comment_status":"open","ping_status":"open","sticky":false,"template":"","format":"standard","meta":{"footnotes":""},"categories":[34,1,2,3],"tags":[],"class_list":["post-31238","post","type-post","status-publish","format-standard","has-post-thumbnail","hentry","category-flas-haber","category-genel","category-gundem","category-manset"],"views":3,"_links":{"self":[{"href":"https:\/\/mersinkadingazetesi.com\/index.php?rest_route=\/wp\/v2\/posts\/31238"}],"collection":[{"href":"https:\/\/mersinkadingazetesi.com\/index.php?rest_route=\/wp\/v2\/posts"}],"about":[{"href":"https:\/\/mersinkadingazetesi.com\/index.php?rest_route=\/wp\/v2\/types\/post"}],"author":[{"embeddable":true,"href":"https:\/\/mersinkadingazetesi.com\/index.php?rest_route=\/wp\/v2\/users\/2"}],"replies":[{"embeddable":true,"href":"https:\/\/mersinkadingazetesi.com\/index.php?rest_route=%2Fwp%2Fv2%2Fcomments&post=31238"}],"version-history":[{"count":0,"href":"https:\/\/mersinkadingazetesi.com\/index.php?rest_route=\/wp\/v2\/posts\/31238\/revisions"}],"wp:featuredmedia":[{"embeddable":true,"href":"https:\/\/mersinkadingazetesi.com\/index.php?rest_route=\/wp\/v2\/media\/31239"}],"wp:attachment":[{"href":"https:\/\/mersinkadingazetesi.com\/index.php?rest_route=%2Fwp%2Fv2%2Fmedia&parent=31238"}],"wp:term":[{"taxonomy":"category","embeddable":true,"href":"https:\/\/mersinkadingazetesi.com\/index.php?rest_route=%2Fwp%2Fv2%2Fcategories&post=31238"},{"taxonomy":"post_tag","embeddable":true,"href":"https:\/\/mersinkadingazetesi.com\/index.php?rest_route=%2Fwp%2Fv2%2Ftags&post=31238"}],"curies":[{"name":"wp","href":"https:\/\/api.w.org\/{rel}","templated":true}]}}