{"id":31244,"date":"2024-03-10T12:01:12","date_gmt":"2024-03-10T09:01:12","guid":{"rendered":"http:\/\/mersinkadingazetesi.com\/?p=31244"},"modified":"2024-03-10T12:01:12","modified_gmt":"2024-03-10T09:01:12","slug":"baskan-yilmazin-ramazan-ayi-mesaji","status":"publish","type":"post","link":"https:\/\/mersinkadingazetesi.com\/?p=31244","title":{"rendered":"BA\u015eKAN YILMAZ&#8217;IN RAMAZAN AYI MESAJI"},"content":{"rendered":"<p>Toroslar Belediye Ba\u015fkan\u0131 Ats\u0131z Af\u015f\u0131n Y\u0131lmaz, m\u00fcbarek Ramazan ay\u0131 dolay\u0131s\u0131yla bir mesaj yay\u0131nlad\u0131.<\/p>\n<p>On bir ay\u0131n sultan\u0131 Ramazan-\u0131 \u015eerif&#8217;e ula\u015fman\u0131n huzur ve mutlulu\u011funu hep birlikte ya\u015fad\u0131klar\u0131n\u0131 dile getiren Ba\u015fkan Y\u0131lmaz, Ramazan ay\u0131n\u0131n bolluk, bereket, sa\u011fl\u0131k ve mutluluk i\u00e7inde ge\u00e7mesi temennisinde bulundu.<\/p>\n<p>Ba\u015fkan Y\u0131lmaz, Ramazan ay\u0131n\u0131n, t\u00fcm insanl\u0131k i\u00e7in hay\u0131rlara vesile olmas\u0131n\u0131 dileyerek; &#8220;\u0130\u00e7erisinde bin aydan daha hay\u0131rl\u0131 Kadir Gecesi&#8217;ni bar\u0131nd\u0131ran Ramazan ay\u0131, darg\u0131nl\u0131klar\u0131n unutuldu\u011fu, dayan\u0131\u015fman\u0131n ve karde\u015fli\u011fin daha da artt\u0131\u011f\u0131 mukaddes bir ayd\u0131r. Rahmet kap\u0131lar\u0131n\u0131n sonuna kadar a\u00e7\u0131ld\u0131\u011f\u0131 bu m\u00fcbarek ay\u0131n milletimize, \u0130slam alemine ve b\u00fct\u00fcn insanl\u0131\u011fa ba\u015fta sa\u011fl\u0131k, huzur ve bar\u0131\u015f getirmesini diliyorum. Bu duygu ve d\u00fc\u015f\u00fcncelerle t\u00fcm hem\u015fehrilerimin Ramazan ay\u0131n\u0131 tebrik ediyorum&#8221; \u015feklinde konu\u015ftu.<\/p>\n","protected":false},"excerpt":{"rendered":"<p>Toroslar Belediye Ba\u015fkan\u0131 Ats\u0131z Af\u015f\u0131n Y\u0131lmaz, m\u00fcbarek Ramazan ay\u0131 dolay\u0131s\u0131yla bir mesaj yay\u0131nlad\u0131. On bir ay\u0131n sultan\u0131 Ramazan-\u0131 \u015eerif&#8217;e ula\u015fman\u0131n huzur ve mutlulu\u011funu hep birlikte ya\u015fad\u0131klar\u0131n\u0131 dile getiren Ba\u015fkan Y\u0131lmaz, Ramazan ay\u0131n\u0131n bolluk, bereket, sa\u011fl\u0131k ve mutluluk i\u00e7inde ge\u00e7mesi temennisinde bulundu. Ba\u015fkan Y\u0131lmaz, Ramazan ay\u0131n\u0131n, t\u00fcm insanl\u0131k i\u00e7in hay\u0131rlara vesile olmas\u0131n\u0131 dileyerek; &#8220;\u0130\u00e7erisinde bin aydan [&hellip;]<\/p>\n","protected":false},"author":2,"featured_media":31245,"comment_status":"open","ping_status":"open","sticky":false,"template":"","format":"standard","meta":{"footnotes":""},"categories":[3],"tags":[],"class_list":["post-31244","post","type-post","status-publish","format-standard","has-post-thumbnail","hentry","category-manset"],"views":2,"_links":{"self":[{"href":"https:\/\/mersinkadingazetesi.com\/index.php?rest_route=\/wp\/v2\/posts\/31244"}],"collection":[{"href":"https:\/\/mersinkadingazetesi.com\/index.php?rest_route=\/wp\/v2\/posts"}],"about":[{"href":"https:\/\/mersinkadingazetesi.com\/index.php?rest_route=\/wp\/v2\/types\/post"}],"author":[{"embeddable":true,"href":"https:\/\/mersinkadingazetesi.com\/index.php?rest_route=\/wp\/v2\/users\/2"}],"replies":[{"embeddable":true,"href":"https:\/\/mersinkadingazetesi.com\/index.php?rest_route=%2Fwp%2Fv2%2Fcomments&post=31244"}],"version-history":[{"count":0,"href":"https:\/\/mersinkadingazetesi.com\/index.php?rest_route=\/wp\/v2\/posts\/31244\/revisions"}],"wp:featuredmedia":[{"embeddable":true,"href":"https:\/\/mersinkadingazetesi.com\/index.php?rest_route=\/wp\/v2\/media\/31245"}],"wp:attachment":[{"href":"https:\/\/mersinkadingazetesi.com\/index.php?rest_route=%2Fwp%2Fv2%2Fmedia&parent=31244"}],"wp:term":[{"taxonomy":"category","embeddable":true,"href":"https:\/\/mersinkadingazetesi.com\/index.php?rest_route=%2Fwp%2Fv2%2Fcategories&post=31244"},{"taxonomy":"post_tag","embeddable":true,"href":"https:\/\/mersinkadingazetesi.com\/index.php?rest_route=%2Fwp%2Fv2%2Ftags&post=31244"}],"curies":[{"name":"wp","href":"https:\/\/api.w.org\/{rel}","templated":true}]}}