{"id":31247,"date":"2024-03-10T12:04:14","date_gmt":"2024-03-10T09:04:14","guid":{"rendered":"http:\/\/mersinkadingazetesi.com\/?p=31247"},"modified":"2024-03-10T12:04:14","modified_gmt":"2024-03-10T09:04:14","slug":"mersinin-hizmetkari-olmaya-geliyoruz","status":"publish","type":"post","link":"https:\/\/mersinkadingazetesi.com\/?p=31247","title":{"rendered":"&#8220;MERS\u0130N&#8217;\u0130N H\u0130ZMETKARI OLMAYA GEL\u0130YORUZ&#8221;"},"content":{"rendered":"<p>Ba\u015fkan Serdar Soydan, 100 Projesini kamuoyu ile payla\u015ft\u0131: &#8220;100 projemiz ve %100 belediyecilik anlay\u0131\u015f\u0131m\u0131zla harekete ge\u00e7iyoruz&#8221;<\/p>\n<p>Cumhur \u0130ttifak\u0131 Mersin B\u00fcy\u00fck\u015fehir Belediye Ba\u015fkan Aday\u0131 Serdar Soydan, &#8220;3 Ana Tema 9 \u0130lke, Mersin&#8217;e 100 Proje&#8221; tan\u0131t\u0131m toplant\u0131s\u0131n\u0131 yapt\u0131. <\/p>\n<p>Ba\u015fkan Soydan,  toplant\u0131da, Mersin&#8217;in sadece 5 y\u0131l\u0131n\u0131 de\u011fil, 50 y\u0131l\u0131n\u0131 planlamay\u0131 hedeflediklerini kaydederek, &#8220;100 projemiz ve %100 belediyecilik anlay\u0131\u015f\u0131m\u0131zla bu \u015fehirde do\u011fmu\u015f, b\u00fcy\u00fcm\u00fc\u015f, Mersin&#8217;in her yerini bilen bir hem\u015fehriniz olarak Mersin i\u00e7in s\u00f6z vermi\u015ftik ve \u015fimdi bu s\u00f6z\u00fc yerine getirmek i\u00e7in harekete ge\u00e7iyoruz.&#8221;Dedi. <\/p>\n<p>Edip Buran Spor Salonunda ger\u00e7ekle\u015fen ve binlerce ki\u015finin kat\u0131ld\u0131\u011f\u0131, 3 Ana Tema 9 \u0130lke 100 Proje toplant\u0131s\u0131nda projelerini tek tek anlatan Soydan, Mersin&#8217;in hizmetkar\u0131 olmaya geldikleri ifade etti. <\/p>\n<p>Ak Parti ve Milliyet\u00e7i Hareket Partili \u00fcst d\u00fczey y\u00f6neticilerin yan\u0131 s\u0131ra, Milletvekilleri, STK, Meslek Odalar\u0131 ile \u0130\u015f D\u00fcnyas\u0131 ve Oda Ba\u015fkanlar\u0131n\u0131n da yo\u011fun kat\u0131l\u0131m g\u00f6sterdi\u011fi toplant\u0131daki konu\u015fmas\u0131na salonu dolduran kalabal\u0131\u011f\u0131 selamlayarak ba\u015flayan Ba\u015fkan Soydan, &#8220;Say\u0131n Devlet Bah\u00e7eli ve Cumhurba\u015fkan\u0131m\u0131z Say\u0131n Recep Tayyip Erdo\u011fan&#8217;\u0131n Mersin B\u00fcy\u00fck\u015fehir Belediye ba\u015fkan adayl\u0131\u011f\u0131 i\u00e7in \u015eahs\u0131m\u0131 lay\u0131k g\u00f6rmeleri bizleri ziyadesiyle onurland\u0131rm\u0131\u015ft\u0131r. Sizlerin huzurunda bir kez daha Say\u0131n Cumhurba\u015fkan\u0131m\u0131za ve Genel Ba\u015fkan\u0131m\u0131za \u015f\u00fckranlar\u0131m\u0131 arz ediyorum ve bu u\u011furda m\u00fccadele etmek benim i\u00e7in \u00f6nemli bir hem\u015ferilik g\u00f6revidir. Elbette ki Mersin&#8217;e sahip \u00e7\u0131kaca\u011f\u0131m; yo\u011fun bir kampanya s\u00fcrecinde sizlerle birlikte Omuz Omuza Mersin sevdas\u0131yla Mersin&#8217;e hizmet a\u015fk\u0131yla, sokak sokak, Mahalle mahalle T\u00fcrkiye Cumhuriyeti vizyonumuzda 100 projemiz ile %100 belediyecilik anlay\u0131\u015f\u0131yla huzurlar\u0131n\u0131zday\u0131z.&#8221;Dedi.<\/p>\n<p>&#8220;13 \u0130L\u00c7E \u0130\u00c7\u0130N PROJEM\u0130Z VAR&#8221;<\/p>\n<p>&#8220;METRO VE TRAMVAY PROJELER\u0130N\u0130 B\u0130Z YAPACA\u011eIZ&#8221;<\/p>\n<p>13 il\u00e7e i\u00e7in ayr\u0131 ayr\u0131 projeler haz\u0131rlad\u0131klar\u0131n\u0131n alt\u0131n\u0131 \u00e7izen Soydan, Mersin&#8217;in trafik sorununa \u00e7\u00f6z\u00fcm olacak ak\u0131ll\u0131 kav\u015fak modeli ile \u00e7\u0131kmaza giren metro projesi ve hafif rayl\u0131 sistem projelerini kendilerinin hayata ge\u00e7irece\u011fini vurgulayarak \u015funlar\u0131 s\u00f6yledi: &#8220;Bu \u015fehrin zaten bir metro projesi vard\u0131. Proje uygulanabilir bir haldeydi; \u00f6yle oldu \u015f\u00f6yle oldu b\u00f6yle oldu diyerek \u00e7e\u015fitli bahanelerle bu proje \u00e7\u0131kmaz bir hal ald\u0131. Biz bunu batakl\u0131ktan kurtar\u0131p hem\u015ferilerimizin hizmetine sunaca\u011f\u0131z. \u00d6te yandan ula\u015f\u0131m alan\u0131nda yapmak istedi\u011fimiz bir di\u011fer hizmet ise yeni tramvay hatlar\u0131 olacakt\u0131r. Adnan Menderes Bulvar\u0131 ba\u015fta olmak \u00fczere Tarsus ve Anamur&#8217;da daha \u00e7ok Turistik ama\u00e7l\u0131 olmak \u00fczere yeni tramvay hatlar\u0131 in\u015fa edece\u011fiz&#8221;<\/p>\n<p>&#8220;KANAL\u0130ZE DE\u011e\u0130L, AKILLI KAV\u015eAKLAR&#8221;<\/p>\n<p>Soydan, uygulamas\u0131 s\u0131k\u0131nt\u0131l\u0131 kanalize kav\u015fak yerine, daha kabul g\u00f6rm\u00fc\u015f ve ba\u015far\u0131l\u0131 \u00f6rnekleri olan Ak\u0131ll\u0131 Kav\u015fak Modelini kazand\u0131racaklar\u0131n\u0131n alt\u0131n\u0131 \u00e7izerek, \u015f\u00f6yle devam etti: &#8220;Bir di\u011fer projemiz ak\u0131ll\u0131 sinyalizasyon sistemleri&#8230; Hala ula\u015f\u0131m problemleri i\u00e7erisinden maalesef \u00e7\u0131kam\u0131yoruz; mevcut y\u00f6netim kanalize kav\u015fak adl\u0131 bir kav\u015fak sistemi kullan\u0131yor. D\u00fcnyadaki t\u00fcm model ve modern kentler ise ak\u0131ll\u0131 sinyalizasyon sistemlerinin konforundan faydalan\u0131yor. G\u00f6reve gelir gelmez \u0130lk yapaca\u011f\u0131m\u0131z i\u015flerden birisi t\u00fcm kav\u015faklar\u0131m\u0131z\u0131 geli\u015ftirilmi\u015f ve zenginle\u015ftirilmi\u015f bu modelle tan\u0131\u015ft\u0131rmak olacakt\u0131r.  Birde Yeni\u015fehir il\u00e7emiz, b\u00fct\u00fcn trafi\u011fin y\u00fck\u00fcn\u00fc 2 ve 3 \u00e7evre yolu \u00e7ekmektedir. Bu projemiz de 4 \u00e7evre yolunu viyad\u00fck ile uzatarak Yeni\u015fehri Toroslara ba\u011flay\u0131p kuzeyde yeni bir do\u011fu bat\u0131 aks\u0131 olu\u015fturarak b\u00f6ylece \u00e7evre yolu ba\u015fta olmak \u00fczere diye di\u011fer ana arterlerin trafik y\u00fck\u00fcn\u00fc hafifletece\u011fiz.&#8221;<\/p>\n<p>&#8220;G\u00d6REVE GEL\u0130R GELMEZ SU F\u0130YATLARINI \u0130ND\u0130RECE\u011e\u0130Z&#8221;<\/p>\n<p>Sosyal projeleri \u00f6nemsediklerini ve bu y\u00f6nde de projeler yapt\u0131klar\u0131n\u0131 da anlatan Soydan, emekli ve dar gelirli vatanda\u015flar ile Mersin halk\u0131na indirimli su m\u00fcjdesini de yineledi. <\/p>\n<p>Mersin&#8217;in tar\u0131m ile \u00f6ne \u00e7\u0131kt\u0131\u011f\u0131n\u0131 ve bu sekt\u00f6r\u00fcn olmazsa olmazlar\u0131 oldu\u011funun alt\u0131n\u0131 \u00e7izen Soydan, \u00fcreticinin maliyetlerini d\u00fc\u015f\u00fcrecek projeler yapt\u0131klar\u0131n\u0131, Tar\u0131m A\u015e ile bunu yak\u0131ndan takip edeceklerini anlatt\u0131.<\/p>\n<p>Diren\u00e7li kentin \u00f6nemini her yerde s\u00f6ylediklerini kaydeden Soydan, &#8220;Akdeniz ile Silifke \u0130l\u00e7e Belediyelerimizin hayata ge\u00e7irdi\u011fi konut projeleri var. Bizde yeni konut projeleri ile vatanda\u015f\u0131m\u0131z\u0131 rahatlataca\u011f\u0131z. Yine olas\u0131 bir afet durumunda halk\u0131m\u0131z\u0131n ihtiya\u00e7lar\u0131n\u0131 kar\u015f\u0131layacak alanlar kuraca\u011f\u0131z.&#8221;Diye konu\u015ftu.<\/p>\n<p>TARSUS FUAR VE KONGRE MERKEZI YAPILACAK<\/p>\n<p>Mersin&#8217;in bir di\u011fer \u00f6nemli konusu olan liman\u0131 ve lojisti\u011fine de dikkat \u00e7eken Soydan, &#8220;Lojistik kent ile ba\u011flant\u0131l\u0131 transferi sa\u011flayarak hizmet verecek bir lojistik tesis yapaca\u011f\u0131z. Tarsus Fuar ve Kongre Merkezini hayata ge\u00e7irece\u011fiz.  \u00c7ukurova Uluslararas\u0131 Havaliman\u0131n\u0131n a\u00e7\u0131lmas\u0131 ile birlikte olu\u015facak ticari ve turistik trafi\u011fin ke\u015fif noktas\u0131nda ekonomik bir cazibe merkezi olu\u015fturmak i\u00e7in i\u00e7erisinde konaklama, kongre ve fuar merkezleri bulunan modern ve uluslararas\u0131 \u00e7ok ama\u00e7l\u0131 bir tesisi in\u015fa edece\u011fiz.&#8221;Dedi<\/p>\n<p>\u00dcCRETS\u0130Z 5 YILDIZLI HALK PLAJLARI VE TUR\u0130ZM PROJELER\u0130M\u0130Z<\/p>\n<p>Turizm ve Gastronomi projelerine ayr\u0131 ba\u015fl\u0131k a\u00e7an Soydan, \u015f\u00f6yle devam etti:<\/p>\n<p>&#8220;Tarihiyle, turizminde T\u00fcrkiye&#8217;yi b\u0131rak\u0131n d\u00fcnyada parmakla g\u00f6sterilebilecek bir \u015fehir Mersin&#8230; Rekreasyon projemizle d\u00fcnyan\u0131n 8. harikas\u0131 olan Aynal\u0131 G\u00f6l Ma\u011faram\u0131z\u0131n ulusal ve uluslararas\u0131 alanda tan\u0131ml\u0131l\u0131\u011f\u0131n\u0131 artt\u0131rarak yapaca\u011f\u0131m\u0131z projelerimizde yaln\u0131zca Mersinimizin de\u011fil T\u00fcrkiye&#8217;nin en \u00f6nemli kenti olacak. Mersin&#8217;imiz i\u00e7in \u00f6nemli bir de\u011fere sahip olan Lamos Kanyonu Rekreasyon Alan\u0131 ile b\u00f6lgemize turizmi geli\u015ftirme ad\u0131na rafting, olta bal\u0131k\u00e7\u0131l\u0131\u011f\u0131, Kaya t\u0131rman\u0131\u015f\u0131, Trekking gibi spor alanlar\u0131 ve g\u00fcvenilir \u00e7evre kamp yerleri hep birlikte olu\u015fturaca\u011f\u0131z.<\/p>\n<p>Tarihi noktalar ve Y\u00f6r\u00fck G\u00f6\u00e7 Yollar\u0131n\u0131 g\u00f6rmemizi sa\u011flayan, zaman ve mekanda yolculuk yapabilece\u011fimiz, dinlenme tesislerini de i\u00e7inde bar\u0131nd\u0131ran k\u00fclt\u00fcr rotalar\u0131 olu\u015fturaca\u011f\u0131z. Bu \u00f6nemli lokasyonlarda barkod okumal\u0131 bilgilendirmelerin de yap\u0131ld\u0131\u011f\u0131, ak\u0131ll\u0131 cihazlar\u0131n rotalar\u0131 takip edebildi\u011fi projemizi kazand\u0131raca\u011f\u0131z. <\/p>\n<p>Gastronomi \u015fehri Mersin<\/p>\n<p>\u015eehrimizin hakikaten marka de\u011ferlerleri var. T\u00fcrkiye&#8217;ye ve d\u00fcnyaya tan\u0131tan bir\u00e7ok gastronomi alan\u0131nda i\u015f yapan i\u015fletmemizi ziyaret ettik ve Hakikaten talepler de oldu. L\u00fctfen bizim i\u015fletmemize de gelin, diye. Hep birlikte Mersin \u015fehrimizi marka de\u011feri yapmak ad\u0131na zengin mutfak k\u00fclt\u00fcr\u00fc ve gastronomik miraslar\u0131yla Mersinimizi bulu\u015fturaca\u011f\u0131z.&#8221;<\/p>\n<p>Mersin&#8217;in il\u00e7eleri ile birlikte kalk\u0131naca\u011f\u0131 ve her il\u00e7esi i\u00e7in ayr\u0131 ayr\u0131 projeleri oldu\u011funu s\u00f6yleyen Ba\u015fkan Serdar Soydan&#8217;\u0131n a\u00e7\u0131klad\u0131\u011f\u0131 100 projesi, salonu dolduran binlerce vatanda\u015f taraf\u0131ndan b\u00fcy\u00fck alk\u0131\u015f ald\u0131.<\/p>\n","protected":false},"excerpt":{"rendered":"<p>Ba\u015fkan Serdar Soydan, 100 Projesini kamuoyu ile payla\u015ft\u0131: &#8220;100 projemiz ve %100 belediyecilik anlay\u0131\u015f\u0131m\u0131zla harekete ge\u00e7iyoruz&#8221; Cumhur \u0130ttifak\u0131 Mersin B\u00fcy\u00fck\u015fehir Belediye Ba\u015fkan Aday\u0131 Serdar Soydan, &#8220;3 Ana Tema 9 \u0130lke, Mersin&#8217;e 100 Proje&#8221; tan\u0131t\u0131m toplant\u0131s\u0131n\u0131 yapt\u0131. Ba\u015fkan Soydan, toplant\u0131da, Mersin&#8217;in sadece 5 y\u0131l\u0131n\u0131 de\u011fil, 50 y\u0131l\u0131n\u0131 planlamay\u0131 hedeflediklerini kaydederek, &#8220;100 projemiz ve %100 belediyecilik anlay\u0131\u015f\u0131m\u0131zla [&hellip;]<\/p>\n","protected":false},"author":2,"featured_media":31248,"comment_status":"open","ping_status":"open","sticky":false,"template":"","format":"standard","meta":{"footnotes":""},"categories":[8,2,3,5,6],"tags":[],"class_list":["post-31247","post","type-post","status-publish","format-standard","has-post-thumbnail","hentry","category-ekonomi","category-gundem","category-manset","category-mersin","category-siyaset-2"],"views":3,"_links":{"self":[{"href":"https:\/\/mersinkadingazetesi.com\/index.php?rest_route=\/wp\/v2\/posts\/31247"}],"collection":[{"href":"https:\/\/mersinkadingazetesi.com\/index.php?rest_route=\/wp\/v2\/posts"}],"about":[{"href":"https:\/\/mersinkadingazetesi.com\/index.php?rest_route=\/wp\/v2\/types\/post"}],"author":[{"embeddable":true,"href":"https:\/\/mersinkadingazetesi.com\/index.php?rest_route=\/wp\/v2\/users\/2"}],"replies":[{"embeddable":true,"href":"https:\/\/mersinkadingazetesi.com\/index.php?rest_route=%2Fwp%2Fv2%2Fcomments&post=31247"}],"version-history":[{"count":0,"href":"https:\/\/mersinkadingazetesi.com\/index.php?rest_route=\/wp\/v2\/posts\/31247\/revisions"}],"wp:featuredmedia":[{"embeddable":true,"href":"https:\/\/mersinkadingazetesi.com\/index.php?rest_route=\/wp\/v2\/media\/31248"}],"wp:attachment":[{"href":"https:\/\/mersinkadingazetesi.com\/index.php?rest_route=%2Fwp%2Fv2%2Fmedia&parent=31247"}],"wp:term":[{"taxonomy":"category","embeddable":true,"href":"https:\/\/mersinkadingazetesi.com\/index.php?rest_route=%2Fwp%2Fv2%2Fcategories&post=31247"},{"taxonomy":"post_tag","embeddable":true,"href":"https:\/\/mersinkadingazetesi.com\/index.php?rest_route=%2Fwp%2Fv2%2Ftags&post=31247"}],"curies":[{"name":"wp","href":"https:\/\/api.w.org\/{rel}","templated":true}]}}