{"id":31250,"date":"2024-03-10T12:05:37","date_gmt":"2024-03-10T09:05:37","guid":{"rendered":"http:\/\/mersinkadingazetesi.com\/?p=31250"},"modified":"2024-03-10T12:05:37","modified_gmt":"2024-03-10T09:05:37","slug":"serdar-soydan-ramazan-baristir-paylasmaktir-anlamaktir","status":"publish","type":"post","link":"https:\/\/mersinkadingazetesi.com\/?p=31250","title":{"rendered":"SERDAR SOYDAN: &#8220;RAMAZAN BARI\u015eTIR, PAYLA\u015eMAKTIR, ANLAMAKTIR&#8221;"},"content":{"rendered":"<p>Serdar Soydan, T\u00fcm \u0130slam Aleminin Ramazan Ay\u0131n\u0131 tebrik etti. <\/p>\n<p>Ramazan Ay\u0131  ile ilgili bir mesaj yay\u0131nlayan Cumhur \u0130ttifak\u0131 Mersin B\u00fcy\u00fck\u015fehir Belediye Ba\u015fkan Aday\u0131 Serdar Soydan,&#8221;Bin aydan daha hay\u0131rl\u0131 olan M\u00fcbarek Ramazan Ay\u0131na kavu\u015fman\u0131n mutlulu\u011funu ya\u015f\u0131yoruz. \u0130lk teravih ile birlikte ilk oru\u00e7larda tutulacak. T\u00fcm Mersinli hem\u015ferilerimin Ramazan-\u0131 \u015eerif&#8217;ini en i\u00e7ten dileklerimle tebrik ediyor, bu m\u00fcbarek ay\u0131n \u0130slam \u00e2lemine bar\u0131\u015f, karde\u015flik ve huzur getirmesini temenni ediyorum.&#8221;Dedi. <\/p>\n<p>&#8220;B\u0130ZLERE D\u00dc\u015eEN, B\u0130RL\u0130\u011e\u0130N VE DAYANI\u015eMANIN EN G\u00dcZEL \u00d6RNEKLER\u0130N\u0130 SERG\u0130LEMEKT\u0130R.&#8221;<\/p>\n<p>Her zaman birlik ve beraberlik vurgusu yapt\u0131\u011f\u0131n\u0131 s\u00f6yleyen Serdar Soydan, \u015funlar\u0131 kaydetti: &#8220;Bu m\u00fcbarek ayda bizlere d\u00fc\u015fen g\u00f6rev, birli\u011fin ve dayan\u0131\u015fman\u0131n en g\u00fczel \u00f6rneklerini sergilemektir. Gazze&#8217;de ve d\u00fcnyan\u0131n herhangi bir yerinde zul\u00fcm g\u00f6ren M\u00fcsl\u00fcman karde\u015flerimizin ac\u0131s\u0131n\u0131n dinmesini, sava\u015flar\u0131n sona ermesini temenni ediyorum. Ramazan bar\u0131\u015ft\u0131r, berekettir, payla\u015fmakt\u0131r, anlamakt\u0131r. Sofralar\u0131n\u0131z bereketli, oru\u00e7lar\u0131n\u0131z kabul olsun.&#8221;<\/p>\n","protected":false},"excerpt":{"rendered":"<p>Serdar Soydan, T\u00fcm \u0130slam Aleminin Ramazan Ay\u0131n\u0131 tebrik etti. Ramazan Ay\u0131 ile ilgili bir mesaj yay\u0131nlayan Cumhur \u0130ttifak\u0131 Mersin B\u00fcy\u00fck\u015fehir Belediye Ba\u015fkan Aday\u0131 Serdar Soydan,&#8221;Bin aydan daha hay\u0131rl\u0131 olan M\u00fcbarek Ramazan Ay\u0131na kavu\u015fman\u0131n mutlulu\u011funu ya\u015f\u0131yoruz. \u0130lk teravih ile birlikte ilk oru\u00e7larda tutulacak. T\u00fcm Mersinli hem\u015ferilerimin Ramazan-\u0131 \u015eerif&#8217;ini en i\u00e7ten dileklerimle tebrik ediyor, bu m\u00fcbarek ay\u0131n [&hellip;]<\/p>\n","protected":false},"author":2,"featured_media":31251,"comment_status":"open","ping_status":"open","sticky":false,"template":"","format":"standard","meta":{"footnotes":""},"categories":[3],"tags":[],"class_list":["post-31250","post","type-post","status-publish","format-standard","has-post-thumbnail","hentry","category-manset"],"views":3,"_links":{"self":[{"href":"https:\/\/mersinkadingazetesi.com\/index.php?rest_route=\/wp\/v2\/posts\/31250"}],"collection":[{"href":"https:\/\/mersinkadingazetesi.com\/index.php?rest_route=\/wp\/v2\/posts"}],"about":[{"href":"https:\/\/mersinkadingazetesi.com\/index.php?rest_route=\/wp\/v2\/types\/post"}],"author":[{"embeddable":true,"href":"https:\/\/mersinkadingazetesi.com\/index.php?rest_route=\/wp\/v2\/users\/2"}],"replies":[{"embeddable":true,"href":"https:\/\/mersinkadingazetesi.com\/index.php?rest_route=%2Fwp%2Fv2%2Fcomments&post=31250"}],"version-history":[{"count":0,"href":"https:\/\/mersinkadingazetesi.com\/index.php?rest_route=\/wp\/v2\/posts\/31250\/revisions"}],"wp:featuredmedia":[{"embeddable":true,"href":"https:\/\/mersinkadingazetesi.com\/index.php?rest_route=\/wp\/v2\/media\/31251"}],"wp:attachment":[{"href":"https:\/\/mersinkadingazetesi.com\/index.php?rest_route=%2Fwp%2Fv2%2Fmedia&parent=31250"}],"wp:term":[{"taxonomy":"category","embeddable":true,"href":"https:\/\/mersinkadingazetesi.com\/index.php?rest_route=%2Fwp%2Fv2%2Fcategories&post=31250"},{"taxonomy":"post_tag","embeddable":true,"href":"https:\/\/mersinkadingazetesi.com\/index.php?rest_route=%2Fwp%2Fv2%2Ftags&post=31250"}],"curies":[{"name":"wp","href":"https:\/\/api.w.org\/{rel}","templated":true}]}}