{"id":31253,"date":"2024-03-10T12:08:00","date_gmt":"2024-03-10T09:08:00","guid":{"rendered":"http:\/\/mersinkadingazetesi.com\/?p=31253"},"modified":"2024-03-10T12:08:00","modified_gmt":"2024-03-10T09:08:00","slug":"baskan-secer-gulnar-kuskanda-coskuyla-karsilandi","status":"publish","type":"post","link":"https:\/\/mersinkadingazetesi.com\/?p=31253","title":{"rendered":"BA\u015eKAN SE\u00c7ER G\u00dcLNAR KUSKAN&#8217;DA CO\u015eKUYLA KAR\u015eILANDI"},"content":{"rendered":"<p>Mersin B\u00fcy\u00fck\u015fehir Belediye Ba\u015fkan\u0131 ve Cumhuriyet Halk Partisi (CHP) Mersin B\u00fcy\u00fck\u015fehir Belediye Ba\u015fkan Aday\u0131 Vahap Se\u00e7er, G\u00fclnar \u0130l\u00e7esi Kuskan Mahallesi&#8217;nde vatanda\u015flarla bir araya gelerek &#8216;Mahalle Toplant\u0131s\u0131&#8217; ger\u00e7ekle\u015ftirdi.<\/p>\n<p>Ba\u015fkan Se\u00e7er, &#8216;G\u00fclnar seninle gurur duyuyor&#8217; sloganlar\u0131 e\u015fli\u011finde co\u015fku ile kar\u015f\u0131land\u0131. Mahalle Toplant\u0131s\u0131&#8217;na Kuskan halk\u0131 yo\u011fun ilgi g\u00f6sterdi. G\u00fclnar Kuskan halk\u0131, B\u00fcy\u00fck\u015fehir&#8217;de Ba\u015fkan Se\u00e7er&#8217;e, G\u00fclnar&#8217;da da Bayram Ali Dede&#8217;ye desteklerini y\u00fcksek sesle dile getirdi.<\/p>\n<p>Kuskan Mahallesi&#8217;nde ger\u00e7ekle\u015ftirilen mahalle toplant\u0131s\u0131nda Mersin B\u00fcy\u00fck\u015fehir Belediye Ba\u015fkan\u0131 Vahap Se\u00e7er&#8217;e; CHP G\u00fclnar Belediye Ba\u015fkan Aday\u0131 Bayram Ali Dede, Mersin Milletvekilleri G\u00fclcan K\u0131\u015f ve Talat Din\u00e7er, Mersin \u0130l Ba\u015fkan\u0131 Koral \u00d6m\u00fcr, Gen\u00e7lik Kollar\u0131 Genel Ba\u015fkan Yard\u0131mc\u0131s\u0131 \u0130zzet K\u0131r\u0131lmaz,  Mersin \u0130l Gen\u00e7lik Kollar\u0131 Ba\u015fkan\u0131 Alk\u0131m S\u00fcmer, Mersin \u0130l Kad\u0131n Kollar\u0131 Ba\u015fkan\u0131 G\u00fcl\u015fah Y\u0131ld\u0131r\u0131m Gen\u00e7, G\u00fclnar \u0130l\u00e7e Ba\u015fkan\u0131 Mesut Bak\u0131r, Meclis \u00fcyeleri ve Meclis \u00fcyesi adaylar\u0131, il\u00e7e \u00f6rg\u00fct\u00fc y\u00f6neticileri, muhtarlar ile Kuskan halk\u0131 kat\u0131l\u0131m sa\u011flad\u0131. <\/p>\n<p>Se\u00e7er: &#8220;Bizim i\u00e7in s\u00f6z esast\u0131r&#8221;<\/p>\n<p>Bulu\u015fmada konu\u015fan Ba\u015fkan Se\u00e7er, G\u00fclnar i\u00e7in verdikleri s\u00f6zleri bir bir yerine getirdiklerini hat\u0131rlatarak, &#8220;Bizim i\u00e7in s\u00f6z esast\u0131r. Ba\u015fkanl\u0131k b\u00f6yle yap\u0131l\u0131r. Her \u015feyden \u00f6nemlisi ba\u015fkan halka g\u00fcven vermeli. Halk &#8216;Ba\u015fkan\u0131n partisine ge\u00e7mi\u015fte oy verip vermedi\u011fim \u00f6nemli de\u011fil. Bu ba\u015fkan verdi\u011fi s\u00f6z\u00fc yerine getiriyor. Kimseye yalan konu\u015fmuyor, yapt\u0131\u011f\u0131 i\u015fi d\u00fcr\u00fcst yap\u0131yor. Kimseyi ay\u0131rm\u0131yor&#8217; diye d\u00fc\u015f\u00fcnmeli&#8221; diye konu\u015ftu. Belediye ba\u015fkan\u0131n\u0131n halk\u0131n yan\u0131nda olmas\u0131 gerekti\u011fini belirten Se\u00e7er, &#8220;\u0130yi bir ba\u015fkan\u0131n a\u011fz\u0131nda kin, nefret s\u00f6ylemi, sevgisizlik, sayg\u0131s\u0131zl\u0131k olmaz. \u0130yi bir ba\u015fkan halk\u0131, \u00e7ocu\u011fu, kad\u0131n\u0131, ya\u015fl\u0131y\u0131 ihtiya\u00e7 sahibini, k\u00f6yl\u00fcy\u00fc sever. Ba\u015fkan herkesi sahiplenecek, i\u015f\u00e7iyle i\u015f\u00e7i, esnafla esnaf, \u00e7ift\u00e7iyle \u00e7ift\u00e7i olacak, herkese ula\u015facak. Belediye herkese bakacak. Bizim belediyemiz herkese bak\u0131yor ve g\u00fcc\u00fc de yetiyor&#8221; dedi.<\/p>\n<p>&#8220;Halka i\u00e7 i\u00e7e, g\u00f6n\u00fcl g\u00f6n\u00fcle olacaks\u0131n&#8221;<\/p>\n<p>G\u00fclnar&#8217;a y\u00f6nelik yat\u0131r\u0131m ve hizmetleri anlatan Se\u00e7er, il\u00e7ede yeni kurulan tar\u0131msal sulama kooperatifinin hay\u0131rl\u0131 olmas\u0131 dile\u011finde bulunarak, sulama borusu deste\u011finden faydalanabilmek i\u00e7in B\u00fcy\u00fck\u015fehir&#8217;e talepte bulunmalar\u0131n\u0131n yeterli oldu\u011funu belirtti. Her b\u00f6lgeye ihtiyac\u0131na g\u00f6re destek g\u00f6t\u00fcrd\u00fcklerini s\u00f6yleyen Se\u00e7er, G\u00fclnarl\u0131 yeti\u015ftiricilere verdikleri k\u00fc\u00e7\u00fckba\u015f hayvan deste\u011fine de\u011findi. Yeti\u015ftiricilere sadece hayvan vermediklerini kaydeden Se\u00e7er, a\u015f\u0131, ila\u00e7, yem gibi ihtiya\u00e7lar i\u00e7in de s\u00fcrekli takipte olduklar\u0131n\u0131 belirterek, &#8220;Hizmet b\u00f6yle olur. Yapt\u0131\u011f\u0131n i\u015fi takip edeceksin. Halka i\u00e7 i\u00e7e, g\u00f6n\u00fcl g\u00f6n\u00fcle olacaks\u0131n&#8221; ifadelerine yer verdi.<\/p>\n<p>&#8220;Hi\u00e7 merak etmeyin, Belediyemiz sa\u011flam ellerde&#8221;<\/p>\n<p>Ger\u00e7ekle\u015ftirilen hizmetlerin yurtta\u015flar\u0131n vergilerinden gelen paylar ile hayata ge\u00e7irildi\u011finin alt\u0131n\u0131 \u00e7izen Se\u00e7er, &#8220;Bizim kaynaklar\u0131m\u0131z sizlerin vergileridir. De\u011ferli yurtta\u015flar\u0131m; \u00f6yle tepeden y\u00fcksekten konu\u015fanlara bakmay\u0131n. Mahkeme kad\u0131ya m\u00fclk de\u011fil. Biz sizin oyunuzla g\u00f6rev yap\u0131yoruz. Siz oy veriyorsunuz, se\u00e7iyorsunuz, sonra para g\u00f6nderiyorsunuz. \u0130\u015fte b\u00fct\u00fcn bu kesintilerden geliyor bu kaynak. Kul hakk\u0131n\u0131n sorumlulu\u011fu a\u011f\u0131rd\u0131r. Bu i\u015f; de\u011ferini bilen d\u00fcr\u00fcst insanlar i\u00e7in \u00e7ok kutsal bir g\u00f6rev. 2019 y\u0131l\u0131nda sizlerin deste\u011fiyle Belediye Ba\u015fkan\u0131 oldum. Ama &#8216;Kul hakk\u0131&#8217; dendi mi biz esas duru\u015fa ge\u00e7eriz. Dinen de hukuken de insanl\u0131k olarak da. Hi\u00e7 merak etmeyin, Belediyemiz sa\u011flam ellerde&#8221; dedi.<\/p>\n<p>&#8220;\u0130kinci 5 y\u0131l \u00e7ok daha b\u00fcy\u00fck hizmetler gelecek&#8221;<\/p>\n<p>Geride kalan 5 y\u0131ll\u0131k d\u00f6nemde pandemi, deprem, ekonomik kriz gibi bir\u00e7ok zorlu d\u00f6nemi atlatt\u0131klar\u0131n\u0131 dile getiren Se\u00e7er, &#8220;Ama biz g\u00fc\u00e7l\u00fc bir belediyeyiz. \u0130kinci 5 y\u0131l \u00e7ok daha b\u00fcy\u00fck hizmetler gelecek. Bu size s\u00f6z\u00fcmd\u00fcr. Bu yapt\u0131\u011f\u0131m\u0131z hizmetlerin \u00e7ok \u00f6tesinde hizmetler olacak. \u00c7\u00fcnk\u00fc 2019&#8217;da ki gibi belediyenin hesaps\u0131z kitaps\u0131z bir kasas\u0131 yok. Borcu, harc\u0131 yok. Hesaps\u0131z kitaps\u0131z bor\u00e7lar\u0131 \u00f6demek zorunda kald\u0131k. Milyarlarca lira bor\u00e7 \u00f6dedik. O bizim cebimizde olsa size yol olarak d\u00f6nerdi. Il\u0131su 10 kere biterdi. B\u00fct\u00fcn yollar\u0131m\u0131z bir kez daha yap\u0131l\u0131rd\u0131. Daha \u00e7ok tar\u0131msal destek olurdu ama k\u00f6t\u00fc g\u00fcnler bitti. \u015eimdi \u00e7ok rahat\u0131z. Sadece G\u00fclnar&#8217;da de\u011fil, her yerde \u00e7ok daha g\u00fczel i\u015fler yapaca\u011f\u0131z.&#8221; diye konu\u015ftu.<\/p>\n<p>&#8220;5 y\u0131ll\u0131k hizmetlerinden memnun olanlar\u0131n oyunu istiyorum&#8221;<\/p>\n<p>31 Mart se\u00e7imlerinde deste\u011fini istedi\u011fi yurtta\u015flara &#8216;Ben 5 y\u0131l g\u00f6rev yapt\u0131m. Bana oy verin, size yol yapaca\u011f\u0131m. Size \u015funu yapaca\u011f\u0131m&#8217; gibi c\u00fcmleler kurmad\u0131\u011f\u0131na dikkat \u00e7eken Se\u00e7er, &#8220;5 y\u0131ld\u0131r uygulamalar\u0131m\u0131zdan memnun olanlar, bizi sevip sayanlar, &#8216;Bu ba\u015fkan bizler i\u00e7in \u00e7al\u0131\u015f\u0131yor, Mersinlileri seviyor, ayr\u0131m yapm\u0131yor, hizmetin en iyisini yap\u0131yor&#8217; dedi\u011finiz zaman oyunuza talibiz. 5 y\u0131ll\u0131k hizmetlerinden memnun olanlar\u0131n oyunu istiyorum&#8221; ifadelerini kulland\u0131.<\/p>\n<p>G\u00fclnar&#8217;da Bayram Ali Dede&#8217;nin ba\u015fkan olaca\u011f\u0131na y\u00fcrekten inand\u0131\u011f\u0131n\u0131 s\u00f6yleyen Se\u00e7er, &#8220;Bayram Ali beni yan\u0131ltmaz. Benim asla y\u00fcz\u00fcm\u00fc kara \u00e7\u0131karmayacak. E\u011fer G\u00fclnar Belediye Ba\u015fkan\u0131 olursa sizin i\u00e7in \u00e7al\u0131\u015facak, eksik kald\u0131\u011f\u0131 noktada Vahap Ba\u015fkan\u0131 yan\u0131nda. Ben karde\u015fimizin yan\u0131nda olaca\u011f\u0131m. Sizlerden destek istiyorum. Kuskan&#8217;da eksik kalan her noktada Bayram Ali Ba\u015fkan\u0131n yapaca\u011f\u0131 i\u015f ve verdi\u011fi s\u00f6z Vahap Se\u00e7er&#8217;in s\u00f6z\u00fcd\u00fcr, g\u00f6revidir ve i\u015fidir&#8221; dedi. Se\u00e7imden sonra da g\u00f6revinin ba\u015f\u0131nda olaca\u011f\u0131n\u0131 belirten Se\u00e7er, G\u00fclnar belediye ba\u015fkanl\u0131\u011f\u0131 ve meclis \u00fcyeli\u011fi se\u00e7imlerinde G\u00fclnarl\u0131lar\u0131n deste\u011fini isteyerek, G\u00fclnar halk\u0131na g\u00fcvendi\u011fini ve inand\u0131\u011f\u0131n\u0131 vurgulad\u0131.<\/p>\n<p>Dede: &#8220;Kimsenin verdi\u011fi oya ve partisine bakmadan hizmet edece\u011fiz&#8221;<\/p>\n<p>Se\u00e7er&#8217;in G\u00fclnar&#8217;a hizmetlerini esirgemedi\u011fini kaydeden CHP G\u00fclnar Belediye Ba\u015fkan Aday\u0131 Bayram Ali Dede, ge\u00e7im kayna\u011f\u0131 tar\u0131m olan G\u00fclnarl\u0131lara desteklerin daha da artaca\u011f\u0131n\u0131 kaydetti. B\u00fcy\u00fck\u015fehir Belediyesi&#8217;nde Vahap Se\u00e7er&#8217;in G\u00fclnar&#8217;da ise kendisinin ortakla\u015fa \u00e7al\u0131\u015faca\u011f\u0131n\u0131 kaydeden Dede, &#8220;Kooperatifimiz ile i\u015f birli\u011finde sizlere zeytinya\u011f\u0131 fabrikas\u0131 yapaca\u011f\u0131z. 31 Mart&#8217;ta bana, Meclis \u00dcyesi Aday\u0131 Ey\u00fcb \u0130lhan&#8217;a ve B\u00fcy\u00fck\u015fehir Belediye Ba\u015fkan\u0131m\u0131z Vahap Se\u00e7er&#8217;e verdi\u011finiz oy helaldir. Hakk\u0131n\u0131 verece\u011fiz, sizlere kesinlikle mahcup olmayaca\u011f\u0131z. Biz Hizmet \u0130ttifak\u0131&#8217;n\u0131 kuraca\u011f\u0131z. G\u00fclnar&#8217;da kimsenin siyasi partisine ve verdi\u011fi oya bakmadan hizmet edece\u011fiz&#8221; diye konu\u015ftu.<\/p>\n","protected":false},"excerpt":{"rendered":"<p>Mersin B\u00fcy\u00fck\u015fehir Belediye Ba\u015fkan\u0131 ve Cumhuriyet Halk Partisi (CHP) Mersin B\u00fcy\u00fck\u015fehir Belediye Ba\u015fkan Aday\u0131 Vahap Se\u00e7er, G\u00fclnar \u0130l\u00e7esi Kuskan Mahallesi&#8217;nde vatanda\u015flarla bir araya gelerek &#8216;Mahalle Toplant\u0131s\u0131&#8217; ger\u00e7ekle\u015ftirdi. Ba\u015fkan Se\u00e7er, &#8216;G\u00fclnar seninle gurur duyuyor&#8217; sloganlar\u0131 e\u015fli\u011finde co\u015fku ile kar\u015f\u0131land\u0131. Mahalle Toplant\u0131s\u0131&#8217;na Kuskan halk\u0131 yo\u011fun ilgi g\u00f6sterdi. G\u00fclnar Kuskan halk\u0131, B\u00fcy\u00fck\u015fehir&#8217;de Ba\u015fkan Se\u00e7er&#8217;e, G\u00fclnar&#8217;da da Bayram Ali [&hellip;]<\/p>\n","protected":false},"author":2,"featured_media":31254,"comment_status":"open","ping_status":"open","sticky":false,"template":"","format":"standard","meta":{"footnotes":""},"categories":[2,3,5],"tags":[],"class_list":["post-31253","post","type-post","status-publish","format-standard","has-post-thumbnail","hentry","category-gundem","category-manset","category-mersin"],"views":17,"_links":{"self":[{"href":"https:\/\/mersinkadingazetesi.com\/index.php?rest_route=\/wp\/v2\/posts\/31253"}],"collection":[{"href":"https:\/\/mersinkadingazetesi.com\/index.php?rest_route=\/wp\/v2\/posts"}],"about":[{"href":"https:\/\/mersinkadingazetesi.com\/index.php?rest_route=\/wp\/v2\/types\/post"}],"author":[{"embeddable":true,"href":"https:\/\/mersinkadingazetesi.com\/index.php?rest_route=\/wp\/v2\/users\/2"}],"replies":[{"embeddable":true,"href":"https:\/\/mersinkadingazetesi.com\/index.php?rest_route=%2Fwp%2Fv2%2Fcomments&post=31253"}],"version-history":[{"count":0,"href":"https:\/\/mersinkadingazetesi.com\/index.php?rest_route=\/wp\/v2\/posts\/31253\/revisions"}],"wp:featuredmedia":[{"embeddable":true,"href":"https:\/\/mersinkadingazetesi.com\/index.php?rest_route=\/wp\/v2\/media\/31254"}],"wp:attachment":[{"href":"https:\/\/mersinkadingazetesi.com\/index.php?rest_route=%2Fwp%2Fv2%2Fmedia&parent=31253"}],"wp:term":[{"taxonomy":"category","embeddable":true,"href":"https:\/\/mersinkadingazetesi.com\/index.php?rest_route=%2Fwp%2Fv2%2Fcategories&post=31253"},{"taxonomy":"post_tag","embeddable":true,"href":"https:\/\/mersinkadingazetesi.com\/index.php?rest_route=%2Fwp%2Fv2%2Ftags&post=31253"}],"curies":[{"name":"wp","href":"https:\/\/api.w.org\/{rel}","templated":true}]}}