{"id":31256,"date":"2024-03-10T12:10:59","date_gmt":"2024-03-10T09:10:59","guid":{"rendered":"http:\/\/mersinkadingazetesi.com\/?p=31256"},"modified":"2024-03-10T12:10:59","modified_gmt":"2024-03-10T09:10:59","slug":"ahmet-serkan-tuncerden-tema-vakfina-129-fidan-bagisi","status":"publish","type":"post","link":"https:\/\/mersinkadingazetesi.com\/?p=31256","title":{"rendered":"AHMET SERKAN TUNCER\u2019DEN TEMA VAKFI\u2019NA 129 F\u0130DAN BA\u011eI\u015eI"},"content":{"rendered":"<p>CHP Mezitli Belediye Ba\u015fkan Aday\u0131 Ahmet Serkan Tuncer, 8 Mart D\u00fcnya Kad\u0131nlar G\u00fcn\u00fc\u2019nde duyguland\u0131ran bir payla\u015f\u0131m yapt\u0131.<\/p>\n<p>8 Mart 1857 tarihinde ABD&#8217;nin New York kentinde 40 bin dokuma i\u015f\u00e7isi daha iyi \u00e7al\u0131\u015fma ko\u015fullar\u0131 i\u00e7in greve ba\u015flam\u0131\u015f, ard\u0131ndan polisin i\u015f\u00e7ilere sald\u0131rmas\u0131, i\u015f\u00e7ilerin fabrikaya kilitlenmesi ve sonras\u0131nda \u00e7\u0131kan yang\u0131nda 129 kad\u0131n i\u015f\u00e7i hayat\u0131n\u0131 kaybetmesi \u00fczerine \u20188 Mart Emek\u00e7i Kad\u0131nlar G\u00fcn\u00fc\u2019 ilan edilmi\u015fti. <\/p>\n<p>Bu vesileyle, hayat\u0131n\u0131 kaybeden 129 kad\u0131n\u0131 anmak i\u00e7in TEMA Vakf\u0131\u2019na tam 129 fidan ba\u011f\u0131\u015f\u0131nda bulundu\u011funu a\u00e7\u0131klayan Tuncer;<\/p>\n<p>\u201cKad\u0131nlar G\u00fcn\u00fc me\u015falesinin ilk yak\u0131ld\u0131\u011f\u0131 g\u00fcnden bu g\u00fcne kadar, hayattan kopar\u0131lm\u0131\u015f t\u00fcm kad\u0131nlar\u0131m\u0131za selam olsun. Bu Kad\u0131nlar G\u00fcn\u00fc\u2019nde fark\u0131ndal\u0131k yaratmak amac\u0131 ve \u00f6rnek te\u015fkil edebilmek ad\u0131na TEMA Vakf\u0131\u2019na hayat\u0131n\u0131 kaybetmi\u015f 129 kad\u0131n\u0131n an\u0131s\u0131na tam 129 fidan ba\u011f\u0131\u015f\u0131nda bulunduk.<\/p>\n<p>T\u00fcm kad\u0131nlar\u0131n ya\u015fam m\u00fccadelelerinin, verdikleri sava\u015f\u0131n fark\u0131nday\u0131z. Hayatlar\u0131n\u0131 kolayla\u015ft\u0131rabilmek, onlar\u0131n daha rahat ve \u00f6zg\u00fcr bir hayatta ya\u015fayabilmesi ad\u0131na verilecek t\u00fcm m\u00fccadelelerde kad\u0131nlar\u0131n yan\u0131nda saf tutaca\u011f\u0131z. <\/p>\n<p>Bu vesileyle, t\u00fcm kad\u0131nlar\u0131n 8 Mart D\u00fcnya Kad\u0131nlar G\u00fcn\u00fc\u2019n\u00fc kutluyorum. Hep birlikte, g\u00fczel yar\u0131nlara kavu\u015faca\u011f\u0131z.\u201d ifadelerini kulland\u0131.<\/p>\n","protected":false},"excerpt":{"rendered":"<p>CHP Mezitli Belediye Ba\u015fkan Aday\u0131 Ahmet Serkan Tuncer, 8 Mart D\u00fcnya Kad\u0131nlar G\u00fcn\u00fc\u2019nde duyguland\u0131ran bir payla\u015f\u0131m yapt\u0131. 8 Mart 1857 tarihinde ABD&#8217;nin New York kentinde 40 bin dokuma i\u015f\u00e7isi daha iyi \u00e7al\u0131\u015fma ko\u015fullar\u0131 i\u00e7in greve ba\u015flam\u0131\u015f, ard\u0131ndan polisin i\u015f\u00e7ilere sald\u0131rmas\u0131, i\u015f\u00e7ilerin fabrikaya kilitlenmesi ve sonras\u0131nda \u00e7\u0131kan yang\u0131nda 129 kad\u0131n i\u015f\u00e7i hayat\u0131n\u0131 kaybetmesi \u00fczerine \u20188 Mart [&hellip;]<\/p>\n","protected":false},"author":2,"featured_media":31257,"comment_status":"open","ping_status":"open","sticky":false,"template":"","format":"standard","meta":{"footnotes":""},"categories":[3],"tags":[],"class_list":["post-31256","post","type-post","status-publish","format-standard","has-post-thumbnail","hentry","category-manset"],"views":2,"_links":{"self":[{"href":"https:\/\/mersinkadingazetesi.com\/index.php?rest_route=\/wp\/v2\/posts\/31256"}],"collection":[{"href":"https:\/\/mersinkadingazetesi.com\/index.php?rest_route=\/wp\/v2\/posts"}],"about":[{"href":"https:\/\/mersinkadingazetesi.com\/index.php?rest_route=\/wp\/v2\/types\/post"}],"author":[{"embeddable":true,"href":"https:\/\/mersinkadingazetesi.com\/index.php?rest_route=\/wp\/v2\/users\/2"}],"replies":[{"embeddable":true,"href":"https:\/\/mersinkadingazetesi.com\/index.php?rest_route=%2Fwp%2Fv2%2Fcomments&post=31256"}],"version-history":[{"count":0,"href":"https:\/\/mersinkadingazetesi.com\/index.php?rest_route=\/wp\/v2\/posts\/31256\/revisions"}],"wp:featuredmedia":[{"embeddable":true,"href":"https:\/\/mersinkadingazetesi.com\/index.php?rest_route=\/wp\/v2\/media\/31257"}],"wp:attachment":[{"href":"https:\/\/mersinkadingazetesi.com\/index.php?rest_route=%2Fwp%2Fv2%2Fmedia&parent=31256"}],"wp:term":[{"taxonomy":"category","embeddable":true,"href":"https:\/\/mersinkadingazetesi.com\/index.php?rest_route=%2Fwp%2Fv2%2Fcategories&post=31256"},{"taxonomy":"post_tag","embeddable":true,"href":"https:\/\/mersinkadingazetesi.com\/index.php?rest_route=%2Fwp%2Fv2%2Ftags&post=31256"}],"curies":[{"name":"wp","href":"https:\/\/api.w.org\/{rel}","templated":true}]}}